{"id":36177,"date":"2008-05-01T00:02:36","date_gmt":"2008-05-01T00:02:36","guid":{"rendered":"http:\/\/diariodominicano.ddns.net\/?p=36177"},"modified":"2008-05-01T00:02:36","modified_gmt":"2008-05-01T00:02:36","slug":"debemos-seguir-progresando","status":"publish","type":"post","link":"https:\/\/diariodominicano.com\/?p=36177","title":{"rendered":"Debemos seguir progresando"},"content":{"rendered":"<p><body><\/p>\n<p class=\"titulogrande1\">Debemos seguir progresando<\/p>\n<p>&#13;<\/p>\n<p align=\"justify\" class=\"text1noticias\">Es importante seguir fortaleciendo nuestro marco  institucional y mejorar el desempe\u00f1o de nuestra justicia, como forma de ofrecer  mayores garantias y seguridad al sector privado<\/p>\n<p>&#13;<\/p>\n<p><strong>Por: <\/strong><span class=\"textogrande\">Ricardo Rojas Le\u00f3n<\/span> <\/p>\n<p>&#13;<\/p>\n<p align=\"justify\" class=\"text1noticias\">Rep\u00fablica Dominicana tiene el reto de consolidar, en lo que resta  de la presente d\u00e9cada, la estabilidad macroecon\u00f3mica que el pa\u00eds perdi\u00f3 en los  inicios de este milenio. <\/p>\n<p>&#13;<\/p>\n<p align=\"justify\" class=\"text1noticias\">Los dominicanos debemos seguir apostando a que nuestra  econom\u00eda continuar\u00e1 creciendo a tasas iguales o superiores al promedio de la  regi\u00f3n, o, cuando menos, mayores que el nivel de crecimiento de la poblaci\u00f3n  laboral.<br \/>&#13;<br \/>\n  <br \/>&#13;<br \/>\n  El pa\u00eds necesita fortalecer sus finanzas p\u00fablicas, para que los ingresos  fiscales le permitan al Gobierno cumplir con sus compromisos externos e  internos, realizar inversiones en obras p\u00fablicas e incrementar el gasto social. <\/p>\n<p>&#13;<\/p>\n<p align=\"justify\" class=\"text1noticias\">Esta naci\u00f3n necesita que las pol\u00edticas monetaria y fiscal  contin\u00faen generando la suficiente confianza para que se sigan incrementando las  inversiones extranjeras y locales reproductivas.<br \/>&#13;<br \/>\n  <br \/>&#13;<br \/>\n  Es importante seguir fortaleciendo nuestro marco institucional y mejorar el  desempe\u00f1o de nuestra justicia, como forma de ofrecer mayores garant\u00edas y  seguridad al sector privado.<br \/>&#13;<br \/>\n  <br \/>&#13;<br \/>\n  Se ha tornado prioritario mejorar los niveles de competitividad de nuestros  sectores productivos, para insertarnos en forma exitosa en los esquemas de  comercio de los que el pa\u00eds forma parte.<br \/>&#13;<br \/>\n  <br \/>&#13;<br \/>\n  Se impone seguir manteniendo niveles tolerables de inflaci\u00f3n, para preservar el  salario real de los dominicanos de menores ingresos.\u00a0 <br \/>&#13;<br \/>\n  <br \/>&#13;<br \/>\n  Del mismo modo, hay que mantener la estabilidad relativa del tipo de cambio,  evitando presiones indeseadas, as\u00ed como apreciaciones que saquen de competencia  a nuestros exportadores.<br \/>&#13;<br \/>\n  <br \/>&#13;<br \/>\n  Es necesario fortalecer a\u00fan m\u00e1s las reservas internacionales del Banco Central,  para que sirvan de blindaje a nuestro signo monetario, avanzando, asimismo, en  la recapitalizaci\u00f3n del \u00f3rgano emisor.<br \/>&#13;<br \/>\n  <br \/>&#13;<br \/>\n  Hay que seguir ampliando los planes sociales del Gobierno, en especial,  aquellos que se desarrollan a trav\u00e9s de la Tarjeta Solidaridad, dirigida a los  grupos m\u00e1s vulnerables y marginados.<br \/>&#13;<br \/>\n  <br \/>&#13;<br \/>\n  Debemos abocarnos en el corto plazo a una reforma constitucional que nos  convierta en un Estado Social y Democr\u00e1tico de Derecho, donde se respeten todos  los derechos fundamentales y sus garant\u00edas.<br \/>&#13;<br \/>\n  <br \/>&#13;<br \/>\n  El pa\u00eds tiene que seguir avanzado por los senderos del progreso, del  crecimiento con equidad social, y del respeto pleno de los derechos ciudadanos.<\/p>\n<p>&#13;<\/p>\n<div align=\"justify\" class=\"text1noticias\">Por eso, el pa\u00eds debe afianzar y profundizar todo lo que ha logrado desde que  logr\u00f3 superar el desastre y el caos que nos trastornaron hace apenas un lustro.  (El Caribe)<br \/>&#13;<br \/>\n  <br \/>&#13;<br \/>\n  Ricardo Rojas Le\u00f3n es abogado con especializaci\u00f3n en econom\u00eda<\/div>\n<p>&#13;<\/p>\n<h6> 2008-05-01 00:02:36 <\/h6>\n<p><!--\n<link rel=\"stylesheet\" href=\"css\/bootstrap.min.css\">\n\n\n<ul class=\"pagination\">\n\t    \n\t\n\n<li >\n\t<a href='?page_no=12065'>Previous<\/a>\n\t<\/li>\n\n\n       \n    \n\n<li><a href='?page_no=1'>1<\/a><\/li>\n\n\n\n<li><a href='?page_no=2'>2<\/a><\/li>\n\n\n\n<li><a>...<\/a><\/li>\n\n\n\n<li><a href='?page_no=12064'>12064<\/a><\/li>\n\n\n\n<li><a href='?page_no=12065'>12065<\/a><\/li>\n\n\n\n<li class='active'><a>12066<\/a><\/li>\n\n\n\n<li><a href='?page_no=12067'>12067<\/a><\/li>\n\n\n\n<li><a href='?page_no=12068'>12068<\/a><\/li>\n\n\n\n<li><a>...<\/a><\/li>\n\n\n\n<li><a href='?page_no=13611'>13611<\/a><\/li>\n\n\n\n<li><a href='?page_no=13612'>13612<\/a><\/li>\n\n    \n\t\n\n<li >\n\t<a href='?page_no=12067'>Next<\/a>\n\t<\/li>\n\n\n    \n\n<li><a href='?page_no=13612'>Last &rsaquo;&rsaquo;<\/a><\/li>\n\n<\/ul>\n\n\n--><br \/>\n<\/body><\/p>\n","protected":false},"excerpt":{"rendered":"<p>Debemos seguir progresando &#13; Es importante seguir fortaleciendo nuestro marco institucional y mejorar el desempe\u00f1o de nuestra justicia, como forma de ofrecer mayores garantias y seguridad al sector privado &#13; Por: Ricardo Rojas Le\u00f3n &#13; Rep\u00fablica Dominicana tiene el reto de consolidar, en lo que resta de la presente d\u00e9cada, la estabilidad macroecon\u00f3mica que el [&hellip;]<\/p>\n","protected":false},"author":3,"featured_media":0,"comment_status":"open","ping_status":"open","sticky":false,"template":"","format":"standard","meta":{"footnotes":""},"categories":[16],"tags":[],"class_list":["post-36177","post","type-post","status-publish","format-standard","hentry","category-opiniones"],"_links":{"self":[{"href":"https:\/\/diariodominicano.com\/index.php?rest_route=\/wp\/v2\/posts\/36177","targetHints":{"allow":["GET"]}}],"collection":[{"href":"https:\/\/diariodominicano.com\/index.php?rest_route=\/wp\/v2\/posts"}],"about":[{"href":"https:\/\/diariodominicano.com\/index.php?rest_route=\/wp\/v2\/types\/post"}],"author":[{"embeddable":true,"href":"https:\/\/diariodominicano.com\/index.php?rest_route=\/wp\/v2\/users\/3"}],"replies":[{"embeddable":true,"href":"https:\/\/diariodominicano.com\/index.php?rest_route=%2Fwp%2Fv2%2Fcomments&post=36177"}],"version-history":[{"count":0,"href":"https:\/\/diariodominicano.com\/index.php?rest_route=\/wp\/v2\/posts\/36177\/revisions"}],"wp:attachment":[{"href":"https:\/\/diariodominicano.com\/index.php?rest_route=%2Fwp%2Fv2%2Fmedia&parent=36177"}],"wp:term":[{"taxonomy":"category","embeddable":true,"href":"https:\/\/diariodominicano.com\/index.php?rest_route=%2Fwp%2Fv2%2Fcategories&post=36177"},{"taxonomy":"post_tag","embeddable":true,"href":"https:\/\/diariodominicano.com\/index.php?rest_route=%2Fwp%2Fv2%2Ftags&post=36177"}],"curies":[{"name":"wp","href":"https:\/\/api.w.org\/{rel}","templated":true}]}}