{"id":36175,"date":"2008-05-01T15:20:02","date_gmt":"2008-05-01T15:20:02","guid":{"rendered":"http:\/\/diariodominicano.ddns.net\/?p=36175"},"modified":"2008-05-01T15:20:02","modified_gmt":"2008-05-01T15:20:02","slug":"el-tiro-rapido-253","status":"publish","type":"post","link":"https:\/\/diariodominicano.com\/?p=36175","title":{"rendered":"EL TIRO R\u00c1PIDO"},"content":{"rendered":"<p><body><\/p>\n<p><span class=\"titulogrande1\">EL TIRO R\u00c1PIDO<\/span><br \/>&#13;<br \/>\n  <br \/>&#13;<br \/>\n    <strong>de<\/strong><br \/>&#13;<br \/>\n    <br \/>&#13;<br \/>\n    <strong class=\"textogrande\">Mario  Rivadulla<\/strong><\/p>\n<p>&#13;<\/p>\n<p align=\"justify\" class=\"text1noticias\">El tema viene aire\u00e0ndose desde hace mucho tiempo.\u00a0 Y en estos d\u00ecas lo trajo a debate nuevamente  el destacado economista Miguel Ceara Hatton al plantear que el crecimiento  econ\u00f2mico no se ha traducido en una aut\u00e8ntica mejor\u00eca en la calidad de vida de  muchos dominicanos.<\/p>\n<p>&#13;<\/p>\n<p align=\"justify\" class=\"text1noticias\">Ahora se suma a su enfoque una investigaci\u00f2n llevada a  cabo por el Centro de Estudios de G\u00e8nero del prestigioso Instituto Tecnol\u00f2gico  de Santo Domingo que se focaliza en la misma direcci\u00f2n, y arriba a parecidas  conclusiones.<\/p>\n<p>&#13;<\/p>\n<p align=\"justify\" class=\"text1noticias\">Sin dudas uno de los m\u00e0s  importantes logros de la actual administraci\u00f2n es haber mantenido por un lado,  la estabilidad macroen\u00f2mica y la relaci\u00f2n peso a d\u00f2lar.\u00a0 Otro,\u00a0  de no menor significaci\u00f2n,\u00a0 es el  crecimiento sostenido de nuestra econom\u00eca que ha promediado en estos \u00f9ltimos  tres a\u00f1os, alrededor de un 8 porciento. <\/p>\n<p>&#13;<\/p>\n<p align=\"justify\" class=\"text1noticias\">Ahora bien&#8230;\u00bfhasta d\u00f2nde esa  estabilidad y ese crecimiento, sin dudas elementos indispensables para una  econom\u00eca sana y en progreso,\u00a0 se ha  reflejado en las capas m\u00e0s bajas de la poblaci\u00f2n?<\/p>\n<p>&#13;<\/p>\n<p align=\"justify\" class=\"text1noticias\">El problema no es tanto de  n\u00f9meros y de estad\u00ecsticas como de real percepci\u00f2n de la gente.\u00a0 Cuando el presente gobierno asumi\u00f2 el poder,  el n\u00f9mero de personas que estaban viviendo en la franja de la pobreza o por  debajo de \u00e8sta,\u00a0 se cifraba en unos 3  millones y medio.\u00a0 Desde entonces a la  fecha se estima que\u00a0 su n\u00f9mero pudiera  haberse reducido en un mill\u00f2n.\u00a0 Aceptando  esta cifra como v\u00e0lida, todav\u00eca tendriamos m\u00e0s de una cuarta parte de la  poblaci\u00f2n sumida en condiciones muy marginales, si no miseriosas de vida.<\/p>\n<p>&#13;<\/p>\n<p align=\"justify\" class=\"text1noticias\">Cierto que los gobiernos, en  mayor o menor medida, han implementado programas de asistencia social para  tratar de aliviar la pesada carga que representa la pobreza sostenida. En el  presente, esa ayuda se ha incrementado.\u00a0  Pero aparte de su car\u00e1cter coyuntural, como bien establece el estudio de  INTEC,\u00a0 esa acci\u00f2n es vista por muchos  m\u00e0s como un acto de caridad o inclusive una acci\u00f2n partidaria, que como  obligaci\u00f2n del Estado.\u00a0 <\/p>\n<p>&#13;<\/p>\n<p align=\"justify\" class=\"text1noticias\">M\u00e0s que sabido que la \u00f9nica  efectiva forma de combatir la pobreza es mediante la creaci\u00f2n de empleos.\u00a0 El ofrecer al ciudadano la oportunidad de  emplear su fuerza de trabajo, ya sea desarrollando una actividad por cuenta  propia, ya recibiendo un salario a cambio de la misma que le permita subvenir  sus necesidades personales y familiares.<\/p>\n<p>&#13;<\/p>\n<p align=\"justify\" class=\"text1noticias\">En nuestro pa\u00ecs todav\u00eca el  \u00ecndice de desempleo es muy elevado.\u00a0 El  estudio de INTEC inclusive los compara con el prevaleciente para el a\u00f1o 2001,  es decir cuando a\u00f9n el pa\u00ecs no hab\u00eca entrado en el agudo per\u00ecodo de crisis que  nos afect\u00f2 los a\u00f1os 2003 y 2004 y que increment\u00f2 el nivel de desocupaci\u00f2n  laboral.\u00a0\u00a0 Quiz\u00e0s el n\u00f9mero no resulte  del todo exacto.\u00a0 Pero desempleados de  m\u00e0s o de menos,\u00a0 su n\u00f9mero todav\u00eca viene  a ser muy signicativo.<\/p>\n<p>&#13;<\/p>\n<p align=\"justify\" class=\"text1noticias\">Reclamar soluciones a corto  plazo para acabar con el desempleo ser\u00eca ilusorio.\u00a0 Prometerlo, casi una burla, jugar con la  buena fe de quienes integran el nutrido contingente de los sin trabajo.\u00a0 Ni se pueden crear miles de plazas de la  noche a la ma\u00f1ana en condiciones normales, ni mucho menos ahora que estamos  bajo circunstancias adversas muy especiales.<\/p>\n<p>&#13;<\/p>\n<p align=\"justify\" class=\"text1noticias\">Sin embargo, es evidente que de  una u otra forma, el gobierno que emerja de las urnas tendr\u00e0 que tomar medidas  encaminadas a aliviar la pobreza y estimular el empleo.\u00a0 Aparte de la extensi\u00f2n de los programas  sociales de asistencia a los marginados, uno de los posibles mecanismos para  lograrlo ser\u00eca el fomento y apoyo a la micro, peque\u00f1a y mediana empresas que  han demostrado su capacidad para ocupar una gran cantidad de mano de obra, a  diferencia de los grandes emporios que por lo general utilizan tecnolog\u00eca de  punta, y por consiguiente, menos personal.<\/p>\n<p>&#13;<\/p>\n<p align=\"justify\" class=\"text1noticias\">En estos d\u00ecas precisamente, la  Tesorer\u00eca de la Seguridad Social, al dar a luz el informe sobre el  comportamiento de sus recaudaciones en el primer trimestre del presente a\u00f1o,  revel\u00f2 un dato interesante.\u00a0 <br \/>&#13;<br \/>\n  <br \/>&#13;<br \/>\nEs que m\u00e0s  del 80 porciento de las empresas cotizantes est\u00e0n en el rango de las micro,  peque\u00f1as y medianas. <\/p>\n<p>&#13;<\/p>\n<p align=\"justify\" class=\"text1noticias\">Siendo as\u00ec, hay que preguntarse  \u00bfpor qu\u00e8 a estas alturas todav\u00eca est\u00e0 dando vueltas en el Congreso el proyecto  de ley que normar\u00eca y contribuir\u00eca al desarrollo de las mismas?\u00a0 \u00bfNo deber\u00eca declararse de urgencia su  conocimiento,discusi\u00f2n y aprobaci\u00f2n?<\/p>\n<p>&#13;<\/p>\n<p align=\"justify\" class=\"text1noticias\">Los se\u00f1ores congresistas tienen  la palabra.<\/p>\n<p>&#13;<\/p>\n<h6> 2008-05-01 15:20:02 <\/h6>\n<p><!--\n<link rel=\"stylesheet\" href=\"css\/bootstrap.min.css\">\n\n\n<ul class=\"pagination\">\n\t    \n\t\n\n<li >\n\t<a href='?page_no=12063'>Previous<\/a>\n\t<\/li>\n\n\n       \n    \n\n<li><a href='?page_no=1'>1<\/a><\/li>\n\n\n\n<li><a href='?page_no=2'>2<\/a><\/li>\n\n\n\n<li><a>...<\/a><\/li>\n\n\n\n<li><a href='?page_no=12062'>12062<\/a><\/li>\n\n\n\n<li><a href='?page_no=12063'>12063<\/a><\/li>\n\n\n\n<li class='active'><a>12064<\/a><\/li>\n\n\n\n<li><a href='?page_no=12065'>12065<\/a><\/li>\n\n\n\n<li><a href='?page_no=12066'>12066<\/a><\/li>\n\n\n\n<li><a>...<\/a><\/li>\n\n\n\n<li><a href='?page_no=13611'>13611<\/a><\/li>\n\n\n\n<li><a href='?page_no=13612'>13612<\/a><\/li>\n\n    \n\t\n\n<li >\n\t<a href='?page_no=12065'>Next<\/a>\n\t<\/li>\n\n\n    \n\n<li><a href='?page_no=13612'>Last &rsaquo;&rsaquo;<\/a><\/li>\n\n<\/ul>\n\n\n--><br \/>\n<\/body><\/p>\n","protected":false},"excerpt":{"rendered":"<p>EL TIRO R\u00c1PIDO&#13; &#13; de&#13; &#13; Mario Rivadulla &#13; El tema viene aire\u00e0ndose desde hace mucho tiempo.\u00a0 Y en estos d\u00ecas lo trajo a debate nuevamente el destacado economista Miguel Ceara Hatton al plantear que el crecimiento econ\u00f2mico no se ha traducido en una aut\u00e8ntica mejor\u00eca en la calidad de vida de muchos dominicanos. &#13; [&hellip;]<\/p>\n","protected":false},"author":3,"featured_media":0,"comment_status":"open","ping_status":"open","sticky":false,"template":"","format":"standard","meta":{"footnotes":""},"categories":[16],"tags":[],"class_list":["post-36175","post","type-post","status-publish","format-standard","hentry","category-opiniones"],"_links":{"self":[{"href":"https:\/\/diariodominicano.com\/index.php?rest_route=\/wp\/v2\/posts\/36175","targetHints":{"allow":["GET"]}}],"collection":[{"href":"https:\/\/diariodominicano.com\/index.php?rest_route=\/wp\/v2\/posts"}],"about":[{"href":"https:\/\/diariodominicano.com\/index.php?rest_route=\/wp\/v2\/types\/post"}],"author":[{"embeddable":true,"href":"https:\/\/diariodominicano.com\/index.php?rest_route=\/wp\/v2\/users\/3"}],"replies":[{"embeddable":true,"href":"https:\/\/diariodominicano.com\/index.php?rest_route=%2Fwp%2Fv2%2Fcomments&post=36175"}],"version-history":[{"count":0,"href":"https:\/\/diariodominicano.com\/index.php?rest_route=\/wp\/v2\/posts\/36175\/revisions"}],"wp:attachment":[{"href":"https:\/\/diariodominicano.com\/index.php?rest_route=%2Fwp%2Fv2%2Fmedia&parent=36175"}],"wp:term":[{"taxonomy":"category","embeddable":true,"href":"https:\/\/diariodominicano.com\/index.php?rest_route=%2Fwp%2Fv2%2Fcategories&post=36175"},{"taxonomy":"post_tag","embeddable":true,"href":"https:\/\/diariodominicano.com\/index.php?rest_route=%2Fwp%2Fv2%2Ftags&post=36175"}],"curies":[{"name":"wp","href":"https:\/\/api.w.org\/{rel}","templated":true}]}}