{"id":36173,"date":"2008-05-01T19:24:45","date_gmt":"2008-05-01T19:24:45","guid":{"rendered":"http:\/\/diariodominicano.ddns.net\/?p=36173"},"modified":"2008-05-01T19:24:45","modified_gmt":"2008-05-01T19:24:45","slug":"miguel-vargas-el-candidato-del-consenso","status":"publish","type":"post","link":"https:\/\/diariodominicano.com\/?p=36173","title":{"rendered":"Miguel Vargas: El Candidato del Consenso"},"content":{"rendered":"<p><body><\/p>\n<p class=\"titulogrande1\"><strong>Miguel Vargas: El  Candidato del Consenso<\/strong><\/p>\n<p>&#13;<\/p>\n<p align=\"justify\" class=\"text1noticias\">Las fuerzas  pol\u00edticas que est\u00e1n compitiendo en el escenario electoral arriban al final de  este proceso con una definici\u00f3n clara de cu\u00e1l es la correlaci\u00f3n de fuerzas  prevalecientes en el mismo, y cu\u00e1l es el candidato puntero para ganar estas  elecciones. Apoyado en esta realidad que hoy vive el pa\u00eds todas las fuerzas  pol\u00edticas grandes o menos grandes deben tomar conciencia de que lo que mas  conviene a la naci\u00f3n es que le evitemos una segunda vuelta electoral. <\/p>\n<p>&#13;<\/p>\n<p align=\"justify\" class=\"text1noticias\">Entre las  fuerzas pol\u00edticas que conforman la oposici\u00f3n encontramos que hay muchos  partidos que no tienen posibilidad, de forma individual, de jugar un rol protag\u00f3nico  en este proceso electoral, sin embargo estas fuerzas aglutinan cantidades  importantes de votos, seg\u00fan sea su incidencia y presencia en la sociedad. Por  eso, aunque Miguel Vargas es el candidato de consenso, tanto para la primera  como para una eventual segunda ronda electoral las fuerzas pol\u00edticas de  oposici\u00f3n deben estar conscientes que lo que m\u00e1s conviene al pa\u00eds es que con su  apoyo pongamos fin al gobierno y a la reelecci\u00f3n en la primera vuelta.\u00a0\u00a0\u00a0 <\/p>\n<p>&#13;<\/p>\n<p align=\"justify\" class=\"text1noticias\">Estas  fuerzas pol\u00edticas, aunque est\u00e1n llamadas a jugar un papel decisivo en este  proceso electoral, tanto en la suma de votos a una candidatura mejor posicionada,  como en la conformaci\u00f3n del pr\u00f3ximo gobierno, una vez su aliado principal  llegue a \u00e9ste, ello s\u00f3lo es posible si se toma conciencia de que al pa\u00eds le  conviene evitar una segunda vuelta electoral con su secuela de efectos  negativos para la sociedad y el electorado. <br \/>&#13;<br \/>\n  <br \/>&#13;<br \/>\nUna decisi\u00f3n inteligente para  evitarle una segunda vuelta electoral al pa\u00eds es que esas fuerzas apoyen al  candidato que esta haciendo las mejores propuestas de gobierno al pa\u00eds y es  adem\u00e1s la candidatura mejor posicionada de cara a las pr\u00f3ximas elecciones. Esa  candidatura la representa el Ing. Miguel Vargas.<\/p>\n<p>&#13;<\/p>\n<p align=\"justify\" class=\"text1noticias\">El  crecimiento de la candidatura del Ing. Miguel Vargas en los \u00faltimos meses ha  tumbado la estrategia del gobierno y la reelecci\u00f3n de publicar y promocionar  encuestas\u00a0 por los medios de comunicaci\u00f3n  para decir que est\u00e1n ganados, cuando el pa\u00eds esta consciente de que su posici\u00f3n  en este proceso es el segundo lugar, detr\u00e1s de la candidatura del Ingeniero  Miguel Vargas, que lo aventaja con un 7% en una de las encuestas m\u00e1s confiable  que realiza una instituci\u00f3n extranjera privada que hace vida en el pa\u00eds. <\/p>\n<p>&#13;<\/p>\n<p align=\"justify\" class=\"text1noticias\">Adem\u00e1s  muchas encuestas internas de los diferentes partidos ubican entre un 45% y 46%  la candidatura del Ing. Miguel Vargas, en cambio ubican en 37 y 38 % al  candidato de la reelecci\u00f3n. Los sondeos de opini\u00f3n que se han realizado en el  gobierno de la Z-101  vienen a demostrarle al pa\u00eds cu\u00e1l es la triste realidad electoral que esta  viviendo la reelecci\u00f3n. Adem\u00e1s los desbordamientos de gente que se han  producido en todas las regiones y provincias del pa\u00eds en apoyo a la candidatura  del Ing. Vargas en estas \u00faltimas semanas, vienen a demostrar que los d\u00edas de la  reelecci\u00f3n est\u00e1n contados. Por eso, el paso al poder del Ing. Vargas es una  realidad que el gobierno y la reelecci\u00f3n deben ir aceptando.<\/p>\n<p>&#13;<\/p>\n<p align=\"justify\" class=\"text1noticias\">El Ing.  Miguel Vargas ha venido haciendo acuerdo con diferentes instituciones y  sectores sociales\u00a0 en la b\u00fasqueda de  evitarle al pa\u00eds una segunda vuelta electoral, ya que aunque todas las  encuestas internas\u00a0 lo dan como el  candidato que m\u00e1s ha crecido en este proceso, sin embargo \u00e9l esta consciente  que entre mayor sea la posibilidad de evitar una segunda vuelta, ello  contribuye a que su nuevo gobierno tenga el tiempo suficiente para preparar la  transici\u00f3n y escoger un gabinete de gobierno equilibrado, por eso su  inclinaci\u00f3n en sumar el mayor abanico de fuerzas sociales, pol\u00edticas y  econ\u00f3micas a su candidatura para\u00a0 ganar  en primera vuelta.<\/p>\n<p>&#13;<\/p>\n<p align=\"justify\" class=\"text1noticias\">El Ing.  Miguel Vargas se ha convertido en el candidato de consenso\u00a0 porque ante la ca\u00edda \u00a0estrepitosa del candidato de la reelecci\u00f3n en  el apoyo de la gente a esa candidatura, el Ing.\u00a0  Vargas y su candidatura han seguido un crecimiento continuo, que lo  ubica en el primer lugar de la preferencia del voto en este momento.<\/p>\n<p>&#13;<\/p>\n<p align=\"justify\" class=\"text1noticias\">La  candidatura de consenso que representa Miguel Vargas se ve fortalecida por la  incapacidad que se advierte en el gobierno para manejar la crisis en los  precios de los productos de primera necesidad, que sumada a la crisis moral,  econ\u00f3mica y a la violencia que registra el pa\u00eds en todos sus estamentos son  razones m\u00e1s que suficientes para saber el porqu\u00e9 de la fortaleza que exhibe la  candidatura de Miguel Vargas y que lo esta catapultando para ganar en una  primera vuelta. <\/p>\n<p>&#13;<\/p>\n<p align=\"justify\" class=\"text1noticias\">La proyecci\u00f3n  de la candidatura del Ing. Miguel Vargas es que de continuar su crecimiento,  como hasta ahora, \u00e9sta puede pasar en una primera vuelta, hasta de manera  individual, esta realidad electoral la asegurar\u00eda m\u00e1s el pa\u00eds\u00a0 si las fuerzas pol\u00edticas que no tienen  posibilidad de ganar de manera individual, apoyan en la primera vuelta su  candidatura y de paso pasan a formar parte protag\u00f3nica del nuevo gobierno que  encabezara el Ing. Miguel Vargas,\u00a0 a  partir del 16 de Agosto del a\u00f1o 2008.<\/p>\n<p>&#13;<\/p>\n<p align=\"justify\" class=\"text1noticias\">Evelio  Arroyo es Soci\u00f3logo, Abogado y Escritor. Es, adem\u00e1s, Director Nacional de  Comunicaciones y Estrategias del Movimiento en L\u00ednea con Miguel, que preside el  Dr. Francisco Fern\u00e1ndez <\/p>\n<p>&#13;<\/p>\n<h6> 2008-05-01 19:24:45 <\/h6>\n<p><!--\n<link rel=\"stylesheet\" href=\"css\/bootstrap.min.css\">\n\n\n<ul class=\"pagination\">\n\t    \n\t\n\n<li >\n\t<a href='?page_no=12061'>Previous<\/a>\n\t<\/li>\n\n\n       \n    \n\n<li><a href='?page_no=1'>1<\/a><\/li>\n\n\n\n<li><a href='?page_no=2'>2<\/a><\/li>\n\n\n\n<li><a>...<\/a><\/li>\n\n\n\n<li><a href='?page_no=12060'>12060<\/a><\/li>\n\n\n\n<li><a href='?page_no=12061'>12061<\/a><\/li>\n\n\n\n<li class='active'><a>12062<\/a><\/li>\n\n\n\n<li><a href='?page_no=12063'>12063<\/a><\/li>\n\n\n\n<li><a href='?page_no=12064'>12064<\/a><\/li>\n\n\n\n<li><a>...<\/a><\/li>\n\n\n\n<li><a href='?page_no=13611'>13611<\/a><\/li>\n\n\n\n<li><a href='?page_no=13612'>13612<\/a><\/li>\n\n    \n\t\n\n<li >\n\t<a href='?page_no=12063'>Next<\/a>\n\t<\/li>\n\n\n    \n\n<li><a href='?page_no=13612'>Last &rsaquo;&rsaquo;<\/a><\/li>\n\n<\/ul>\n\n\n--><br \/>\n<\/body><\/p>\n","protected":false},"excerpt":{"rendered":"<p>Miguel Vargas: El Candidato del Consenso &#13; Las fuerzas pol\u00edticas que est\u00e1n compitiendo en el escenario electoral arriban al final de este proceso con una definici\u00f3n clara de cu\u00e1l es la correlaci\u00f3n de fuerzas prevalecientes en el mismo, y cu\u00e1l es el candidato puntero para ganar estas elecciones. Apoyado en esta realidad que hoy vive [&hellip;]<\/p>\n","protected":false},"author":3,"featured_media":0,"comment_status":"open","ping_status":"open","sticky":false,"template":"","format":"standard","meta":{"footnotes":""},"categories":[16],"tags":[],"class_list":["post-36173","post","type-post","status-publish","format-standard","hentry","category-opiniones"],"_links":{"self":[{"href":"https:\/\/diariodominicano.com\/index.php?rest_route=\/wp\/v2\/posts\/36173","targetHints":{"allow":["GET"]}}],"collection":[{"href":"https:\/\/diariodominicano.com\/index.php?rest_route=\/wp\/v2\/posts"}],"about":[{"href":"https:\/\/diariodominicano.com\/index.php?rest_route=\/wp\/v2\/types\/post"}],"author":[{"embeddable":true,"href":"https:\/\/diariodominicano.com\/index.php?rest_route=\/wp\/v2\/users\/3"}],"replies":[{"embeddable":true,"href":"https:\/\/diariodominicano.com\/index.php?rest_route=%2Fwp%2Fv2%2Fcomments&post=36173"}],"version-history":[{"count":0,"href":"https:\/\/diariodominicano.com\/index.php?rest_route=\/wp\/v2\/posts\/36173\/revisions"}],"wp:attachment":[{"href":"https:\/\/diariodominicano.com\/index.php?rest_route=%2Fwp%2Fv2%2Fmedia&parent=36173"}],"wp:term":[{"taxonomy":"category","embeddable":true,"href":"https:\/\/diariodominicano.com\/index.php?rest_route=%2Fwp%2Fv2%2Fcategories&post=36173"},{"taxonomy":"post_tag","embeddable":true,"href":"https:\/\/diariodominicano.com\/index.php?rest_route=%2Fwp%2Fv2%2Ftags&post=36173"}],"curies":[{"name":"wp","href":"https:\/\/api.w.org\/{rel}","templated":true}]}}