{"id":36171,"date":"2008-05-02T18:52:24","date_gmt":"2008-05-02T18:52:24","guid":{"rendered":"http:\/\/diariodominicano.ddns.net\/?p=36171"},"modified":"2008-05-02T18:52:24","modified_gmt":"2008-05-02T18:52:24","slug":"reflexiones-del-companero-fidel-para-cubadebate","status":"publish","type":"post","link":"https:\/\/diariodominicano.com\/?p=36171","title":{"rendered":"Reflexiones del compa\u00f1ero Fidel para CubaDebate"},"content":{"rendered":"<p><body><\/p>\n<p align=\"justify\"><strong class=\"titulogrande1\">Reflexiones  del compa\u00f1ero Fidel para CubaDebate<\/strong><br \/>&#13;<br \/>\n  <br \/>&#13;<br \/>\n    <strong>Una  prueba de fuego <\/strong><br \/>&#13;<br \/>\n    <br \/>&#13;<br \/>\n    <span class=\"text1noticias\">Mientras nuestro  pueblo el 1ro. de Mayo, D\u00eda de los Trabajadores, disfruta con j\u00fabilo el a\u00f1o en  que se cumplir\u00e1 medio siglo del triunfo de la Revoluci\u00f3n y el setenta  aniversario de la creaci\u00f3n de la CTC, a la hermana Rep\u00fablica de Bolivia,  consagrada a preservar la salud, educar y garantizar la seguridad de su pueblo,  le faltan d\u00edas, o tal vez horas, para sufrir acontecimientos dram\u00e1ticos.<br \/>&#13;<br \/>\n    <br \/>&#13;<br \/>\n    Cuando de todas  partes del mundo llegan noticias escalofriantes sobre la escasez y costo de los  alimentos, precio de la energ\u00eda, cambios clim\u00e1ticos e inflaci\u00f3n, problemas que  por primera vez se presentan al un\u00edsono como cuestiones vitales, el  imperialismo se empe\u00f1a en desintegrar a Bolivia y someterla a trabajo  enajenante y hambre.<br \/>&#13;<br \/>\n    <br \/>&#13;<br \/>\n    En ese pa\u00eds, con los  oligarcas de Santa Cruz a la vanguardia, cuatro de sus departamentos de los m\u00e1s  fuertes econ\u00f3micamente, aspiran a declararse independientes y han proyectado,  con el apoyo del imperio, su programa de consultas populares, en las que los  medios masivos han preparado el terreno y la opini\u00f3n de los votantes con todo  tipo de ilusiones y enga\u00f1os.<br \/>&#13;<br \/>\n    <br \/>&#13;<br \/>\n    Las Fuerzas Armadas,  en virtud de sus funciones hist\u00f3ricas en un pa\u00eds agredido y despojado del mar y  otros recursos vitales, no desean la desintegraci\u00f3n de Bolivia; pero el plan  yanqui, p\u00e9rfidamente concebido, es utilizar algunos sectores militares  antipatriotas para librarse de Evo en aras de la unidad, algo que al apropiarse  las transnacionales de las ramas productivas b\u00e1sicas, ser\u00eda meramente formal.  La consigna del imperialismo es castigar y deshacerse de Evo.<br \/>&#13;<br \/>\n    <br \/>&#13;<br \/>\n    Es el momento de la  denuncia y la verdad.<br \/>&#13;<br \/>\n    <br \/>&#13;<br \/>\n    Por no prever y  meditar sobre los factores que conduc\u00edan a una profunda crisis internacional,  \u00a1s\u00e1lvese quien pueda! parece ser el grito que se escucha en muchas partes del  mundo.<br \/>&#13;<br \/>\n    <br \/>&#13;<br \/>\n    Para los pueblos y  gobiernos de Am\u00e9rica Latina ser\u00e1 una prueba de fuego. Para nuestros m\u00e9dicos y  educadores, cualquier cosa que ocurra en el pa\u00eds donde desempe\u00f1an su noble y  pac\u00edfico trabajo, tambi\u00e9n lo ser\u00e1. Ellos, ante situaciones de peligro, no  abandonar\u00e1n a sus pacientes y alumnos.<br \/>&#13;<br \/>\n    <br \/>&#13;<br \/>\n    Fidel Castro Ruz<br \/>&#13;<br \/>\n    <br \/>&#13;<br \/>\n    Abril 30 de 2008<br \/>&#13;<br \/>\n    <br \/>&#13;<br \/>\n9 y 50 p.m.<\/span><\/p>\n<p>&#13;<\/p>\n<h6> 2008-05-02 18:52:24 <\/h6>\n<p><!--\n<link rel=\"stylesheet\" href=\"css\/bootstrap.min.css\">\n\n\n<ul class=\"pagination\">\n\t    \n\t\n\n<li >\n\t<a href='?page_no=12059'>Previous<\/a>\n\t<\/li>\n\n\n       \n    \n\n<li><a href='?page_no=1'>1<\/a><\/li>\n\n\n\n<li><a href='?page_no=2'>2<\/a><\/li>\n\n\n\n<li><a>...<\/a><\/li>\n\n\n\n<li><a href='?page_no=12058'>12058<\/a><\/li>\n\n\n\n<li><a href='?page_no=12059'>12059<\/a><\/li>\n\n\n\n<li class='active'><a>12060<\/a><\/li>\n\n\n\n<li><a href='?page_no=12061'>12061<\/a><\/li>\n\n\n\n<li><a href='?page_no=12062'>12062<\/a><\/li>\n\n\n\n<li><a>...<\/a><\/li>\n\n\n\n<li><a href='?page_no=13611'>13611<\/a><\/li>\n\n\n\n<li><a href='?page_no=13612'>13612<\/a><\/li>\n\n    \n\t\n\n<li >\n\t<a href='?page_no=12061'>Next<\/a>\n\t<\/li>\n\n\n    \n\n<li><a href='?page_no=13612'>Last &rsaquo;&rsaquo;<\/a><\/li>\n\n<\/ul>\n\n\n--><br \/>\n<\/body><\/p>\n","protected":false},"excerpt":{"rendered":"<p>Reflexiones del compa\u00f1ero Fidel para CubaDebate&#13; &#13; Una prueba de fuego &#13; &#13; Mientras nuestro pueblo el 1ro. de Mayo, D\u00eda de los Trabajadores, disfruta con j\u00fabilo el a\u00f1o en que se cumplir\u00e1 medio siglo del triunfo de la Revoluci\u00f3n y el setenta aniversario de la creaci\u00f3n de la CTC, a la hermana Rep\u00fablica de [&hellip;]<\/p>\n","protected":false},"author":3,"featured_media":0,"comment_status":"open","ping_status":"open","sticky":false,"template":"","format":"standard","meta":{"footnotes":""},"categories":[16],"tags":[],"class_list":["post-36171","post","type-post","status-publish","format-standard","hentry","category-opiniones"],"_links":{"self":[{"href":"https:\/\/diariodominicano.com\/index.php?rest_route=\/wp\/v2\/posts\/36171","targetHints":{"allow":["GET"]}}],"collection":[{"href":"https:\/\/diariodominicano.com\/index.php?rest_route=\/wp\/v2\/posts"}],"about":[{"href":"https:\/\/diariodominicano.com\/index.php?rest_route=\/wp\/v2\/types\/post"}],"author":[{"embeddable":true,"href":"https:\/\/diariodominicano.com\/index.php?rest_route=\/wp\/v2\/users\/3"}],"replies":[{"embeddable":true,"href":"https:\/\/diariodominicano.com\/index.php?rest_route=%2Fwp%2Fv2%2Fcomments&post=36171"}],"version-history":[{"count":0,"href":"https:\/\/diariodominicano.com\/index.php?rest_route=\/wp\/v2\/posts\/36171\/revisions"}],"wp:attachment":[{"href":"https:\/\/diariodominicano.com\/index.php?rest_route=%2Fwp%2Fv2%2Fmedia&parent=36171"}],"wp:term":[{"taxonomy":"category","embeddable":true,"href":"https:\/\/diariodominicano.com\/index.php?rest_route=%2Fwp%2Fv2%2Fcategories&post=36171"},{"taxonomy":"post_tag","embeddable":true,"href":"https:\/\/diariodominicano.com\/index.php?rest_route=%2Fwp%2Fv2%2Ftags&post=36171"}],"curies":[{"name":"wp","href":"https:\/\/api.w.org\/{rel}","templated":true}]}}