{"id":36168,"date":"2008-05-06T01:37:24","date_gmt":"2008-05-06T01:37:24","guid":{"rendered":"http:\/\/diariodominicano.ddns.net\/?p=36168"},"modified":"2008-05-06T01:37:24","modified_gmt":"2008-05-06T01:37:24","slug":"el-sentido-de-la-distancia-y-la-vanidad-en-el-lider-politico-2","status":"publish","type":"post","link":"https:\/\/diariodominicano.com\/?p=36168","title":{"rendered":"El Sentido de la Distancia y la Vanidad en el L\u00edder Pol\u00edtico"},"content":{"rendered":"<p><body><\/p>\n<p class=\"titulogrande1\"><strong> El Sentido de la Distancia y la Vanidad en el L\u00edder Pol\u00edtico<\/strong><\/p>\n<p>&#13;<\/p>\n<p align=\"justify\" class=\"text1noticias\">El l\u00edder, por medio del ejercicio de la  acci\u00f3n pol\u00edtica, debe buscar, desde el punto de vista formal, varios objetivos.  Entre esos objetivos \u00e9ste debe de tener conciencia de que la influencia sobre  la gente es una condici\u00f3n necesaria de todo l\u00edder. Debe participar del poder  que da el puesto de mando pol\u00edtico. El l\u00edder debe visualizar los v\u00ednculos que  tiene la pol\u00edtica con la historia. Debe por todos los medios de trascender lo  cotidiano.<\/p>\n<p>&#13;<\/p>\n<p align=\"justify\" class=\"text1noticias\">La carrera pol\u00edtica puede brindar  satisfacci\u00f3n al l\u00edder, ya que proporciona, en primer lugar un sentimiento de  poder. Incluso en puestos modestos, desde el punto de vista formal, da al  pol\u00edtico la conciencia de influir sobre las personas, de participar del poder  que se ejerce sobre ella y sobre todo le da el sentimiento de manejar, con sus  manos, los hilos de acontecimientos hist\u00f3ricamente importantes\u00a0 y que pueden trascender lo cotidiano. <br \/>&#13;<br \/>\n\u00a0\u00a0\u00a0\u00a0\u00a0\u00a0\u00a0\u00a0\u00a0\u00a0\u00a0\u00a0\u00a0\u00a0\u00a0\u00a0\u00a0\u00a0\u00a0\u00a0\u00a0\u00a0\u00a0\u00a0\u00a0\u00a0\u00a0\u00a0\u00a0\u00a0\u00a0\u00a0\u00a0\u00a0\u00a0\u00a0\u00a0\u00a0\u00a0\u00a0\u00a0\u00a0\u00a0\u00a0\u00a0\u00a0\u00a0\u00a0\u00a0\u00a0\u00a0\u00a0\u00a0\u00a0\u00a0\u00a0\u00a0\u00a0\u00a0\u00a0\u00a0\u00a0\u00a0\u00a0\u00a0\u00a0\u00a0  \u00a0\u00a0\u00a0\u00a0\u00a0\u00a0\u00a0\u00a0\u00a0\u00a0\u00a0\u00a0\u00a0\u00a0\u00a0\u00a0\u00a0\u00a0\u00a0\u00a0\u00a0\u00a0\u00a0\u00a0\u00a0\u00a0\u00a0\u00a0\u00a0\u00a0\u00a0\u00a0\u00a0\u00a0\u00a0\u00a0\u00a0\u00a0\u00a0\u00a0\u00a0\u00a0\u00a0\u00a0\u00a0<br \/>&#13;<br \/>\nEn cuanto a la pasi\u00f3n con que el l\u00edder  pol\u00edtico debe abrazar su causa nos dice Max Weber en su libro \u201cLa Pol\u00edtica como Profesi\u00f3n,\u201d  lo siguiente:\u201dPasi\u00f3n en el sentido de darle importancia a las cosas que realmente  la tienen y una entrega apasionada a su causa. Este autor\u00a0 advierte que el l\u00edder pol\u00edtico debe actuar  con pasi\u00f3n, pero \u00e9sta no debe ser una mera pasi\u00f3n, ya que la pasi\u00f3n por si  misma no convierte a una persona en pol\u00edtico. En este aspecto se expresa de la  manera siguiente:\u201dPues con la mera pasi\u00f3n, aun sinti\u00e9ndola aut\u00e9nticamente, no  basta por supuesto. La pasi\u00f3n no lo convierte a uno en pol\u00edtico si ella como  servicio a una causa no\u00a0 convierte\u00a0 la responsabilidad precisamente respecto de  esa causa en la estrella que gui\u00e9 la acci\u00f3n (del l\u00edder) de manera  determinante\u201d. \u00a0\u00a0\u00a0\u00a0\u00a0\u00a0\u00a0\u00a0\u00a0\u00a0\u00a0\u00a0\u00a0\u00a0\u00a0\u00a0\u00a0\u00a0\u00a0\u00a0\u00a0\u00a0\u00a0\u00a0\u00a0\u00a0\u00a0\u00a0\u00a0\u00a0\u00a0\u00a0\u00a0\u00a0\u00a0\u00a0\u00a0\u00a0\u00a0\u00a0\u00a0\u00a0\u00a0\u00a0\u00a0\u00a0\u00a0\u00a0\u00a0\u00a0\u00a0\u00a0\u00a0\u00a0\u00a0\u00a0\u00a0\u00a0\u00a0\u00a0\u00a0\u00a0\u00a0\u00a0\u00a0\u00a0\u00a0\u00a0\u00a0\u00a0\u00a0\u00a0\u00a0\u00a0\u00a0\u00a0\u00a0\u00a0\u00a0\u00a0\u00a0\u00a0\u00a0\u00a0\u00a0\u00a0\u00a0\u00a0\u00a0\u00a0\u00a0\u00a0\u00a0\u00a0\u00a0\u00a0\u00a0\u00a0\u00a0\u00a0\u00a0\u00a0\u00a0\u00a0\u00a0\u00a0\u00a0\u00a0\u00a0\u00a0\u00a0\u00a0\u00a0\u00a0\u00a0\u00a0\u00a0\u00a0\u00a0\u00a0\u00a0\u00a0\u00a0\u00a0\u00a0\u00a0\u00a0\u00a0\u00a0\u00a0\u00a0\u00a0\u00a0\u00a0\u00a0\u00a0\u00a0\u00a0\u00a0\u00a0\u00a0\u00a0\u00a0\u00a0\u00a0\u00a0\u00a0\u00a0\u00a0\u00a0\u00a0\u00a0\u00a0\u00a0\u00a0\u00a0\u00a0\u00a0\u00a0\u00a0\u00a0\u00a0\u00a0\u00a0\u00a0\u00a0\u00a0\u00a0\u00a0\u00a0\u00a0\u00a0\u00a0\u00a0\u00a0\u00a0\u00a0\u00a0\u00a0\u00a0\u00a0\u00a0\u00a0\u00a0\u00a0\u00a0\u00a0\u00a0\u00a0\u00a0  La cualidad sicol\u00f3gica del l\u00edder juega un  papel muy importante en el ejercicio de su liderazgo, Por eso a \u00e9ste debe  caracterizarlo\u00a0 el sentido de la  distancia que debe mantener con las personas y con las cosas. Esta cualidad  psicol\u00f3gica del l\u00edder es decisiva para el ejercicio de su liderazgo pol\u00edtico,  ya que \u00e9ste necesita esa capacidad de dejar que la realidad actu\u00e9 sobre si  misma y mientras eso ocurre este debe actuar con serenidad y recogimiento  interior, es decir necesita de la distancia respecto de las personas y las  cosas.\u00a0\u00a0\u00a0\u00a0\u00a0\u00a0\u00a0\u00a0\u00a0\u00a0\u00a0\u00a0\u00a0\u00a0\u00a0\u00a0\u00a0\u00a0\u00a0\u00a0\u00a0\u00a0\u00a0\u00a0\u00a0\u00a0\u00a0\u00a0\u00a0\u00a0\u00a0\u00a0\u00a0\u00a0\u00a0\u00a0\u00a0\u00a0\u00a0\u00a0\u00a0\u00a0\u00a0\u00a0\u00a0\u00a0\u00a0\u00a0\u00a0\u00a0\u00a0\u00a0\u00a0\u00a0\u00a0\u00a0\u00a0\u00a0\u00a0\u00a0\u00a0\u00a0\u00a0\u00a0\u00a0 <br \/>&#13;<br \/>\n\u00a0\u00a0\u00a0\u00a0\u00a0\u00a0\u00a0\u00a0\u00a0\u00a0\u00a0\u00a0\u00a0\u00a0\u00a0\u00a0\u00a0\u00a0\u00a0\u00a0\u00a0\u00a0\u00a0\u00a0\u00a0\u00a0\u00a0\u00a0\u00a0\u00a0\u00a0\u00a0\u00a0\u00a0\u00a0\u00a0\u00a0\u00a0\u00a0\u00a0\u00a0\u00a0\u00a0\u00a0\u00a0\u00a0\u00a0\u00a0\u00a0\u00a0\u00a0\u00a0\u00a0\u00a0 <br \/>&#13;<br \/>\nLa falta de distancia del l\u00edder pol\u00edtico con  las personas y con las cosas es uno de los pecados capitales de cualquier  pol\u00edtico profesional. Esto lo podemos resumir de la manera siguiente: La falta  de distancia, como tal, es uno de los pecados mortales del pol\u00edtico y cuyo  cultivo, por la joven generaci\u00f3n de nuestros pol\u00edticos intelectuales la va  encadenando\u00a0 a la incapacidad pol\u00edtica,  pues el problema es precisamente \u00e9ste: como conjugar en la misma persona la  pasi\u00f3n ardiente y el fr\u00edo sentido de la distancia. Podemos decir entonces que  la pol\u00edtica se hace con la cabeza, no con otra parte del cuerpo o del alma y  sin embargo la entrega a la pol\u00edtica sino queremos que sea un fr\u00edvolo juego  intelectual, sino una acci\u00f3n aut\u00e9nticamente humana, s\u00f3lo puede nacer y  alimentarse de la pasi\u00f3n.\u00a0\u00a0\u00a0\u00a0\u00a0\u00a0\u00a0\u00a0\u00a0\u00a0\u00a0\u00a0\u00a0\u00a0\u00a0\u00a0\u00a0\u00a0\u00a0\u00a0\u00a0\u00a0\u00a0\u00a0\u00a0\u00a0\u00a0\u00a0\u00a0\u00a0\u00a0\u00a0\u00a0\u00a0\u00a0\u00a0\u00a0\u00a0\u00a0\u00a0\u00a0\u00a0  \u00a0\u00a0\u00a0\u00a0\u00a0\u00a0\u00a0<\/p>\n<p>&#13;<\/p>\n<p align=\"justify\" class=\"text1noticias\">S\u00f3lo habitu\u00e1ndose\u00a0 al distanciamiento el l\u00edder pol\u00edtico puede  conseguir el seguimiento y sometimiento, a la vez, de otras personas a sus  designios. Esto es lo que diferencia a un pol\u00edtico experimentado y apasionado del simple pol\u00edtico aficionado.\u00a0 La fuerza de una personalidad pol\u00edtica  (l\u00edder) significa antes que nada poseer estas cualidades. El l\u00edder pol\u00edtico no  debe confundir el distanciamiento de la gente con una actitud de vanidad  personal frente a sus seguidores, frente a su organizaci\u00f3n y frente a la  sociedad, ya que una actitud similar es un error que no debe cometer, porque  ello debilita su liderazgo y puede llevarlo hasta desaparecer como personaje  que influye en diferentes segmentos de la sociedad, en donde esta desarrollando  y ejerciendo sus condiciones de l\u00edder. <\/p>\n<p>&#13;<\/p>\n<p align=\"justify\" class=\"text1noticias\">En su libro \u201cLa Pol\u00edtica como Profesi\u00f3n\u201d,  el autor ante citado, al referirse a lo perjudicial que resulta la vanidad para  un\u00a0 l\u00edder pol\u00edtico lo expresa del modo  siguiente\u201d Por este motivo el pol\u00edtico tiene que vencer en si mismo, d\u00eda a d\u00eda  y hora a hora, un enemigo muy trivial y demasiado humano, la vanidad, que es  muy com\u00fan y que es la enemiga mortal de toda entrega a una causa\u00a0 y de todo distanciamiento respecto a si  mismo\u201d.<\/p>\n<p>&#13;<\/p>\n<p align=\"justify\" class=\"text1noticias\">Al enfocar lo negativo de la vanidad\u00a0 en el l\u00edder pol\u00edtico este autor\u00a0 nos dice lo siguiente: \u201cLa vanidad es una  caracter\u00edstica extendida y talvez nadie est\u00e9 libre de ella. En los c\u00edrculos  acad\u00e9micos\u00a0 e intelectuales es una especie  de enfermedad profesional, pero en el intelectual es relativamente inocua, por  muy antip\u00e1tica que se manifieste, en el sentido de que por regla general no  afecta su actividad cient\u00edfica. En el pol\u00edtico tiene otras consecuencias  totalmente distintas.\u00a0 El pol\u00edtico opera  con la ambici\u00f3n del poder como un medio inevitable. El instinto de poder, como  suele llamarse, pertenece de hecho a sus cualidades normales\u201d.<br \/>&#13;<br \/>\n\u00a0\u00a0\u00a0\u00a0\u00a0\u00a0\u00a0\u00a0\u00a0\u00a0\u00a0\u00a0\u00a0\u00a0\u00a0\u00a0\u00a0\u00a0\u00a0\u00a0\u00a0\u00a0\u00a0\u00a0\u00a0\u00a0\u00a0\u00a0\u00a0\u00a0\u00a0\u00a0\u00a0\u00a0\u00a0\u00a0\u00a0\u00a0\u00a0\u00a0\u00a0\u00a0\u00a0\u00a0\u00a0\u00a0\u00a0\u00a0\u00a0\u00a0\u00a0\u00a0\u00a0\u00a0 <br \/>&#13;<br \/>\n  <strong>Evelio  Arroyo es Soci\u00f3logo, Abogado y Escritor. Estos temas son publicados del libro  \u201cLideres y Liderazgos\u201d de su autor\u00eda.<\/strong><\/p>\n<p>&#13;<\/p>\n<h6> 2008-05-06 01:37:24 <\/h6>\n<p><!--\n<link rel=\"stylesheet\" href=\"css\/bootstrap.min.css\">\n\n\n<ul class=\"pagination\">\n\t    \n\t\n\n<li >\n\t<a href='?page_no=12057'>Previous<\/a>\n\t<\/li>\n\n\n       \n    \n\n<li><a href='?page_no=1'>1<\/a><\/li>\n\n\n\n<li><a href='?page_no=2'>2<\/a><\/li>\n\n\n\n<li><a>...<\/a><\/li>\n\n\n\n<li><a href='?page_no=12056'>12056<\/a><\/li>\n\n\n\n<li><a href='?page_no=12057'>12057<\/a><\/li>\n\n\n\n<li class='active'><a>12058<\/a><\/li>\n\n\n\n<li><a href='?page_no=12059'>12059<\/a><\/li>\n\n\n\n<li><a href='?page_no=12060'>12060<\/a><\/li>\n\n\n\n<li><a>...<\/a><\/li>\n\n\n\n<li><a href='?page_no=13611'>13611<\/a><\/li>\n\n\n\n<li><a href='?page_no=13612'>13612<\/a><\/li>\n\n    \n\t\n\n<li >\n\t<a href='?page_no=12059'>Next<\/a>\n\t<\/li>\n\n\n    \n\n<li><a href='?page_no=13612'>Last &rsaquo;&rsaquo;<\/a><\/li>\n\n<\/ul>\n\n\n--><br \/>\n<\/body><\/p>\n","protected":false},"excerpt":{"rendered":"<p>El Sentido de la Distancia y la Vanidad en el L\u00edder Pol\u00edtico &#13; El l\u00edder, por medio del ejercicio de la acci\u00f3n pol\u00edtica, debe buscar, desde el punto de vista formal, varios objetivos. Entre esos objetivos \u00e9ste debe de tener conciencia de que la influencia sobre la gente es una condici\u00f3n necesaria de todo l\u00edder. [&hellip;]<\/p>\n","protected":false},"author":3,"featured_media":0,"comment_status":"open","ping_status":"open","sticky":false,"template":"","format":"standard","meta":{"footnotes":""},"categories":[16],"tags":[],"class_list":["post-36168","post","type-post","status-publish","format-standard","hentry","category-opiniones"],"_links":{"self":[{"href":"https:\/\/diariodominicano.com\/index.php?rest_route=\/wp\/v2\/posts\/36168","targetHints":{"allow":["GET"]}}],"collection":[{"href":"https:\/\/diariodominicano.com\/index.php?rest_route=\/wp\/v2\/posts"}],"about":[{"href":"https:\/\/diariodominicano.com\/index.php?rest_route=\/wp\/v2\/types\/post"}],"author":[{"embeddable":true,"href":"https:\/\/diariodominicano.com\/index.php?rest_route=\/wp\/v2\/users\/3"}],"replies":[{"embeddable":true,"href":"https:\/\/diariodominicano.com\/index.php?rest_route=%2Fwp%2Fv2%2Fcomments&post=36168"}],"version-history":[{"count":0,"href":"https:\/\/diariodominicano.com\/index.php?rest_route=\/wp\/v2\/posts\/36168\/revisions"}],"wp:attachment":[{"href":"https:\/\/diariodominicano.com\/index.php?rest_route=%2Fwp%2Fv2%2Fmedia&parent=36168"}],"wp:term":[{"taxonomy":"category","embeddable":true,"href":"https:\/\/diariodominicano.com\/index.php?rest_route=%2Fwp%2Fv2%2Fcategories&post=36168"},{"taxonomy":"post_tag","embeddable":true,"href":"https:\/\/diariodominicano.com\/index.php?rest_route=%2Fwp%2Fv2%2Ftags&post=36168"}],"curies":[{"name":"wp","href":"https:\/\/api.w.org\/{rel}","templated":true}]}}