{"id":361668,"date":"2022-06-15T00:45:11","date_gmt":"2022-06-15T04:45:11","guid":{"rendered":"http:\/\/diariodominicano.com\/?p=361668"},"modified":"2022-06-15T00:57:40","modified_gmt":"2022-06-15T04:57:40","slug":"expedicionarios-del-14-de-junio-en-terreno-para-combatir-dictadura-de-trujillo-2","status":"publish","type":"post","link":"https:\/\/diariodominicano.com\/?p=361668","title":{"rendered":"Expedicionarios del 14 de Junio en terreno para combatir  dictadura de Trujillo"},"content":{"rendered":"\n<p>Por HTN<\/p>\n\n\n\n<p>Diariodominicano.com<\/p>\n\n\n\n<p>Diariodominicano.com<\/p>\n\n\n\n<p><\/p>\n\n\n\n<p>&nbsp; El&nbsp; 15 de junio de 1959, los expedicionarios del 14 de junio de 1959, siguieron intern\u00e1ndose en las monta\u00f1as&nbsp; para combatir al Ej\u00e9rcito de la dictadura de Rafael Le\u00f3nidas Trujillo Molina.<\/p>\n\n\n\n<p><\/p>\n\n\n\n<p><\/p>\n\n\n\n<p>&nbsp;&nbsp;&nbsp; Poncio Pou Saleta, uno de los sobrevivientes, recuerda que el d\u00eda 15 de junio los guerrilleros hac\u00edan esfuerzos para seguir intern\u00e1ndose en las monta\u00f1as y llevaban como gu\u00eda a un campesino que tomaron en reh\u00e9n en la zona de Constanza.<\/p>\n\n\n\n<p>&nbsp;&nbsp; Los expedicionarios llegaron a Constanza, la tarde del 14 de junio de 1959,&nbsp; en un&nbsp;&nbsp; avi\u00f3n&nbsp; Curtis&nbsp; C-46, que trajo&nbsp; al&nbsp;&nbsp; pa\u00eds el primer grupo de&nbsp; 54 expedicionarios&nbsp; que ten\u00edan el&nbsp; prop\u00f3sito de llevar a cabo una lucha armada para acabar con la dictadura de Trujillo y&nbsp; formar un Gobierno democr\u00e1tico.<\/p>\n\n\n\n<p>&nbsp;&nbsp;&nbsp; A los expedicionarios se&nbsp; unieron otros grupos de guerrilleros que desembarcaron&nbsp; el d\u00eda 20 de junio de 1959, por Maim\u00f3n y Estero Hondo, en la provincia Puerto Plata.<\/p>\n\n\n\n<p>&nbsp;&nbsp; El avi\u00f3n capitaneado por el piloto venezolano Julio C\u00e9sar Rodr\u00edguez, hab\u00eda salido de la provincia de Holgu\u00edn, Cuba. La instrucci\u00f3n de la ruta la dio el piloto dominicano Juan de Dios Ventura Sim\u00f3n.<\/p>\n\n\n\n<p>&nbsp;&nbsp;&nbsp; Los expedicionarios recibieron entrenamientos militares en el&nbsp; campamento de \u201cMil Cumbres\u201d, situado en un valle de&nbsp; la \u201cSierra de los \u00d3rganos\u201d, en la parte occidental de Cuba. Recibieron apoyo del naciente Gobierno de la Revoluci\u00f3n que encabezaba Fidel Castro.<\/p>\n\n\n\n<figure class=\"wp-block-embed is-type-wp-embed is-provider-diario-dominicano wp-block-embed-diario-dominicano\"><div class=\"wp-block-embed__wrapper\">\n<blockquote class=\"wp-embedded-content\" data-secret=\"7rWpKq4mrT\"><a href=\"https:\/\/diariodominicano.com\/?p=361668\">Expedicionarios del 14 de Junio en terreno para combatir  dictadura de Trujillo<\/a><\/blockquote><iframe loading=\"lazy\" class=\"wp-embedded-content\" sandbox=\"allow-scripts\" security=\"restricted\" style=\"position: absolute; visibility: hidden;\" title=\"\u00abExpedicionarios del 14 de Junio en terreno para combatir  dictadura de Trujillo\u00bb \u2014 Diario Dominicano\" src=\"https:\/\/diariodominicano.com\/?p=361668&#038;embed=true#?secret=zYkwsSd9dC#?secret=7rWpKq4mrT\" data-secret=\"7rWpKq4mrT\" width=\"600\" height=\"338\" frameborder=\"0\" marginwidth=\"0\" marginheight=\"0\" scrolling=\"no\"><\/iframe>\n<\/div><\/figure>\n\n\n\n<figure class=\"wp-block-embed is-type-wp-embed is-provider-diario-dominicano wp-block-embed-diario-dominicano\"><div class=\"wp-block-embed__wrapper\">\n<blockquote class=\"wp-embedded-content\" data-secret=\"1J215Hg8yr\"><a href=\"https:\/\/diariodominicano.com\/?p=361438\">Llegan a Constanza los primeros expedicionarios de la gesta del 14 de 1959<\/a><\/blockquote><iframe loading=\"lazy\" class=\"wp-embedded-content\" sandbox=\"allow-scripts\" security=\"restricted\" style=\"position: absolute; visibility: hidden;\" title=\"\u00abLlegan a Constanza los primeros expedicionarios de la gesta del 14 de 1959\u00bb \u2014 Diario Dominicano\" src=\"https:\/\/diariodominicano.com\/?p=361438&#038;embed=true#?secret=t1jvHDzhpf#?secret=1J215Hg8yr\" data-secret=\"1J215Hg8yr\" width=\"600\" height=\"338\" frameborder=\"0\" marginwidth=\"0\" marginheight=\"0\" scrolling=\"no\"><\/iframe>\n<\/div><\/figure>\n","protected":false},"excerpt":{"rendered":"<p>Por HTN Diariodominicano.com Diariodominicano.com &nbsp; El&nbsp; 15 de junio de 1959, los expedicionarios del 14 de junio de 1959, siguieron intern\u00e1ndose en las monta\u00f1as&nbsp; para combatir al Ej\u00e9rcito de la dictadura de Rafael Le\u00f3nidas Trujillo Molina. &nbsp;&nbsp;&nbsp; Poncio Pou Saleta, uno de los sobrevivientes, recuerda que el d\u00eda 15 de junio los guerrilleros hac\u00edan esfuerzos [&hellip;]<\/p>\n","protected":false},"author":28,"featured_media":361672,"comment_status":"closed","ping_status":"","sticky":true,"template":"","format":"standard","meta":{"footnotes":""},"categories":[26,27],"tags":[],"class_list":["post-361668","post","type-post","status-publish","format-standard","has-post-thumbnail","hentry","category-efemerides","category-portada"],"_links":{"self":[{"href":"https:\/\/diariodominicano.com\/index.php?rest_route=\/wp\/v2\/posts\/361668","targetHints":{"allow":["GET"]}}],"collection":[{"href":"https:\/\/diariodominicano.com\/index.php?rest_route=\/wp\/v2\/posts"}],"about":[{"href":"https:\/\/diariodominicano.com\/index.php?rest_route=\/wp\/v2\/types\/post"}],"author":[{"embeddable":true,"href":"https:\/\/diariodominicano.com\/index.php?rest_route=\/wp\/v2\/users\/28"}],"replies":[{"embeddable":true,"href":"https:\/\/diariodominicano.com\/index.php?rest_route=%2Fwp%2Fv2%2Fcomments&post=361668"}],"version-history":[{"count":6,"href":"https:\/\/diariodominicano.com\/index.php?rest_route=\/wp\/v2\/posts\/361668\/revisions"}],"predecessor-version":[{"id":361677,"href":"https:\/\/diariodominicano.com\/index.php?rest_route=\/wp\/v2\/posts\/361668\/revisions\/361677"}],"wp:featuredmedia":[{"embeddable":true,"href":"https:\/\/diariodominicano.com\/index.php?rest_route=\/wp\/v2\/media\/361672"}],"wp:attachment":[{"href":"https:\/\/diariodominicano.com\/index.php?rest_route=%2Fwp%2Fv2%2Fmedia&parent=361668"}],"wp:term":[{"taxonomy":"category","embeddable":true,"href":"https:\/\/diariodominicano.com\/index.php?rest_route=%2Fwp%2Fv2%2Fcategories&post=361668"},{"taxonomy":"post_tag","embeddable":true,"href":"https:\/\/diariodominicano.com\/index.php?rest_route=%2Fwp%2Fv2%2Ftags&post=361668"}],"curies":[{"name":"wp","href":"https:\/\/api.w.org\/{rel}","templated":true}]}}