{"id":361666,"date":"2022-06-15T00:41:47","date_gmt":"2022-06-15T04:41:47","guid":{"rendered":"http:\/\/diariodominicano.com\/?p=361666"},"modified":"2022-06-15T00:41:47","modified_gmt":"2022-06-15T04:41:47","slug":"las-presiones-del-regimen-de-trujillo-provocan-listin-diario-deje-de-circular","status":"publish","type":"post","link":"https:\/\/diariodominicano.com\/?p=361666","title":{"rendered":"Las  presiones del r\u00e9gimen de Trujillo, provocan List\u00edn Diario deje de circular"},"content":{"rendered":"\n<p>Rafael Le\u00f3nidas Trujillo Molina<\/p>\n\n\n\n<p>Diariodominicano.com<\/p>\n\n\n\n<p><\/p>\n\n\n\n<p>&nbsp;&nbsp; SANTO DOMINGO, el&nbsp; 15 de junio de 1942,&nbsp; la direcci\u00f3n del peri\u00f3dico List\u00edn Diario decidi\u00f3 cerrar el diario por las presiones que sufr\u00eda su propietario de la dictadura de Rafael Le\u00f3nidas Trujillo Molina.<\/p>\n\n\n\n<p>&nbsp;&nbsp;&nbsp; El List\u00edn Diario fue fundado por Arturo J. Pellerano Alfau, el 1 de agosto&nbsp; de 1889.&nbsp; En la historia del periodismo dominicano tiene un rol de trascendencia hist\u00f3rica.<\/p>\n\n\n\n<p>&nbsp;&nbsp;&nbsp; En el a\u00f1o 1916, el diario expres\u00f3 su rechazo a la primera intervenci\u00f3n militar de Estados Unidos,&nbsp; y en 1930,&nbsp;&nbsp; hizo p\u00fablico su desagrado por la llegada al poder del general&nbsp; Trujillo Molina.<\/p>\n\n\n\n<p>&nbsp;&nbsp;&nbsp; Arturo J. Pellerano Alfau era seguidor del Presidente Horacio V\u00e1squez.&nbsp; Durante su gesti\u00f3n de Gobierno 1924-1930,&nbsp; la l\u00ednea editorial se expres\u00f3 en defensa del Gobierno.<\/p>\n\n\n\n<p>&nbsp;&nbsp;&nbsp; List\u00edn Diario se opuso al golpe de Estado contra el Presidente V\u00e1squez el 23 de febrero de 1930.&nbsp; En la primera parte de la administraci\u00f3n trujillista el diario fue hostigado y v\u00edctima de una agresi\u00f3n por un grupo represivo del Gobierno, conocido como La 42.<\/p>\n\n\n\n<p>&nbsp;&nbsp;&nbsp; Por su pol\u00edtica de oposici\u00f3n a Trujillo, Arturo J. Sard\u00e1&nbsp; fue arrestado en el a\u00f1o 1933, pero al ser dejado en libertad, el 26 de abril de 1933,&nbsp; fue designado diputado.<\/p>\n\n\n\n<p>&nbsp;&nbsp; A partir de esa experiencia,&nbsp; el List\u00edn Diario&nbsp; cambi\u00f3 su l\u00ednea y publicaba todas las informaciones que eran favorables al&nbsp; r\u00e9gimen de Trujillo,&nbsp;&nbsp; pero el Gobierno no le dio apoyo publicitario y mantuvo la presi\u00f3n econ\u00f3mica.<\/p>\n\n\n\n<p>&nbsp;&nbsp;&nbsp; Por ello, el director del List\u00edn Diario, Arturo J. Pellerano Sard\u00e1 decidi\u00f3 cerrar el peri\u00f3dico el d\u00eda 15 de junio de 1942.<\/p>\n\n\n\n<p>&nbsp;&nbsp;&nbsp; En su libro la \u201cEra de Trujillo\u201d, el escritor vasco Jes\u00fas de Gal\u00edndez, sostiene que el diario sali\u00f3 de circulaci\u00f3n por las presiones econ\u00f3micas&nbsp; trujillistas y por&nbsp; la suspensi\u00f3n de las subvenciones&nbsp; que supuestamente recib\u00eda de la Legaci\u00f3n Alemana en Santo Domingo.<\/p>\n\n\n\n<p>&nbsp;&nbsp;&nbsp;&nbsp;&nbsp; En opini\u00f3n de Jes\u00fas de Gal\u00edndez, la campa\u00f1a&nbsp; german\u00f3fila del List\u00edn Diario, \u201cdurante las victoriosas campa\u00f1as&nbsp; militares de 1940; en los d\u00edas que precedieron a la conquista de Par\u00eds, instal\u00f3 altavoces en el Parque Col\u00f3n para lanzar al Pueblo las \u00faltimas noticias.&nbsp;<\/p>\n\n\n\n<p>&nbsp;&nbsp;&nbsp;&nbsp; La obra de Jes\u00fas de Gal\u00edndez fue publicada&nbsp; con el t\u00edtulo la&nbsp; \u201c\u00cbra de Trujillo\u201d, en el a\u00f1o 1962, por la Editorial Americana, en Buenos Aires, Argentina.<\/p>\n\n\n\n<p>&nbsp;&nbsp;&nbsp; El List\u00edn Diario luego de su clausura en 1942,&nbsp; no volvi\u00f3 a salir&nbsp; hasta el 1 de agosto de 1963, bajo la direcci\u00f3n del periodista Rafael Herrera Cabral.<\/p>\n\n\n\n<p>&nbsp;&nbsp;&nbsp; En la actualidad List\u00edn Diario,&nbsp; es el peri\u00f3dico de mayor&nbsp; circulaci\u00f3n en Rep\u00fablica Dominicana. Su director es el licenciado Miguel Franjul. List\u00edn Diario es miembro de la Sociedad Interamericana de&nbsp; Prensa (SIP)&nbsp;&nbsp;<\/p>\n","protected":false},"excerpt":{"rendered":"<p>Rafael Le\u00f3nidas Trujillo Molina Diariodominicano.com &nbsp;&nbsp; SANTO DOMINGO, el&nbsp; 15 de junio de 1942,&nbsp; la direcci\u00f3n del peri\u00f3dico List\u00edn Diario decidi\u00f3 cerrar el diario por las presiones que sufr\u00eda su propietario de la dictadura de Rafael Le\u00f3nidas Trujillo Molina. &nbsp;&nbsp;&nbsp; El List\u00edn Diario fue fundado por Arturo J. Pellerano Alfau, el 1 de agosto&nbsp; de [&hellip;]<\/p>\n","protected":false},"author":28,"featured_media":303624,"comment_status":"closed","ping_status":"","sticky":true,"template":"","format":"standard","meta":{"footnotes":""},"categories":[26,27],"tags":[],"class_list":["post-361666","post","type-post","status-publish","format-standard","has-post-thumbnail","hentry","category-efemerides","category-portada"],"_links":{"self":[{"href":"https:\/\/diariodominicano.com\/index.php?rest_route=\/wp\/v2\/posts\/361666","targetHints":{"allow":["GET"]}}],"collection":[{"href":"https:\/\/diariodominicano.com\/index.php?rest_route=\/wp\/v2\/posts"}],"about":[{"href":"https:\/\/diariodominicano.com\/index.php?rest_route=\/wp\/v2\/types\/post"}],"author":[{"embeddable":true,"href":"https:\/\/diariodominicano.com\/index.php?rest_route=\/wp\/v2\/users\/28"}],"replies":[{"embeddable":true,"href":"https:\/\/diariodominicano.com\/index.php?rest_route=%2Fwp%2Fv2%2Fcomments&post=361666"}],"version-history":[{"count":1,"href":"https:\/\/diariodominicano.com\/index.php?rest_route=\/wp\/v2\/posts\/361666\/revisions"}],"predecessor-version":[{"id":361667,"href":"https:\/\/diariodominicano.com\/index.php?rest_route=\/wp\/v2\/posts\/361666\/revisions\/361667"}],"wp:featuredmedia":[{"embeddable":true,"href":"https:\/\/diariodominicano.com\/index.php?rest_route=\/wp\/v2\/media\/303624"}],"wp:attachment":[{"href":"https:\/\/diariodominicano.com\/index.php?rest_route=%2Fwp%2Fv2%2Fmedia&parent=361666"}],"wp:term":[{"taxonomy":"category","embeddable":true,"href":"https:\/\/diariodominicano.com\/index.php?rest_route=%2Fwp%2Fv2%2Fcategories&post=361666"},{"taxonomy":"post_tag","embeddable":true,"href":"https:\/\/diariodominicano.com\/index.php?rest_route=%2Fwp%2Fv2%2Ftags&post=361666"}],"curies":[{"name":"wp","href":"https:\/\/api.w.org\/{rel}","templated":true}]}}