{"id":361662,"date":"2022-06-15T00:34:04","date_gmt":"2022-06-15T04:34:04","guid":{"rendered":"http:\/\/diariodominicano.com\/?p=361662"},"modified":"2022-06-15T00:36:14","modified_gmt":"2022-06-15T04:36:14","slug":"por-temor-de-familiares-y-amigos-sepultan-los-restos-del-ex-presidente-santana-en-el-patio-de-la-fortaleza-ozama","status":"publish","type":"post","link":"https:\/\/diariodominicano.com\/?p=361662","title":{"rendered":"Por temor de familiares y amigos Sepultan\u00a0 los restos del ex presidente Pedro Santana en el patio de la Fortaleza Ozama"},"content":{"rendered":"\n<p>Por H\u00e9ctor Tineo Nolasco<\/p>\n\n\n\n<p>Diariodominicano.com<\/p>\n\n\n\n<p><\/p>\n\n\n\n<p>&nbsp;&nbsp; SANTO DOMINGO, el&nbsp; 15 de junio de 1864, se produjo el sepelio del ex Presidente Pedro Santana. Los restos fueron sepultados en el patio de la Fortaleza Ozama, porque sus familiares y amigos tem\u00edan que adversarios profanaran la tumba.<\/p>\n\n\n\n<p>&nbsp;&nbsp; El otrora jefe militar de las luchas militares contra las invasiones haitianas, y el Marqu\u00e9s de las Carreras, cuando anex\u00f3 el pa\u00eds a Espa\u00f1a perdi\u00f3 el apoyo de la sociedad.&nbsp; Muri\u00f3 en la tristeza de la soledad con la p\u00e9rdida del poder.<\/p>\n\n\n\n<p>&nbsp;&nbsp; En el momento que se produjo su muerte, el jefe militar espa\u00f1ol, general Jos\u00e9 la G\u00e1ndara, le hab\u00eda hecho un expediente por insubordinaci\u00f3n para que fuera conocido en Cuba. La medida no se hizo efectiva por la repentina muerte de Santana el d\u00eda 14 de junio de 1864.<\/p>\n\n\n\n<p>&nbsp;&nbsp; En las circunstancias que se produjo el hecho, dio motivo para que en el pa\u00eds corriera la versi\u00f3n de que el ex Presidente Pedro Santana se suicid\u00f3.<\/p>\n\n\n\n<p>&nbsp;Pedro Santana fue un comandante militar&nbsp; que se distingui\u00f3 por sus cualidades de estratega y por su valor,&nbsp; en la lucha por la consolidaci\u00f3n&nbsp; de la Independencia Nacional, proclamada el 27 de febrero de 1844.<\/p>\n\n\n\n<p>&nbsp;&nbsp;&nbsp;&nbsp; Hab\u00eda nacido en la comunidad fronteriza de Hincha, el 29 de junio de 1801, hijo de Pedro Santana y Petronila Familia.&nbsp; Su padre fue un militar del Ej\u00e9rcito Espa\u00f1ol de la Reconquista y cuando la Batalla de Palo Hincado era Capit\u00e1n.<\/p>\n\n\n\n<p>&nbsp;&nbsp;&nbsp; Santana contrajo matrimonio en dos oportunidades:&nbsp; el primero con Micaela Antonia Rivera, una viuda rica de El Seibo y luego con Ana Zorrilla.&nbsp; Su primer matrimonio lo convirti\u00f3 en un hombre de influencia en el Este.<\/p>\n\n\n\n<p>&nbsp;&nbsp; En su ni\u00f1ez vivi\u00f3&nbsp; en el Cibao.&nbsp; En el a\u00f1o 1843 se enrol\u00f3 en el&nbsp; movimiento de Los trinitarios, que lideraba Juan Pablo Duarte,&nbsp; cuando su hermano Ram\u00f3n Santana declin\u00f3 la posici\u00f3n que le ofrec\u00eda el patricio y le sugiri\u00f3 que se la diera a su hermano Pedro.<\/p>\n\n\n\n<p>&nbsp;&nbsp;&nbsp; Duarte conoci\u00f3 a los hermanos Santana en un recorrido por el Este en busca de apoyo para declarar la Independencia de la Rep\u00fablica.<\/p>\n\n\n\n<p>&nbsp;&nbsp; Pedro Santana consideraba que el poder pol\u00edtico de la Rep\u00fablica Dominicana tiene que ser militar y no civil, porque el estado de guerra con Hait\u00ed, as\u00ed lo demandaba.&nbsp;&nbsp; Versiones de la \u00e9poca dan cuenta de que al recibir la reacci\u00f3n de rechazo de Santana, el Congreso Constituyente de San Crist\u00f3bal se mostr\u00f3 reticente a aceptar las exigencias del caudillo&nbsp; militar y pol\u00edtico.<\/p>\n\n\n\n<p>&nbsp;&nbsp;&nbsp; La crispaci\u00f3n origin\u00f3 una situaci\u00f3n de tensi\u00f3n&nbsp; entre la Asamblea Constituyente y la Junta Central Gubernativa,&nbsp; la cual qued\u00f3 solucionada cuando por iniciativa de Tom\u00e1s Bobadilla y Briones, se agreg\u00f3&nbsp; a la Constituci\u00f3n de San Crist\u00f3bal, del 6 de noviembre de 1844, el art\u00edculo 210, que dispone:&nbsp; \u201cDurante la guerra&nbsp; actual y mientras no est\u00e9 firmada la paz, el Presidente de la Rep\u00fablica puede libremente organizar el ej\u00e9rcito y armada, movilizar las&nbsp; guardias de la naci\u00f3n; pudiendo, en consecuencia, dar todas las \u00f3rdenes, providencias y decretos que convengan, sin estar sujeto a responsabilidad alguna\u201d.&nbsp;<\/p>\n\n\n\n<p>&nbsp;&nbsp; De esa manera, Rep\u00fablica Dominicana qued\u00f3 con una&nbsp; Constituci\u00f3n que consagraba la dictadura pol\u00edtica e invalidaba las disposiciones democr\u00e1ticas en la primera Carta&nbsp; Magna, votada el 6 de noviembre de 1844.<\/p>\n\n\n\n<p>&nbsp;&nbsp; Al lograr la Constituci\u00f3n que deseaba, el general Pedro Santana acept\u00f3&nbsp; ser escogido Presidente de&nbsp; la Rep\u00fablica, por dos per\u00edodos consecutivos de 4 a\u00f1os. Fue juramentado el 13 de noviembre de 1844.&nbsp; De inmediato cre\u00f3 su Consejo de Ministros y como gobernadores design\u00f3 a militares que se distinguieron en la lucha contra las invasiones de los haitianos.<\/p>\n\n\n\n<p>&nbsp;&nbsp;&nbsp; En su primer Gobierno,&nbsp; Santana enfrent\u00f3 a los trinitarios y el 27 de Febrero de 1845, en el primer aniversario de la fundaci\u00f3n de la Rep\u00fablica, fusil\u00f3 a Mar\u00eda Trinidad S\u00e1nchez&nbsp; y a un grupo de trinitarios acusados de conspirar para derrocar su Gobierno.<\/p>\n\n\n\n<p>&nbsp;&nbsp; En&nbsp; 1847,&nbsp; orden\u00f3 el fusilamiento de los hermanos Gabino y Jos\u00e9&nbsp; Joaqu\u00edn Puello. Tambi\u00e9n enfrent\u00f3 a la Iglesia Cat\u00f3lica.<\/p>\n\n\n\n<p>&nbsp;&nbsp; El primer Gobierno del General Pedro Santana&nbsp; termin\u00f3 el 4 de agosto de 1848;&nbsp; luego fue presidente de&nbsp; la Rep\u00fablica durante los per\u00edodos del 30 de mayo de 1849 al 23 de septiembre de 1849; del 15 de febrero de 1853 al 26 de mayo de 1856; del 13 de junio de 1858&nbsp; al 18 de marzo de 1861, cuando anex\u00f3 el pa\u00eds a Espa\u00f1a.<\/p>\n\n\n\n<p>&nbsp;&nbsp; En la primera parte del Gobierno de la Anexi\u00f3n,&nbsp; es decir, del 18 de marzo de 1861 al 20 de julio de 1862, Pedro Santana fue el jefe de la administraci\u00f3n, pero luego fue reemplazado por representantes de Espa\u00f1a.<\/p>\n\n\n\n<p>&nbsp;&nbsp; El 4 de julio&nbsp; de 1861, Pedro Santana orden\u00f3 el fusilamiento del pr\u00f3cer Francisco del Rosario S\u00e1nchez y varios compa\u00f1eros que luchaban contra la Anexi\u00f3n de la Rep\u00fablica a Espa\u00f1a. La ejecuci\u00f3n se produjo en El Cercado, San Juan de la Maguana.<\/p>\n","protected":false},"excerpt":{"rendered":"<p>Por H\u00e9ctor Tineo Nolasco Diariodominicano.com &nbsp;&nbsp; SANTO DOMINGO, el&nbsp; 15 de junio de 1864, se produjo el sepelio del ex Presidente Pedro Santana. Los restos fueron sepultados en el patio de la Fortaleza Ozama, porque sus familiares y amigos tem\u00edan que adversarios profanaran la tumba. &nbsp;&nbsp; El otrora jefe militar de las luchas militares contra [&hellip;]<\/p>\n","protected":false},"author":28,"featured_media":274138,"comment_status":"closed","ping_status":"","sticky":true,"template":"","format":"standard","meta":{"footnotes":""},"categories":[26,27],"tags":[],"class_list":["post-361662","post","type-post","status-publish","format-standard","has-post-thumbnail","hentry","category-efemerides","category-portada"],"_links":{"self":[{"href":"https:\/\/diariodominicano.com\/index.php?rest_route=\/wp\/v2\/posts\/361662","targetHints":{"allow":["GET"]}}],"collection":[{"href":"https:\/\/diariodominicano.com\/index.php?rest_route=\/wp\/v2\/posts"}],"about":[{"href":"https:\/\/diariodominicano.com\/index.php?rest_route=\/wp\/v2\/types\/post"}],"author":[{"embeddable":true,"href":"https:\/\/diariodominicano.com\/index.php?rest_route=\/wp\/v2\/users\/28"}],"replies":[{"embeddable":true,"href":"https:\/\/diariodominicano.com\/index.php?rest_route=%2Fwp%2Fv2%2Fcomments&post=361662"}],"version-history":[{"count":3,"href":"https:\/\/diariodominicano.com\/index.php?rest_route=\/wp\/v2\/posts\/361662\/revisions"}],"predecessor-version":[{"id":361665,"href":"https:\/\/diariodominicano.com\/index.php?rest_route=\/wp\/v2\/posts\/361662\/revisions\/361665"}],"wp:featuredmedia":[{"embeddable":true,"href":"https:\/\/diariodominicano.com\/index.php?rest_route=\/wp\/v2\/media\/274138"}],"wp:attachment":[{"href":"https:\/\/diariodominicano.com\/index.php?rest_route=%2Fwp%2Fv2%2Fmedia&parent=361662"}],"wp:term":[{"taxonomy":"category","embeddable":true,"href":"https:\/\/diariodominicano.com\/index.php?rest_route=%2Fwp%2Fv2%2Fcategories&post=361662"},{"taxonomy":"post_tag","embeddable":true,"href":"https:\/\/diariodominicano.com\/index.php?rest_route=%2Fwp%2Fv2%2Ftags&post=361662"}],"curies":[{"name":"wp","href":"https:\/\/api.w.org\/{rel}","templated":true}]}}