{"id":361660,"date":"2022-06-15T00:29:31","date_gmt":"2022-06-15T04:29:31","guid":{"rendered":"http:\/\/diariodominicano.com\/?p=361660"},"modified":"2022-06-15T00:29:31","modified_gmt":"2022-06-15T04:29:31","slug":"muere-ramon-santana-el-hermano-mellizo-de-pedro-santana-3","status":"publish","type":"post","link":"https:\/\/diariodominicano.com\/?p=361660","title":{"rendered":"Muere Ram\u00f3n Santana el hermano mellizo de Pedro Santana"},"content":{"rendered":"\n<p><strong>Por H\u00e9ctor Tineo Nolasco<\/strong><\/p>\n\n\n\n<p>Diariodominicano.com<\/p>\n\n\n\n<p><\/p>\n\n\n\n<p>SANTO DOMINGO, el&nbsp; 15 de junio de 1844, muri\u00f3 de manera repentina el ciudadano Ram\u00f3n Santana, quien junto a su hermano Pedro Santana, constituyeron el liderazgo de los hateros de El Seibo.<\/p>\n\n\n\n<p>Pedro Santana,&nbsp; falleci\u00f3 20 a\u00f1os despu\u00e9s en circunstancias parecidas a la de su hermano Ram\u00f3n.<\/p>\n\n\n\n<p>Los dos apoyaron a los trinitarios en el proyecto que culmin\u00f3 con la proclamaci\u00f3n de la Rep\u00fablica Dominicana, el 27 de febrero de 1844.<\/p>\n\n\n\n<p>&nbsp;&nbsp;&nbsp; El historiador Rufino Mart\u00ednez anota en su \u201cDiccionario Biogr\u00e1fico-Hist\u00f3rico Dominicano, 1821-1830, que a pesar de que Pedro y Ram\u00f3n Santana, eran hermanos mellizos, ten\u00edan un esp\u00edritu y car\u00e1cter diferente. \u201cRam\u00f3n Estaba hecho para la vida civil y no de cuartel\u201d. Eran hijos de Pedro Santana y Petronila Familia.<\/p>\n\n\n\n<p>&nbsp;&nbsp;&nbsp; Destaca que a pesar de esa actitud dio todo el apoyo a los pr\u00f3ceres febreristas y figur\u00f3 en el primer grupo de hateros de El Seibo, que llegaron a la Capital a luchar al lado de los pr\u00f3ceres independentistas.<\/p>\n\n\n\n<p>&nbsp;&nbsp; Cuando muri\u00f3 Ram\u00f3n Santana, de manera repentina, el 15 de junio de 1844, Pedro Santana pidi\u00f3 a la Junta Central Gubernativa que lo relevara temporalmente de su posici\u00f3n militar, porque ten\u00eda que encargarse de los negocios que pertenecieron a su hermano.<\/p>\n\n\n\n<p>&nbsp;&nbsp;&nbsp; Esa coyuntura fue aprovechada por&nbsp; los trinitarios para intensificar sus actividades en procura de tomar el control de la Junta Central Gubernativa, que controlaban los conservadores bajo la presidencia de Tom\u00e1s Bobadilla.<\/p>\n","protected":false},"excerpt":{"rendered":"<p>Por H\u00e9ctor Tineo Nolasco Diariodominicano.com SANTO DOMINGO, el&nbsp; 15 de junio de 1844, muri\u00f3 de manera repentina el ciudadano Ram\u00f3n Santana, quien junto a su hermano Pedro Santana, constituyeron el liderazgo de los hateros de El Seibo. Pedro Santana,&nbsp; falleci\u00f3 20 a\u00f1os despu\u00e9s en circunstancias parecidas a la de su hermano Ram\u00f3n. Los dos apoyaron [&hellip;]<\/p>\n","protected":false},"author":28,"featured_media":0,"comment_status":"closed","ping_status":"","sticky":true,"template":"","format":"standard","meta":{"footnotes":""},"categories":[26,27],"tags":[],"class_list":["post-361660","post","type-post","status-publish","format-standard","hentry","category-efemerides","category-portada"],"_links":{"self":[{"href":"https:\/\/diariodominicano.com\/index.php?rest_route=\/wp\/v2\/posts\/361660","targetHints":{"allow":["GET"]}}],"collection":[{"href":"https:\/\/diariodominicano.com\/index.php?rest_route=\/wp\/v2\/posts"}],"about":[{"href":"https:\/\/diariodominicano.com\/index.php?rest_route=\/wp\/v2\/types\/post"}],"author":[{"embeddable":true,"href":"https:\/\/diariodominicano.com\/index.php?rest_route=\/wp\/v2\/users\/28"}],"replies":[{"embeddable":true,"href":"https:\/\/diariodominicano.com\/index.php?rest_route=%2Fwp%2Fv2%2Fcomments&post=361660"}],"version-history":[{"count":1,"href":"https:\/\/diariodominicano.com\/index.php?rest_route=\/wp\/v2\/posts\/361660\/revisions"}],"predecessor-version":[{"id":361661,"href":"https:\/\/diariodominicano.com\/index.php?rest_route=\/wp\/v2\/posts\/361660\/revisions\/361661"}],"wp:attachment":[{"href":"https:\/\/diariodominicano.com\/index.php?rest_route=%2Fwp%2Fv2%2Fmedia&parent=361660"}],"wp:term":[{"taxonomy":"category","embeddable":true,"href":"https:\/\/diariodominicano.com\/index.php?rest_route=%2Fwp%2Fv2%2Fcategories&post=361660"},{"taxonomy":"post_tag","embeddable":true,"href":"https:\/\/diariodominicano.com\/index.php?rest_route=%2Fwp%2Fv2%2Ftags&post=361660"}],"curies":[{"name":"wp","href":"https:\/\/api.w.org\/{rel}","templated":true}]}}