{"id":36162,"date":"2008-05-08T21:01:28","date_gmt":"2008-05-08T21:01:28","guid":{"rendered":"http:\/\/diariodominicano.ddns.net\/?p=36162"},"modified":"2008-05-08T21:01:28","modified_gmt":"2008-05-08T21:01:28","slug":"el-tiro-rapido-251","status":"publish","type":"post","link":"https:\/\/diariodominicano.com\/?p=36162","title":{"rendered":"EL TIRO R\u00c1PIDO"},"content":{"rendered":"<p><body><\/p>\n<p align=\"center\"><strong class=\"titulogrande1\">EL TIRO R\u00c1PIDO<\/strong><br \/>&#13;<br \/>\n  <br \/>&#13;<br \/>\n    <strong>de<\/strong><br \/>&#13;<br \/>\n    <br \/>&#13;<br \/>\n    <strong class=\"textogrande\">Mario Rivadulla<\/strong><\/p>\n<p>&#13;<\/p>\n<p align=\"justify\" class=\"text1noticias\">Al margen de  consideraciones partidarias o de otra \u00ecndole pol\u00ectica, resulta incuestionable y  de obligado enfoque la importancia de la misiva dirigida por el Presidente  Leonel Fern\u00e0ndez al Secretario General de las Naciones Unidas y al Presidente  del \u00a0Banco Mundial, cuyo contenido in  extenso fue publicado como espacio oficial pagado en la prensa del d\u00eca. <\/p>\n<p>&#13;<\/p>\n<p align=\"justify\" class=\"text1noticias\">En dicha carta, que ya  adquiere un car\u00e1cter p\u00f9blico, el mandatario hace un somero recuento de los  factores adversos que ahora mismo est\u00e0n afectando de manera dr\u00e0stica tanto el  desenvolvimiento econ\u00f2mico como la calidad de vida de los pa\u00ecses en v\u00ecas de  desarrollo, a los cuales clasifica como importadores netos de alimentos y  combustibles.\u00a0 Tal es nuestro caso, que  si bien estamos en capacidad de suplir gran parte de los rubros agr\u00eccolas de la  canasta familiar, debemos adquirir en el exterior buena parte de los insumos  que requiere nuestra producci\u00f3n agr\u00edcola.<\/p>\n<p>&#13;<\/p>\n<p align=\"justify\" class=\"text1noticias\">Por m\u00e0s que ampliamente  divulgados en los medios de comunicaci\u00f3n y en nuestro propio TELEDEBATE, vale  airear por nueva vez dichos factores mencionados en la carta del Ejecutivo.<\/p>\n<p>&#13;<\/p>\n<p align=\"justify\" class=\"text1noticias\">El disparo incontenible del  precio del petr\u00f3leo que ya rebas\u00f2 la franja de los 122 d\u00f2lares el barril y que,  de acuerdo a los sombr\u00ecos pron\u00f2sticos de especialistas futur\u00f2logos de dicho  mercado, \u00a0pudieran seguir increment\u00e0ndose  hasta entre 150 y quiz\u00e0s llegar a 200 antes de dos a\u00f1os.<\/p>\n<p>&#13;<\/p>\n<p align=\"justify\" class=\"text1noticias\">La consiguiente alza en los  precios de rubros alimenticios b\u00e0sicos a nivel mundial, que la FAO en d\u00ecas recientes cuantific\u00f2  en m\u00e0s de un 60 porciento para los aceites comestibles, 41 para los cereales y  83 para los productos l\u00e1cteos.<\/p>\n<p>&#13;<\/p>\n<p align=\"justify\" class=\"text1noticias\">Los grandes vol\u00famenes de  importaci\u00f3n de alimentos por parte de China y la India, las dos mayores  econom\u00ecas emergentes y pa\u00ecses m\u00e0s poblados del mundo, que anteriormente eran  exportadores.<\/p>\n<p>&#13;<\/p>\n<p align=\"justify\" class=\"text1noticias\">El uso creciente de tierras  con vocaci\u00f2n de cultivos alimenticios, as\u00ec como de ma\u00ecz para la producci\u00f3n de  biocombustibles.<\/p>\n<p>&#13;<\/p>\n<p align=\"justify\" class=\"text1noticias\">Todos estos elementos  negativos son, reiteramos, un dogal cada vez m\u00e0s apretado y asfixiante  alrededor del cuello de nuestros pa\u00ecses que ven detenido su crecimiento  econ\u00f2mico, paralizados sus programas de desarrollo social e incrementado sus  niveles de pobreza hasta un extremo que se torna insostenible y atentatorio a  su gobernabilidad y estabilidad institucional.<\/p>\n<p>&#13;<\/p>\n<p align=\"justify\" class=\"text1noticias\">Frente a este cuadro tan  preocupante que no es solo para este gobierno o para otro que pudiera estar en  el poder en estos momentos y que, de persistir, tampoco ser\u00eca exclusivamente  para cualquier administraci\u00f3n futura, sino para el pa\u00ecs en pleno y sus nueve  millones y medio de habitantes, \u00a0la carta  del Presidente Fern\u00e0ndez contiene dos propuestas concretas.<\/p>\n<p>&#13;<\/p>\n<p align=\"justify\" class=\"text1noticias\">La primera es crear un  Fondo Global de Solidaridad Alimentaria y la segunda, otro de Asistencia  Petrolera, a fin de ayudar a los pa\u00ecses  en v\u00ecas de desarrollo, y dentro de \u00e8stos \u00a0brindar protecci\u00f2n social a los grupos de  poblaci\u00f2n m\u00e0s vulnerables y en mayor riesgo.\u00a0  Los recursos ser\u00ecan aportados por las naciones que est\u00e0n resultando m\u00e0s  beneficiadas por la desmesurada alza petrolera y que est\u00e0n cosechando grandes  fortunas, en la misma medida en que los  pa\u00ecses en desarrollo, \u00a0dependientes del  crudo importado, ven aumentada su pobreza.<\/p>\n<p>&#13;<\/p>\n<p align=\"justify\" class=\"text1noticias\">El planteamiento, vale  aclarar, \u00a0no consiste en una d\u00e0diva, en  un regalo. Est\u00e0 fundamentado en un principio de solidaridad y cooperaci\u00f3n, \u00a0y tiende a evitar una altamente explosiva  situaci\u00f3n tanto en las sociedades m\u00e0s afectadas como a nivel mundial.\u00a0 Se propone a t\u00ectulo de cr\u00e8dito blando, con  varios a\u00f1os de gracia, a largo plazo y con intereses muy bajos.<\/p>\n<p>&#13;<\/p>\n<p align=\"justify\" class=\"text1noticias\">Obvio que es una soluci\u00f2n  de emergencia. Llevada a t\u00e8rminos m\u00e8dicos, una forma de estabilizar al  paciente, de elevar sus defensas para luego someterlo al tratamiento  curativo.\u00a0 En nuestro caso, en que  disponemos de condiciones para ello, se impone promover una inteligente y  en\u00e8rgica estrategia de producci\u00f3n de cara al campo, \u00a0en base a criterios de eficiencia y a la  b\u00f9squeda de nuestra seguridad alimentaria como de poder suplir otros  mercados.\u00a0 En particular y primer  t\u00e8rmino, por razones m\u00e0s que sobradas,a nuestro vecino fronterizo. \u00a0\u00a0\u00a0<\/p>\n<p>&#13;<\/p>\n<p align=\"justify\" class=\"text1noticias\">Pero para lograrlo ser\u00e0  preciso que se establezca una fuerte alianza entre el sector oficial y el  privado en que participen preferiblemente todos los factores representativos  del pa\u00ecs, unidos por una misma y apremiante raz\u00f2n: la crisis que en definitiva  nos afecta a todos, o al menos a la gran mayor\u00eca, \u00a0sin ning\u00fan tipo de distingos ni exclusiones, y  que por consiguiente, reclama tambi\u00e8n el esfuerzo de todos.<\/p>\n<p>&#13;<\/p>\n<p align=\"justify\" class=\"text1noticias\">Dios quiera lo entendamos  as\u00ec y, una vez conclu\u00ecda la jornada electoral, dejadas atr\u00e0s las pasiones y  enterrada el hacha de la guerra, demos los pasos necesarios en esa direcci\u00f2n  por el bien del pa\u00ecs y de cuantos vivimos en \u00e8l.<\/p>\n<p>&#13;<\/p>\n<p align=\"justify\" class=\"text1noticias\">(Teledebate,Telefuturo,  Canal 23.Transmisi\u00f2n del mi\u00e9rcoles 7,05,08)<\/p>\n<p>&#13;<\/p>\n<h6> 2008-05-08 21:01:28 <\/h6>\n<p><!--\n<link rel=\"stylesheet\" href=\"css\/bootstrap.min.css\">\n\n\n<ul class=\"pagination\">\n\t    \n\t\n\n<li >\n\t<a href='?page_no=12051'>Previous<\/a>\n\t<\/li>\n\n\n       \n    \n\n<li><a href='?page_no=1'>1<\/a><\/li>\n\n\n\n<li><a href='?page_no=2'>2<\/a><\/li>\n\n\n\n<li><a>...<\/a><\/li>\n\n\n\n<li><a href='?page_no=12050'>12050<\/a><\/li>\n\n\n\n<li><a href='?page_no=12051'>12051<\/a><\/li>\n\n\n\n<li class='active'><a>12052<\/a><\/li>\n\n\n\n<li><a href='?page_no=12053'>12053<\/a><\/li>\n\n\n\n<li><a href='?page_no=12054'>12054<\/a><\/li>\n\n\n\n<li><a>...<\/a><\/li>\n\n\n\n<li><a href='?page_no=13611'>13611<\/a><\/li>\n\n\n\n<li><a href='?page_no=13612'>13612<\/a><\/li>\n\n    \n\t\n\n<li >\n\t<a href='?page_no=12053'>Next<\/a>\n\t<\/li>\n\n\n    \n\n<li><a href='?page_no=13612'>Last &rsaquo;&rsaquo;<\/a><\/li>\n\n<\/ul>\n\n\n--><br \/>\n<\/body><\/p>\n","protected":false},"excerpt":{"rendered":"<p>EL TIRO R\u00c1PIDO&#13; &#13; de&#13; &#13; Mario Rivadulla &#13; Al margen de consideraciones partidarias o de otra \u00ecndole pol\u00ectica, resulta incuestionable y de obligado enfoque la importancia de la misiva dirigida por el Presidente Leonel Fern\u00e0ndez al Secretario General de las Naciones Unidas y al Presidente del \u00a0Banco Mundial, cuyo contenido in extenso fue publicado [&hellip;]<\/p>\n","protected":false},"author":3,"featured_media":0,"comment_status":"open","ping_status":"open","sticky":false,"template":"","format":"standard","meta":{"footnotes":""},"categories":[16],"tags":[],"class_list":["post-36162","post","type-post","status-publish","format-standard","hentry","category-opiniones"],"_links":{"self":[{"href":"https:\/\/diariodominicano.com\/index.php?rest_route=\/wp\/v2\/posts\/36162","targetHints":{"allow":["GET"]}}],"collection":[{"href":"https:\/\/diariodominicano.com\/index.php?rest_route=\/wp\/v2\/posts"}],"about":[{"href":"https:\/\/diariodominicano.com\/index.php?rest_route=\/wp\/v2\/types\/post"}],"author":[{"embeddable":true,"href":"https:\/\/diariodominicano.com\/index.php?rest_route=\/wp\/v2\/users\/3"}],"replies":[{"embeddable":true,"href":"https:\/\/diariodominicano.com\/index.php?rest_route=%2Fwp%2Fv2%2Fcomments&post=36162"}],"version-history":[{"count":0,"href":"https:\/\/diariodominicano.com\/index.php?rest_route=\/wp\/v2\/posts\/36162\/revisions"}],"wp:attachment":[{"href":"https:\/\/diariodominicano.com\/index.php?rest_route=%2Fwp%2Fv2%2Fmedia&parent=36162"}],"wp:term":[{"taxonomy":"category","embeddable":true,"href":"https:\/\/diariodominicano.com\/index.php?rest_route=%2Fwp%2Fv2%2Fcategories&post=36162"},{"taxonomy":"post_tag","embeddable":true,"href":"https:\/\/diariodominicano.com\/index.php?rest_route=%2Fwp%2Fv2%2Ftags&post=36162"}],"curies":[{"name":"wp","href":"https:\/\/api.w.org\/{rel}","templated":true}]}}