{"id":36158,"date":"2008-05-08T22:09:21","date_gmt":"2008-05-08T22:09:21","guid":{"rendered":"http:\/\/diariodominicano.ddns.net\/?p=36158"},"modified":"2008-05-08T22:09:21","modified_gmt":"2008-05-08T22:09:21","slug":"un-pacto-social-optimista","status":"publish","type":"post","link":"https:\/\/diariodominicano.com\/?p=36158","title":{"rendered":"Un Pacto Social Optimista"},"content":{"rendered":"<p><body><\/p>\n<p class=\"titulogrande1\"><strong>Un Pacto Social Optimista<\/strong><\/p>\n<p>&#13;<\/p>\n<p><strong>Por: <\/strong><span class=\"textogrande\">V\u00edctor Cuevas<\/span><\/p>\n<p>&#13;<\/p>\n<p align=\"justify\" class=\"text1noticias\">Reiteradamente  las propuestas y ejecutorias gubernamentales del PLD tienden a la b\u00fasqueda del  consenso, el fomento del di\u00e1logo y la pluralidad y apertura participativa.\u00a0 Si contrastamos sus tres recientes Programas  de Gobierno y dos gestiones administrativas percibiremos, primero de forma  latente y luego plasmada directamente, la vocaci\u00f3n peledeista hacia un proyecto  de naci\u00f3n, viable y colectivamente satisfactorio.<\/p>\n<p>&#13;<\/p>\n<p align=\"justify\" class=\"text1noticias\">La  misma denominaci\u00f3n de \u00abpacto social\u00bb sugiere un m\u00faltiple  coprotagonismo para lograr el objetivo deseado de continuar registrando  crecimiento econ\u00f3mico, pero con progreso social e individual, fundamentalmente  de los segmentos poblacionales marginales.<\/p>\n<p>&#13;<\/p>\n<p align=\"justify\" class=\"text1noticias\">Entonces,  ser\u00eda razonable pensar que el gran esfuerzo de la candidatura del Presidente  Leonel Fern\u00e1ndez por ampliar el Bloque Progresista y fuerzas sociales de apoyo,  m\u00e1s all\u00e1 del car\u00e1cter electoral tiene la finalidad estrat\u00e9gica de contar en su  pr\u00f3ximo gobierno con una base pol\u00edtica y social de bastante solidez para  concretar el pacto social que propone.<\/p>\n<p>&#13;<\/p>\n<p align=\"justify\" class=\"text1noticias\">Podr\u00edamos  colegir cuanto hemos afirmado partiendo de lo planteado por el propio  mandatario en la introducci\u00f3n del Programa de Gobierno 2008-2012, donde reniega  del rechazo ego\u00edsta y promueve la acogida fraternal \u00aba una gran cantidad  de fuerzas pol\u00edticas que han comprendido la bondad de nuestras propuestas y la  eficacia de nuestra ejecutoria\u2026\u00bb<\/p>\n<p>&#13;<\/p>\n<p align=\"justify\" class=\"text1noticias\">La  importancia que atribuye el PLD a la propuesta del Pacto Social queda  evidenciada por el hecho mismo de ocupar un tercio de la superficie impresa en  el correspondiente documento, donde se esbozan los respectivos diagn\u00f3sticos y  fijan objetivos para enfrentar la pobreza y la desigualdad seg\u00fan edades,  g\u00e9nero, discapacidades, niveles educativos, formaci\u00f3n ocupacional, acceso a la  innovaci\u00f3n cient\u00edfica y tecnol\u00f3gica; tambi\u00e9n a la Salud, al desarrollo y  fomento de las manifestaciones culturales, art\u00edsticas y deportivas, que para no  cansar mejor remitimos a su lectura.<\/p>\n<p>&#13;<\/p>\n<p align=\"justify\" class=\"text1noticias\">Las  realidades marcan pautas al accionar pol\u00edtico, y es por ello que el PLD dec\u00eda  en su Programa de Gobierno 2000-2004 \u00abConsolidemos el Cambio:\u00a0 Hacia una Rep\u00fablica Dominicana m\u00e1s  Productiva, Competitiva, Moderna y Equitativa\u00bb; pero no era posible  reiterar esa propuesta en el 2004, sino abogar por la recuperaci\u00f3n de lo  perdido, \u00abPor una Rep\u00fablica Dominicana con Progreso Econ\u00f3mico, Democracia  Real y Equidad Social\u00bb.\u00a0 Hoy la  apuesta es m\u00e1s amplia y diversificada:\u00a0  \u00abPor un Pacto Social.\u00a0 Por  una Econom\u00eda Din\u00e1mica y Competitiva. Por la Sustentabilidad Ambiental.\u00a0 Por un Estado para la Ciudadan\u00eda.\u00a0 Por una Pol\u00edtica Exterior Responsable\u00bb.<\/p>\n<p>&#13;<\/p>\n<p align=\"justify\" class=\"text1noticias\">Para  que todos los sectores y actores progresistas puedan aportar al pa\u00eds un Pacto  Social como el sugerido est\u00e1 pendiente librar la batalla contra el enemigo  hist\u00f3rico n\u00famero uno del Pueblo Dominicano, el pesimismo; y es inminente su  derrota.<\/p>\n<p>&#13;<\/p>\n<p align=\"justify\" class=\"text1noticias\">El autor es Comunicador,<br \/>&#13;<br \/>\n  <br \/>&#13;<br \/>\n  Subsecretario de  Comunicaciones del PLD,<br \/>&#13;<br \/>\n  <br \/>&#13;<br \/>\nCoord. Gral. de REDNUEVA CON  LEONEL<\/p>\n<p>&#13;<\/p>\n<h6> 2008-05-08 22:09:21 <\/h6>\n<p><!--\n<link rel=\"stylesheet\" href=\"css\/bootstrap.min.css\">\n\n\n<ul class=\"pagination\">\n\t    \n\t\n\n<li >\n\t<a href='?page_no=12048'>Previous<\/a>\n\t<\/li>\n\n\n       \n    \n\n<li><a href='?page_no=1'>1<\/a><\/li>\n\n\n\n<li><a href='?page_no=2'>2<\/a><\/li>\n\n\n\n<li><a>...<\/a><\/li>\n\n\n\n<li><a href='?page_no=12047'>12047<\/a><\/li>\n\n\n\n<li><a href='?page_no=12048'>12048<\/a><\/li>\n\n\n\n<li class='active'><a>12049<\/a><\/li>\n\n\n\n<li><a href='?page_no=12050'>12050<\/a><\/li>\n\n\n\n<li><a href='?page_no=12051'>12051<\/a><\/li>\n\n\n\n<li><a>...<\/a><\/li>\n\n\n\n<li><a href='?page_no=13611'>13611<\/a><\/li>\n\n\n\n<li><a href='?page_no=13612'>13612<\/a><\/li>\n\n    \n\t\n\n<li >\n\t<a href='?page_no=12050'>Next<\/a>\n\t<\/li>\n\n\n    \n\n<li><a href='?page_no=13612'>Last &rsaquo;&rsaquo;<\/a><\/li>\n\n<\/ul>\n\n\n--><br \/>\n<\/body><\/p>\n","protected":false},"excerpt":{"rendered":"<p>Un Pacto Social Optimista &#13; Por: V\u00edctor Cuevas &#13; Reiteradamente las propuestas y ejecutorias gubernamentales del PLD tienden a la b\u00fasqueda del consenso, el fomento del di\u00e1logo y la pluralidad y apertura participativa.\u00a0 Si contrastamos sus tres recientes Programas de Gobierno y dos gestiones administrativas percibiremos, primero de forma latente y luego plasmada directamente, la [&hellip;]<\/p>\n","protected":false},"author":3,"featured_media":0,"comment_status":"open","ping_status":"open","sticky":false,"template":"","format":"standard","meta":{"footnotes":""},"categories":[16],"tags":[],"class_list":["post-36158","post","type-post","status-publish","format-standard","hentry","category-opiniones"],"_links":{"self":[{"href":"https:\/\/diariodominicano.com\/index.php?rest_route=\/wp\/v2\/posts\/36158","targetHints":{"allow":["GET"]}}],"collection":[{"href":"https:\/\/diariodominicano.com\/index.php?rest_route=\/wp\/v2\/posts"}],"about":[{"href":"https:\/\/diariodominicano.com\/index.php?rest_route=\/wp\/v2\/types\/post"}],"author":[{"embeddable":true,"href":"https:\/\/diariodominicano.com\/index.php?rest_route=\/wp\/v2\/users\/3"}],"replies":[{"embeddable":true,"href":"https:\/\/diariodominicano.com\/index.php?rest_route=%2Fwp%2Fv2%2Fcomments&post=36158"}],"version-history":[{"count":0,"href":"https:\/\/diariodominicano.com\/index.php?rest_route=\/wp\/v2\/posts\/36158\/revisions"}],"wp:attachment":[{"href":"https:\/\/diariodominicano.com\/index.php?rest_route=%2Fwp%2Fv2%2Fmedia&parent=36158"}],"wp:term":[{"taxonomy":"category","embeddable":true,"href":"https:\/\/diariodominicano.com\/index.php?rest_route=%2Fwp%2Fv2%2Fcategories&post=36158"},{"taxonomy":"post_tag","embeddable":true,"href":"https:\/\/diariodominicano.com\/index.php?rest_route=%2Fwp%2Fv2%2Ftags&post=36158"}],"curies":[{"name":"wp","href":"https:\/\/api.w.org\/{rel}","templated":true}]}}