{"id":36157,"date":"2008-05-11T04:06:26","date_gmt":"2008-05-11T04:06:26","guid":{"rendered":"http:\/\/diariodominicano.ddns.net\/?p=36157"},"modified":"2008-05-11T04:06:26","modified_gmt":"2008-05-11T04:06:26","slug":"el-voto-mayoritario-a-favor-de-miguel-vargas","status":"publish","type":"post","link":"https:\/\/diariodominicano.com\/?p=36157","title":{"rendered":"El Voto Mayoritario a Favor de Miguel Vargas"},"content":{"rendered":"<p><body><\/p>\n<p class=\"titulogrande1\"><strong>El Voto Mayoritario a  Favor de Miguel Vargas<\/strong><\/p>\n<p>&#13;<\/p>\n<p align=\"justify\" class=\"text1noticias\">Las  elecciones del pr\u00f3ximo viernes 16 de mayo tienen una importancia capital, tanto  para el proceso democr\u00e1tico del pa\u00eds como para lograr un cambio en el gobierno  que motorice las aspiraciones de todo un pueblo que siente sus deseos de  redenci\u00f3n y \u00a0de progreso diluirse,  por\u00a0 las carencias y faltas de soluciones  a problemas b\u00e1sicos, de las personas,\u00a0  las instituciones y las comunidades. \u00a0<\/p>\n<p>&#13;<\/p>\n<p align=\"justify\" class=\"text1noticias\">Estas  carencias y faltas de soluciones b\u00e1sicas tienen un denominador com\u00fan: El hambre  y la miseria extrema que sufren, en la actualidad, las masas medias,  pobres\u00a0 e indigentes. Sumado a este  denominador com\u00fan, representado por el hambre y la miseria extrema que hoy  padece la parte mayoritaria del pa\u00eds, hay otro aspecto que hace que estas  elecciones sean cruciales para la supervivencia de la naci\u00f3n, y nos referimos  al proceso democr\u00e1tico erosionado por la ambici\u00f3n desmedida de un grupo en el  poder, que no ha tenido el m\u00e1s m\u00ednimo escr\u00fapulo pol\u00edtico para llevar a cabo  acciones pol\u00edticas alejadas de todo respeto por la dignidad de las personas y  las instituciones que conforman nuestro sistema pol\u00edtico.<\/p>\n<p>&#13;<\/p>\n<p align=\"justify\" class=\"text1noticias\">En este  aspecto, las acciones del grupo en el poder han evidenciado que no le importa  la existencia de organizaciones pol\u00edticas que sirvan de contrapesos al juego de  las ideas democr\u00e1ticas, por eso con una campa\u00f1a medi\u00e1tica a trav\u00e9s de la radio,  la televisi\u00f3n y los peri\u00f3dicos no s\u00f3lo ha intervenido en la vida interna de  grupos e instituciones pol\u00edticas, si no que adem\u00e1s pretenden\u00a0 destruir la esperanza y la fe que la mayor\u00eda  dispensa al proceso democr\u00e1tico y a las instituciones que lo representan.<\/p>\n<p>&#13;<\/p>\n<p align=\"justify\" class=\"text1noticias\">La  reelecci\u00f3n entiende que con ese comportamiento se lograra cambiar la voluntad y  la decisi\u00f3n de un pueblo, que ha decidido que las pr\u00f3ximas elecciones\u00a0 son el escenario para darle un voto de  castigo a quienes los han abandonado y han desconocido sus derechos ciudadanos,  pero que sin embargo mantienen una presencia sistem\u00e1tica por los medios de  comunicaci\u00f3n, atribuy\u00e9ndoles sus propios errores a la oposici\u00f3n pol\u00edtica.<\/p>\n<p>&#13;<\/p>\n<p align=\"justify\" class=\"text1noticias\">Las  elecciones del 16 de mayo son el escenario donde el pueblo le va a pedir  explicaci\u00f3n a la reelecci\u00f3n de con qu\u00e9 derecho el gobierno esta manejando sumas  fabulosas de recursos econ\u00f3micos y dedic\u00e1ndolas\u00a0  a transportar cantidades  importantes de personas para vender la impresi\u00f3n de que se tiene \u201cun gran  respaldo\u201d cuando la realidad es que esas acciones de la reelecci\u00f3n est\u00e1n  encaminadas a mostrar fotos en los peri\u00f3dicos con el animo de manipular a la  poblaci\u00f3n para hacerle creer que esas personas transportadas de un sector a  otro o de una provincia a otra son ciudadanos de la demarcaci\u00f3n geogr\u00e1fica  donde la reelecci\u00f3n realiza\u00a0 una  actividad proselitista determinada. La diferencia del Ing. Miguel Vargas y \u201clos  r\u00edos de gentes\u201d que lo han acompa\u00f1ado a lo largo de este proceso electoral es  que las personas que marchan y le muestran sus simpat\u00edas son del sector o de la  provincia donde se han realizados\u00a0 esas  actividades proselitistas y no se les ha pagado a los participantes en la mismas.<\/p>\n<p>&#13;<\/p>\n<p align=\"justify\" class=\"text1noticias\">La realidad  es que este 16 de mayo las encuestas del gobierno y todas las maniobras  encaminadas a confundir a la poblaci\u00f3n, quedaran sepultadas por el voto  mayoritario de la gente que observa , de forma serena, las acciones desleales  al sistema democr\u00e1tico que produce la desesperaci\u00f3n y el temor a perder el  poder, que tiene el actual grupo gobernante, ya que entiende que el mismo es de  su propiedad, ya que no ve el poder como una\u00a0  instancia al servicio del bienestar de la gente\u00a0 y del sistema democr\u00e1tico y\u00a0 de las ideas que este debe patrocinar y  promover. <\/p>\n<p>&#13;<\/p>\n<p align=\"justify\" class=\"text1noticias\">La voluntad  del pueblo votante con relaci\u00f3n a las elecciones de este 16 de mayo es de  rechazo\u00a0 al modelo econ\u00f3mico de este  gobierno, que en la actualidad empobrece\u00a0  y destruye a las familias pobres y medias del pa\u00eds, mientras por otra  parte enriquece a una minor\u00eda pol\u00edtica y econ\u00f3mica, que pretende hacer creer  que no se ha dado por enterado que el pueblo tiene su decisi\u00f3n tomada con  relaci\u00f3n a las elecciones y a la candidatura de Miguel Vargas.<\/p>\n<p>&#13;<\/p>\n<p align=\"justify\" class=\"text1noticias\">La decisi\u00f3n  mayoritaria del pueblo esta orientada hacia la candidatura de Miguel Vargas  porque es el \u00fanico candidato que en t\u00e9rminos de intenci\u00f3n y preferencia del  voto esta por encima de la reelecci\u00f3n en el respaldo que le esta \u00a0dispensando la mayor\u00eda de votantes del pa\u00eds en  estas elecciones, este lugar privilegiado que ocupa la candidatura de Vargas en  la preferencia del electorado es el resultado de las propuestas\u00a0 y programa de gobierno\u00a0 que ha sometido a la consideraci\u00f3n de la  naci\u00f3n y los diversos compromisos\u00a0  contra\u00eddos con los diferentes sectores sociales y econ\u00f3micos del pa\u00eds,  por eso se ha convertido en la \u00fanica\u00a0  alternativa con que cuenta el pueblo para sacar a la reelecci\u00f3n del  palacio nacional, por eso la avalancha de votos a favor del Ing. Miguel Vargas  apunta a ganar en una primera vuelta este pr\u00f3ximo 16 de mayo.\u00a0 <\/p>\n<p>&#13;<\/p>\n<p align=\"justify\" class=\"text1noticias\">El voto  mayoritario a su favor que concita la candidatura de Miguel Vargas se debe a que adem\u00e1s de concurrir a estas  elecciones \u00a0con su partido unificado ha  podido sumar a su candidatura un gran abanico de movimientos y fuerzas  pol\u00edticas que no son del PRD, pero que lo ven como una persona id\u00f3nea y  capacitada para gobernar de forma solidaria, tanto a beneficio del pa\u00eds como a  beneficio de su organizaci\u00f3n pol\u00edtica. \u00a0<\/p>\n<p>&#13;<\/p>\n<p align=\"justify\" class=\"text1noticias\">Por eso, el  Ing. Miguel Vargas de cara a estas elecciones no es s\u00f3lo el candidato de su  partido, sino el candidato que la mayor\u00eda de la naci\u00f3n ha escogido para  derrotar a la reelecci\u00f3n\u00a0 y de paso  comenzar a enfrentar la extrema crisis moral, material y econ\u00f3mica, que hoy  amenaza con destruir las esencias de las instituciones representativas del  pa\u00eds.<\/p>\n<p>&#13;<\/p>\n<p align=\"justify\" class=\"text1noticias\">Evelio  Arroyo es Soci\u00f3logo, Abogado y Escritor. Es, adem\u00e1s, Director Nacional de  Comunicaciones y Estrategias del Movimiento en L\u00ednea con Miguel, que preside el  Dr. Francisco Fern\u00e1ndez. <\/p>\n<p>&#13;<\/p>\n<h6> 2008-05-11 04:06:26 <\/h6>\n<p><!--\n<link rel=\"stylesheet\" href=\"css\/bootstrap.min.css\">\n\n\n<ul class=\"pagination\">\n\t    \n\t\n\n<li >\n\t<a href='?page_no=12047'>Previous<\/a>\n\t<\/li>\n\n\n       \n    \n\n<li><a href='?page_no=1'>1<\/a><\/li>\n\n\n\n<li><a href='?page_no=2'>2<\/a><\/li>\n\n\n\n<li><a>...<\/a><\/li>\n\n\n\n<li><a href='?page_no=12046'>12046<\/a><\/li>\n\n\n\n<li><a href='?page_no=12047'>12047<\/a><\/li>\n\n\n\n<li class='active'><a>12048<\/a><\/li>\n\n\n\n<li><a href='?page_no=12049'>12049<\/a><\/li>\n\n\n\n<li><a href='?page_no=12050'>12050<\/a><\/li>\n\n\n\n<li><a>...<\/a><\/li>\n\n\n\n<li><a href='?page_no=13611'>13611<\/a><\/li>\n\n\n\n<li><a href='?page_no=13612'>13612<\/a><\/li>\n\n    \n\t\n\n<li >\n\t<a href='?page_no=12049'>Next<\/a>\n\t<\/li>\n\n\n    \n\n<li><a href='?page_no=13612'>Last &rsaquo;&rsaquo;<\/a><\/li>\n\n<\/ul>\n\n\n--><br \/>\n<\/body><\/p>\n","protected":false},"excerpt":{"rendered":"<p>El Voto Mayoritario a Favor de Miguel Vargas &#13; Las elecciones del pr\u00f3ximo viernes 16 de mayo tienen una importancia capital, tanto para el proceso democr\u00e1tico del pa\u00eds como para lograr un cambio en el gobierno que motorice las aspiraciones de todo un pueblo que siente sus deseos de redenci\u00f3n y \u00a0de progreso diluirse, por\u00a0 [&hellip;]<\/p>\n","protected":false},"author":3,"featured_media":0,"comment_status":"open","ping_status":"open","sticky":false,"template":"","format":"standard","meta":{"footnotes":""},"categories":[16],"tags":[],"class_list":["post-36157","post","type-post","status-publish","format-standard","hentry","category-opiniones"],"_links":{"self":[{"href":"https:\/\/diariodominicano.com\/index.php?rest_route=\/wp\/v2\/posts\/36157","targetHints":{"allow":["GET"]}}],"collection":[{"href":"https:\/\/diariodominicano.com\/index.php?rest_route=\/wp\/v2\/posts"}],"about":[{"href":"https:\/\/diariodominicano.com\/index.php?rest_route=\/wp\/v2\/types\/post"}],"author":[{"embeddable":true,"href":"https:\/\/diariodominicano.com\/index.php?rest_route=\/wp\/v2\/users\/3"}],"replies":[{"embeddable":true,"href":"https:\/\/diariodominicano.com\/index.php?rest_route=%2Fwp%2Fv2%2Fcomments&post=36157"}],"version-history":[{"count":0,"href":"https:\/\/diariodominicano.com\/index.php?rest_route=\/wp\/v2\/posts\/36157\/revisions"}],"wp:attachment":[{"href":"https:\/\/diariodominicano.com\/index.php?rest_route=%2Fwp%2Fv2%2Fmedia&parent=36157"}],"wp:term":[{"taxonomy":"category","embeddable":true,"href":"https:\/\/diariodominicano.com\/index.php?rest_route=%2Fwp%2Fv2%2Fcategories&post=36157"},{"taxonomy":"post_tag","embeddable":true,"href":"https:\/\/diariodominicano.com\/index.php?rest_route=%2Fwp%2Fv2%2Ftags&post=36157"}],"curies":[{"name":"wp","href":"https:\/\/api.w.org\/{rel}","templated":true}]}}