{"id":36156,"date":"2008-05-11T04:11:24","date_gmt":"2008-05-11T04:11:24","guid":{"rendered":"http:\/\/diariodominicano.ddns.net\/?p=36156"},"modified":"2008-05-11T04:11:24","modified_gmt":"2008-05-11T04:11:24","slug":"socialismo-democracia-y-mercado","status":"publish","type":"post","link":"https:\/\/diariodominicano.com\/?p=36156","title":{"rendered":"Socialismo, Democracia y Mercado"},"content":{"rendered":"<p><body><\/p>\n<style type=\"text\/css\"><![CDATA[\n<!--\n.style228 {color: #000000; font-family: Arial; font-style: normal; line-height: normal; font-size: 18px;}\n-->\n]]><\/style>\n<p>&#13;<\/p>\n<p align=\"center\" class=\"titulogrande1\"><strong>Socialismo, Democracia y Mercado<\/strong><\/p>\n<p>&#13;<\/p>\n<p><strong>\u00a0\u00a0\u00a0\u00a0\u00a0\u00a0\u00a0\u00a0\u00a0\u00a0\u00a0\u00a0\u00a0\u00a0\u00a0\u00a0\u00a0\u00a0\u00a0\u00a0\u00a0\u00a0\u00a0\u00a0\u00a0\u00a0\u00a0\u00a0\u00a0\u00a0\u00a0\u00a0\u00a0\u00a0\u00a0\u00a0\u00a0\u00a0\u00a0\u00a0\u00a0\u00a0\u00a0\u00a0\u00a0\u00a0\u00a0\u00a0\u00a0\u00a0\u00a0\u00a0\u00a0\u00a0\u00a0\u00a0\u00a0\u00a0\u00a0\u00a0\u00a0\u00a0\u00a0\u00a0\u00a0\u00a0\u00a0 Por <span class=\"textogrande\">Narciso Isa Conde<\/span><\/strong><\/p>\n<p>&#13;<\/p>\n<p align=\"justify\" class=\"text1noticias\">Est\u00e1 en debate el tema del  socialismo en este siglo, despu\u00e9s de las fallidas experiencias que tuvieron lugar  en Europa del Este en el siglo XX.<\/p>\n<p>&#13;<\/p>\n<p align=\"justify\" class=\"text1noticias\">\u00bfCu\u00e1l socialismo?<\/p>\n<p>&#13;<\/p>\n<p align=\"justify\" class=\"text1noticias\">\u00bfC\u00f3mo transitar hacia \u00e9l, previa  ruptura y superaci\u00f3n del control capitalista en la conducci\u00f3n del Estado y  sobre la sociedad civil?<\/p>\n<p>&#13;<\/p>\n<p align=\"justify\" class=\"text1noticias\">\u00bfQu\u00e9 hacer con la propiedad  privada sobre los medios de producci\u00f3n, distribuci\u00f3n y servicios en sus  diferentes escalas y en los distintos sectores?<\/p>\n<p>&#13;<\/p>\n<p align=\"justify\" class=\"text1noticias\">\u00bfQu\u00e9 hacer con el mercado?<\/p>\n<p>&#13;<\/p>\n<p align=\"justify\" class=\"text1noticias\">\u00bfPuede haber un \u201csocialismo de  mercado\u201d?<\/p>\n<p>&#13;<\/p>\n<p align=\"justify\" class=\"text1noticias\">\u00bfLa econom\u00eda debe seguirse  basando en un sistema de precios o es posible regirse por un sistema de equivalencias  en funci\u00f3n del c\u00e1lculo del valor en cada caso?<\/p>\n<p>&#13;<\/p>\n<p align=\"justify\" class=\"text1noticias\">\u00bfEs posible hacer socialismo con  las herramientas del capitalismo?<\/p>\n<p>&#13;<\/p>\n<p align=\"justify\" class=\"text1noticias\">Cierto que el mercado surgi\u00f3 con  anterioridad al capitalismo. Pero no menos cierto es que el mercado es  consustancial a este sistema de dominaci\u00f3n.<\/p>\n<p>&#13;<\/p>\n<p align=\"justify\" class=\"text1noticias\">\u00bfEs posible hacer socialismo sin  eliminar la propiedad privada sobre los grandes medios de producci\u00f3n,  distribuci\u00f3n y servicio, solo introduciendo la econom\u00eda de equivalencias y  redistribuyendo m\u00e1s justamente el ingreso nacional por v\u00eda impositiva y a  trav\u00e9s de programas sociales, aumentos de salarios, bonificaciones\u2026?<\/p>\n<p>&#13;<\/p>\n<p align=\"justify\" class=\"text1noticias\">Esta claro ya, dadas las  mencionadas experiencias fallidas, que la propiedad estatal con planificaci\u00f3n burocr\u00e1tica-centralizada,  lejos de conducir al socialismo, nos lleva inexorablemente un a s\u00faper-estado  burocr\u00e1tico y a una gran crisis estructural. Por eso hay explorar nuevas rutas  y dar respuestas a estas y otras interrogantes.<\/p>\n<p>&#13;<\/p>\n<div align=\"justify\">&#13;<\/p>\n<ul>&#13;<\/p>\n<li class=\"text1noticias\">Inter\u00e9s y actualidad de estas preguntas.<\/li>\n<p>&#13;\n  <\/ul>\n<p>&#13;\n<\/p><\/div>\n<p>&#13;<\/p>\n<p align=\"justify\" class=\"text1noticias\">Entonces, \u00bfqu\u00e9 hacer con el  tema de la planificaci\u00f3n?, \u00bfc\u00f3mo relacionar esta cuesti\u00f3n con la propiedad,  gesti\u00f3n y el mercado dentro de un proceso de orientaci\u00f3n socialista capaz de  superar integralmente el capitalismo y alcanzar felicidad espiritual, bienestar  material, avance cultural y educativo, estadios superiores de salud y  conocimiento, esp\u00edritu solidario, desarrollado arm\u00f3nico con la naturaleza,  igualdad de derecho entre g\u00e9neros, generaciones, razas, etnias y libertad para  toda la sociedad?<\/p>\n<p>&#13;<\/p>\n<p align=\"justify\" class=\"text1noticias\">Estas preguntas y las reflexiones  que sugieren han cobrado especial inter\u00e9s y actualidad a la luz de lo que pas\u00f3  con el socialismo en el siglo XX, del replanteo del socialismo en el contexto  del nuevo siglo, de las controvertidas respuestas chinas y vietnamita a la  crisis de su \u201csocialismo de Estado\u201d y de la discusi\u00f3n que tiene lugar hoy en  Cuba, despu\u00e9s de evidenciarse all\u00ed la necesidad de un cambio del modelo  predominante estatista-burocr\u00e1tico y de la superaci\u00f3n de la dualidad econ\u00f3mica  creada a ra\u00edz del periodo especial.<\/p>\n<p>&#13;<\/p>\n<div align=\"justify\">&#13;<\/p>\n<ul>&#13;<\/p>\n<li class=\"text1noticias\">Actualidad del esp\u00edritu del Che y el problema  de la transici\u00f3n.<\/li>\n<p>&#13;\n  <\/ul>\n<p>&#13;\n<\/p><\/div>\n<p>&#13;<\/p>\n<p align=\"justify\" class=\"text1noticias\">En este contexto recobran  actualidad las reflexiones de Ernesto-Che- Guevara y su esp\u00edritu de b\u00fasqueda,  justamente en la v\u00edspera de su ochenta aniversario.<\/p>\n<p>&#13;<\/p>\n<p align=\"justify\" class=\"text1noticias\">Y recobran fuerza especialmente  sus cr\u00edticas al c\u00e1lculo econ\u00f3mico, a la planificaci\u00f3n burocr\u00e1tica, al culto al  mercado, y a la unilateralidad en cuanto a los est\u00edmulos materiales a costa de  la conciencia socialista. Su insumisi\u00f3n respecto a lo que ve\u00eda en tren de  fracasar o cargado de anti-valores propios del orden a superar. <\/p>\n<p>&#13;<\/p>\n<p align=\"justify\" class=\"text1noticias\">La cuesti\u00f3n es que todo esto  merece ser tratado con su mismo esp\u00edritu, sin apego al dogma, sin sacralizar  sus reflexiones y b\u00fasquedas. Y, adem\u00e1s, teniendo presente todo el desarrollo  del pensamiento revolucionario socialista en las \u00faltimas tres d\u00e9cadas del siglo  XX y en lo que va del siglo XXI.<\/p>\n<p>&#13;<\/p>\n<p align=\"justify\" class=\"text1noticias\">Aqu\u00ed quiero insistir en la  necesidad de concebir el socialismo como  transici\u00f3n y como construcci\u00f3n hacia \u00e9l, desde determinadas niveles del  desarrollo capitalista. <\/p>\n<p>&#13;<\/p>\n<p align=\"justify\" class=\"text1noticias\">Transiciones despu\u00e9s de una  ruptura con la dominaci\u00f3n y la hegemon\u00eda del capital: procesos siempre cargados  de herencias, mecanismos, \u201cculturas\u201d, pr\u00e1cticas, sistemas\u2026imposibles de superar  por decreto o al instante; menos aun dentro de los estrechos m\u00e1rgenes de las  revoluciones, o de los procesos hacia revoluciones, escenificadas en un pa\u00eds o  un grupo limitado de pa\u00edses.<\/p>\n<p>&#13;<\/p>\n<p align=\"justify\" class=\"text1noticias\">Transiciones revolucionarias m\u00e1s  o menos dif\u00edciles, tortuosas, lentas, aceleradas, accidentadas\u2026<\/p>\n<p>&#13;<\/p>\n<p align=\"justify\" class=\"text1noticias\">Y es dentro de esas transiciones  donde se necesita ubicar la justa relaci\u00f3n en cada periodo entre formas de  propiedad, sistemas de gesti\u00f3n, \u00e1reas de mercado y \u00e1reas de no mercado, valores  y precios, espiritualidad y materialidad, seres humanos y naturaleza,  tecnolog\u00edas apropiadas e industrializaci\u00f3n, procesos nacionales y procesos  continentales y mundiales, Estado y sociedad, participaci\u00f3n y coerci\u00f3n\u2026<\/p>\n<p>&#13;<\/p>\n<p align=\"justify\" class=\"text1noticias\">Si el capitalismo es un sistema de dominaci\u00f3n integral (econ\u00f3mico, social, pol\u00edtico, militar, cultural, ideol\u00f3gico) el socialismo debe  ser un sistema de liberaci\u00f3n integral.<\/p>\n<p>&#13;<\/p>\n<p align=\"justify\" class=\"text1noticias\">Por eso no es v\u00e1lido, ni en el  terreno econ\u00f3mico en particular, ni en el modelo en su conjunto, aislar una de  otra, estas cuestiones esenciales.<\/p>\n<p>&#13;<\/p>\n<div align=\"justify\">&#13;<\/p>\n<ul>&#13;<\/p>\n<li class=\"text1noticias\">Proceso progresivo y ascendente de  socializaci\u00f3n.<\/li>\n<p>&#13;\n  <\/ul>\n<p>&#13;\n<\/p><\/div>\n<p>&#13;<\/p>\n<p align=\"justify\" class=\"text1noticias\">El paso de lo privado a lo  social, y del Estado a la sociedad autogestionada, del mercado al no mercado,  de la explotaci\u00f3n a la no explotaci\u00f3n, de las bases tecnol\u00f3gicas del  industrialismo capitalista al desarrollo socialista (con tecnolog\u00edas apropiadas  y no agresiva contra la vida) \u2026y la erradicaci\u00f3n de todas las modalidades de discriminaci\u00f3n,  marginaci\u00f3n y subordinaci\u00f3n, opresi\u00f3n y violencia en direcci\u00f3n a una sociedad  de seres humanos libres espiritualmente y libres materialmente, es ante nada un  proceso progresivo y ascendente, sin exclusi\u00f3n de campos de acci\u00f3n.<\/p>\n<p>&#13;<\/p>\n<p align=\"justify\" class=\"text1noticias\">Los grados de avances en la  socializaci\u00f3n deben medirse en cada uno de esos aspectos interrelacionados.<\/p>\n<p>&#13;<\/p>\n<p align=\"justify\" class=\"text1noticias\">Lo viejo no se puede suprimir de  sopet\u00f3n, pero tampoco debe perdurar m\u00e1s de lo necesario; nunca se deber\u00eda  actuar por debajo de lo que posibilite transformar y reemplazar en el sentido  anticapitalista y socialista la acci\u00f3n conciente de las fuerzas de vanguardia y  la conciencia y determinaci\u00f3n de los sujetos sociales del cambio. Y en este  orden pueden darse situaciones variadas, combinaciones temporales y cambios  ascendentes.<\/p>\n<p>&#13;<\/p>\n<p align=\"justify\" class=\"text1noticias\">Una cosa es el mercado sin  regulaci\u00f3n y otra cosa es un mercado regulado por normas y acompa\u00f1ado de  procesos que posibiliten su progresiva extinci\u00f3n. Igual una cosa es un mercado  total y omn\u00edmodo y otra un mercado parcial acompa\u00f1ado de otras formas de  intercambio.<\/p>\n<p>&#13;<\/p>\n<p align=\"justify\" class=\"text1noticias\">Una cosa es un mercado en el que  concurran solo las ofertas de empresas capitalistas privadas, y otro en el que  concurran empresas de propiedad y gesti\u00f3n social, pasando temporalmente por  diversas combinaciones en cuanto a participaci\u00f3n de empresas con variadas  formas de propiedad y de gesti\u00f3n (asociativas, cooperativas, colectivas,  gestionadas, co-gestionadas, privadas, mixtas&#8230;).<\/p>\n<p>&#13;<\/p>\n<p align=\"justify\" class=\"text1noticias\">Una cosa es un mercado dominado  por monopolios y oligopolios privados y otro aquel en el que concurran empresas  socializadas y cooperativas socialistas acompa\u00f1adas o no de otras formas no  hegem\u00f3nicas de propiedad privada, individual y mixta.<\/p>\n<p>&#13;<\/p>\n<p align=\"justify\" class=\"text1noticias\">Una cosa es hablar de una  transici\u00f3n con un mercado sujeto a desparecer y con presencia de modalidades de  propiedad privada o mixta en v\u00eda de superaci\u00f3n, y otra es hablar de \u201csocialismo  de mercado\u201d con creciente presencia de la concurrencia del gran capital  transnacional.<\/p>\n<p>&#13;<\/p>\n<p align=\"justify\" class=\"text1noticias\">La transici\u00f3n al socialismo puede  ser compatible con procesos de mercado y presencia de propiedad privada o mixta  de diferente rango. Pero el avance hacia el socialismo pleno requiere, mediante  esfuerzos sostenidos de socializaci\u00f3n, tanto de la superaci\u00f3n de la propiedad  privada sobre los medios de producci\u00f3n, distribuci\u00f3n y servicios, como del  mercado y de la explotaci\u00f3n del trabajo asalariado.<\/p>\n<p>&#13;<\/p>\n<p align=\"justify\" class=\"text1noticias\">Esto \u00faltimo implica a su vez la  superaci\u00f3n de todo estatismo basado en el trabajo asalariado, en la  planificaci\u00f3n centralizada y en la apropiaci\u00f3n y\/o el poder de decisi\u00f3n de la  burocracia sobre el excedente.<\/p>\n<p>&#13;<\/p>\n<p align=\"justify\" class=\"text1noticias\">El proceso hacia el socialismo,  por tanto, en el campo econ\u00f3mico debe implicar predominio ascendente de  diversas modalidades de propiedad social y de la propiedad p\u00fablica y\/o estatal  autogestionada o cogestionada por los(as) trabajadores(as); predominio del intercambio  equivalente, basado en el valor real de las mercanc\u00edas, predominio de la planificaci\u00f3n  descentralizada, democr\u00e1tica, participativa\u2026<\/p>\n<p>&#13;<\/p>\n<p align=\"justify\" class=\"text1noticias\">En lo pol\u00edtico-institucional debe  haber cada vez m\u00e1s democracia, cada vez m\u00e1s participaci\u00f3n, cada vez m\u00e1s auto-organizaci\u00f3n,  cada vez mas poder de decisi\u00f3n de la sociedad, cada vez menos Estado, menos  represi\u00f3n\u2026hasta su completa extinci\u00f3n.<\/p>\n<p>&#13;<\/p>\n<p align=\"justify\" class=\"text1noticias\">En cuanto a relaci\u00f3n de g\u00e9nero,  el socialismo es inseparable de la igualdad de derechos en la familia, en la  sociedad, frente al Estado. Es inseparable de la plena superaci\u00f3n del  patriarcado.<\/p>\n<p>&#13;<\/p>\n<p align=\"justify\" class=\"text1noticias\">Y ese sentido la igualdad de  derechos dentro de las diferencias objetivas, es absolutamente v\u00e1lida tambien  para el tratamiento del problema generacional, racial y \u00e9tnico.<\/p>\n<p>&#13;<\/p>\n<p align=\"justify\" class=\"text1noticias\">Todos son procesos progresivos, no  autom\u00e1ticos. Pero todos deber\u00edan ser llevados a cabo con la mayor aceleraci\u00f3n  posible y en forma integral, al comp\u00e1s de la necesaria continentalizaci\u00f3n y  mundializaci\u00f3n de la revoluci\u00f3n y el tr\u00e1nsito al nuevo socialismo.<\/p>\n<p>&#13;<\/p>\n<p align=\"justify\" class=\"text1noticias\">De lo contrario, el socialismo se  queda trunco, mediatizado, con tendencia a involucionar, a colapsar y\/o a  restaurar paulatinamente los anti-valores y mecanismos de la sociedad que se  propuso superar.<\/p>\n<p>&#13;<\/p>\n<div align=\"justify\">&#13;<\/p>\n<ul>&#13;<\/p>\n<li class=\"text1noticias\">El caso Cuba<\/li>\n<p>&#13;\n  <\/ul>\n<p>&#13;\n<\/p><\/div>\n<p>&#13;<\/p>\n<p align=\"justify\" class=\"text1noticias\">El punto de partida cubano es  otro: all\u00ed ha tenido lugar la expropiaci\u00f3n de la propiedad privada capitalista  en ampl\u00edsima escala y se ha cumplido la fase del traspaso por v\u00eda  revolucionaria de lo privado a lo p\u00fablico, junto a la conquista de la  independencia frente al imperialismo. Solo que en ese proceso la estructura  econ\u00f3mica pas\u00f3 a manos del Estado y no propiamente a la sociedad, de los\/as  trabajadores\/as, y el partido, los movimientos sociales y los \u00f3rganos de poder  de la sociedad civil se amalgamaron con la burocracia estatal, perdiendo  capacidad de socializaci\u00f3n y democratizaci\u00f3n progresiva.<\/p>\n<p>&#13;<\/p>\n<p align=\"justify\" class=\"text1noticias\">El caso cubano, a m\u00ed entender, es  inverso, o m\u00e1s bien diferente, al del resto del continente: porque de lo que se  trata all\u00ed es de convertir lo estatal en social, sustituir la planificaci\u00f3n burocr\u00e1tica  y centralizada por la planificaci\u00f3n democr\u00e1tica-participativa, la gesti\u00f3n  burocr\u00e1tica por la autogesti\u00f3n o cogesti\u00f3n obrera y popular, la centralizaci\u00f3n  pol\u00edtica por la participaci\u00f3n democr\u00e1tica. <\/p>\n<p>&#13;<\/p>\n<p align=\"justify\" class=\"text1noticias\">Se trata tambien de superar la  dualidad entre estatismo y \u00e1rea d\u00f3lar de la econom\u00eda por un proyecto de  transici\u00f3n \u00fanico e integral, que tenga de mercado y de peque\u00f1a, mediana  propiedad privada y \u00a0propiedad mixta, lo  imprescindible y\/o necesario en cada momento; con tendencia a superar\u00a0 la relaci\u00f3n propiedad estatal- explotaci\u00f3n  del trabajo asalariado, a socializar sin estatizar y a des-estatizar sin  privatizar, auspiciando la propiedad colectiva, la cooperativizaci\u00f3n  socialista, la autogesti\u00f3n, la auto-organizaci\u00f3n y la democracia participativa  y directa.<\/p>\n<p>&#13;<\/p>\n<p align=\"justify\" class=\"text1noticias\">Y esto entra\u00f1a vencer y  reemplazar el poder burocr\u00e1tico, algo bastante distinto a derrotar la gran  propiedad privada capitalista, el dominio olig\u00e1rquico- imperialista y las  garras del capital transnacional. Distinto, menos complejo y menos traum\u00e1tico,  pero no f\u00e1cil.<\/p>\n<p>&#13;<\/p>\n<p align=\"justify\" class=\"text1noticias\">Esta idea de socializaci\u00f3n de lo  estatal y democratizaci\u00f3n socialista, claro est\u00e1, nada tiene que ver con el \u201cmodelo  chino\u201d, eficaz como v\u00eda de restauraci\u00f3n paulatina, social-democratizante y \u201cno  traum\u00e1tica\u201d del capitalismo; lo que en el caso cubano, ser\u00eda todav\u00eda mucho m\u00e1s  negativo (incluso en lo relativo a su soberan\u00eda), dada la dimensi\u00f3n de su  econom\u00eda y de su pa\u00eds y la cercana gravitaci\u00f3n del imperialismo estadounidense  y de la mafia cubano \u2013americana de Miami.<\/p>\n<p>&#13;<\/p>\n<p align=\"justify\" class=\"text1noticias\">En Cuba \u2013ya lo han dicho  intelectuales cubanos y cuadros pol\u00edtico con mucha autoridad y experiencia- lo  que est\u00e1 a la orden del d\u00eda y podr\u00eda lograr el m\u00e1ximo de consenso es la  superaci\u00f3n del poder de la burocracia en la econom\u00eda de Estado y en el sistema  pol\u00edtico institucional, la sustituci\u00f3n del modelo actual por un nuevo modelo de  orientaci\u00f3n socialista, hacia un socialismo participativo y profundamente  democr\u00e1tico, y hacia un relevo generacional.<\/p>\n<p>&#13;<\/p>\n<p align=\"justify\" class=\"text1noticias\">Otra opci\u00f3n, a mi entender, habr\u00e1  de generar contradicciones y situaciones no deseables.<\/p>\n<p>&#13;<\/p>\n<p align=\"justify\" class=\"text1noticias\">Est\u00e1 claro, adem\u00e1s, que a nivel  continental el reencuentro revolucionario es imposible al margen de la  necesidad de abrazar los nuevos socialismos, capaces de superar el capitalismo  neoliberal y su seudodemocracia, y el mal llamado \u201csocialismo de Estado\u201d.<\/p>\n<p>&#13;<\/p>\n<h6> 2008-05-11 04:11:24 <\/h6>\n<p><!--\n<link rel=\"stylesheet\" href=\"css\/bootstrap.min.css\">\n\n\n<ul class=\"pagination\">\n\t    \n\t\n\n<li >\n\t<a href='?page_no=12046'>Previous<\/a>\n\t<\/li>\n\n\n       \n    \n\n<li><a href='?page_no=1'>1<\/a><\/li>\n\n\n\n<li><a href='?page_no=2'>2<\/a><\/li>\n\n\n\n<li><a>...<\/a><\/li>\n\n\n\n<li><a href='?page_no=12045'>12045<\/a><\/li>\n\n\n\n<li><a href='?page_no=12046'>12046<\/a><\/li>\n\n\n\n<li class='active'><a>12047<\/a><\/li>\n\n\n\n<li><a href='?page_no=12048'>12048<\/a><\/li>\n\n\n\n<li><a href='?page_no=12049'>12049<\/a><\/li>\n\n\n\n<li><a>...<\/a><\/li>\n\n\n\n<li><a href='?page_no=13611'>13611<\/a><\/li>\n\n\n\n<li><a href='?page_no=13612'>13612<\/a><\/li>\n\n    \n\t\n\n<li >\n\t<a href='?page_no=12048'>Next<\/a>\n\t<\/li>\n\n\n    \n\n<li><a href='?page_no=13612'>Last &rsaquo;&rsaquo;<\/a><\/li>\n\n<\/ul>\n\n\n--><br \/>\n<\/body><\/p>\n","protected":false},"excerpt":{"rendered":"<p>&#13; Socialismo, Democracia y Mercado &#13; \u00a0\u00a0\u00a0\u00a0\u00a0\u00a0\u00a0\u00a0\u00a0\u00a0\u00a0\u00a0\u00a0\u00a0\u00a0\u00a0\u00a0\u00a0\u00a0\u00a0\u00a0\u00a0\u00a0\u00a0\u00a0\u00a0\u00a0\u00a0\u00a0\u00a0\u00a0\u00a0\u00a0\u00a0\u00a0\u00a0\u00a0\u00a0\u00a0\u00a0\u00a0\u00a0\u00a0\u00a0\u00a0\u00a0\u00a0\u00a0\u00a0\u00a0\u00a0\u00a0\u00a0\u00a0\u00a0\u00a0\u00a0\u00a0\u00a0\u00a0\u00a0\u00a0\u00a0\u00a0\u00a0\u00a0\u00a0 Por Narciso Isa Conde &#13; Est\u00e1 en debate el tema del socialismo en este siglo, despu\u00e9s de las fallidas experiencias que tuvieron lugar en Europa del Este en el siglo XX. &#13; \u00bfCu\u00e1l socialismo? &#13; \u00bfC\u00f3mo transitar hacia \u00e9l, previa ruptura y superaci\u00f3n del control capitalista en la [&hellip;]<\/p>\n","protected":false},"author":3,"featured_media":0,"comment_status":"open","ping_status":"open","sticky":false,"template":"","format":"standard","meta":{"footnotes":""},"categories":[16],"tags":[],"class_list":["post-36156","post","type-post","status-publish","format-standard","hentry","category-opiniones"],"_links":{"self":[{"href":"https:\/\/diariodominicano.com\/index.php?rest_route=\/wp\/v2\/posts\/36156","targetHints":{"allow":["GET"]}}],"collection":[{"href":"https:\/\/diariodominicano.com\/index.php?rest_route=\/wp\/v2\/posts"}],"about":[{"href":"https:\/\/diariodominicano.com\/index.php?rest_route=\/wp\/v2\/types\/post"}],"author":[{"embeddable":true,"href":"https:\/\/diariodominicano.com\/index.php?rest_route=\/wp\/v2\/users\/3"}],"replies":[{"embeddable":true,"href":"https:\/\/diariodominicano.com\/index.php?rest_route=%2Fwp%2Fv2%2Fcomments&post=36156"}],"version-history":[{"count":0,"href":"https:\/\/diariodominicano.com\/index.php?rest_route=\/wp\/v2\/posts\/36156\/revisions"}],"wp:attachment":[{"href":"https:\/\/diariodominicano.com\/index.php?rest_route=%2Fwp%2Fv2%2Fmedia&parent=36156"}],"wp:term":[{"taxonomy":"category","embeddable":true,"href":"https:\/\/diariodominicano.com\/index.php?rest_route=%2Fwp%2Fv2%2Fcategories&post=36156"},{"taxonomy":"post_tag","embeddable":true,"href":"https:\/\/diariodominicano.com\/index.php?rest_route=%2Fwp%2Fv2%2Ftags&post=36156"}],"curies":[{"name":"wp","href":"https:\/\/api.w.org\/{rel}","templated":true}]}}