{"id":36155,"date":"2008-05-11T04:15:13","date_gmt":"2008-05-11T04:15:13","guid":{"rendered":"http:\/\/diariodominicano.ddns.net\/?p=36155"},"modified":"2008-05-11T04:15:13","modified_gmt":"2008-05-11T04:15:13","slug":"el-16-de-mayo-y-mas-alla-2","status":"publish","type":"post","link":"https:\/\/diariodominicano.com\/?p=36155","title":{"rendered":"El 16 de mayo y m\u00e1s all\u00e1"},"content":{"rendered":"<p><body><\/p>\n<p align=\"center\" class=\"titulogrande1\"><strong>El  16 de mayo y m\u00e1s all\u00e1<\/strong><\/p>\n<p>&#13;<\/p>\n<p align=\"justify\" class=\"text1noticias\"><strong><em>Actuar para cambiar esta institucionalidad neoliberal y corrompida.<\/em><\/strong><\/p>\n<p>&#13;<\/p>\n<p align=\"justify\" class=\"text1noticias\">En este pa\u00eds el pr\u00f3ximo 16 de  mayo no habr\u00e1 elecciones, solo unas votaciones viciadas, degradadas,  previamente adulteradas.<\/p>\n<p>&#13;<\/p>\n<p align=\"justify\" class=\"text1noticias\"><strong>Adulteradas, degradadas y viciadas\u2026<\/strong> por el oro corruptor, por el  clientelismo desenfrenado, por el reparto de las instituciones, por la  degradaci\u00f3n moral de la Junta Central  Electoral y de todo el sistema de arbitraje y administraci\u00f3n electoral, por el  uso abusivo del poder y los recursos del Estado y por el empleo con esos fines  de fortunas mal habidas amasadas por la partidocracia oficialista y\/o opositora,  estrechamente articuladas a grandes empresarios inescrupulosos y a todas las  variantes de corrupci\u00f3n.<\/p>\n<p>&#13;<\/p>\n<p align=\"justify\" class=\"text1noticias\"><strong>Una decisi\u00f3n pre-fabricada.<\/strong><\/p>\n<p>&#13;<\/p>\n<p align=\"justify\" class=\"text1noticias\">El pr\u00f3ximo 16 de mayo no se  va a elegir, sino a escoger compulsivamente entre dos opciones parecidas o  similares en todo lo negativo: corrupci\u00f3n, perversi\u00f3n pol\u00edtica, neoliberalismo  empobrecedor y entreguismo respecto a la oligarqu\u00eda y al poder imperialista estadounidense.<\/p>\n<p>&#13;<\/p>\n<p align=\"justify\" class=\"text1noticias\">Opciones prefabricadas y  previamente polarizadas (PLD-Leonel Fern\u00e1ndez y PRD-Vargas Maldonado), que  representan indistintamente lo p\u00e9simo y lo peor, m\u00e1s de lo mismo, malo sobre malo,  crisis mayor\u2026 hacia una situaci\u00f3n cada vez peor.<\/p>\n<p>&#13;<\/p>\n<p align=\"justify\" class=\"text1noticias\">En este evento comicial no hay  espacios en votos para minor\u00edas, ya sean de ultraderecha, de derecha moderada o  simplemente progresista. No hay ni por asomo espacio significativo en votos  para la honestidad y la justicia.<\/p>\n<p>&#13;<\/p>\n<p align=\"justify\" class=\"text1noticias\">Este escenario est\u00e1 perversamente  ocupado en casi su totalidad por dos f\u00f3rmulas incapaces de traer algo bueno,  inservibles para producir soluciones a los problemas que ellas mismas y los  intereses que representan han creado y profundizado a lo largo de las \u00faltimas  d\u00e9cadas.<\/p>\n<p>&#13;<\/p>\n<p align=\"justify\" class=\"text1noticias\">En este escenario tiene lugar un  choque de trenes por competencias espurias, por preeminencias institucionales y  reparto del patrimonio estatal, del presupuesto y las riquezas nacionales.<\/p>\n<p>&#13;<\/p>\n<p align=\"justify\" class=\"text1noticias\">Un choque de trenes lleno de  complicidades, con \u00e1rbitros oficiales y agregados realmente pusil\u00e1nimes y  proclives siempre a instrumentar entuertos antinacionales y anti-populares.<\/p>\n<p>&#13;<\/p>\n<p align=\"justify\" class=\"text1noticias\">La reelecci\u00f3n por un lado y la  oposici\u00f3n tradicional por el otro, conformadas ambas en un ambiente de corrupci\u00f3n  y predominio neoliberal, lo contaminan todo en medio del deterioro social y la  recolonizaci\u00f3n brutal..<\/p>\n<p>&#13;<\/p>\n<p align=\"justify\" class=\"text1noticias\">La simulaci\u00f3n y la mentira le sirven  de envoltura a un sistema en franco proceso de putrefacci\u00f3n y a una realidad  social pr\u00f3xima a estallar o descomponerse en mayor grado.<\/p>\n<p>&#13;<\/p>\n<div align=\"justify\">&#13;<\/p>\n<ul>&#13;<\/p>\n<li class=\"text1noticias\"><strong>Un cambio todav\u00eda pendiente.<\/strong><\/li>\n<p>&#13;\n  <\/ul>\n<p>&#13;\n<\/p><\/div>\n<p>&#13;<\/p>\n<p align=\"justify\" class=\"text1noticias\">La necesidad de un cambio  radical est\u00e1 presente en la conciencia de una parte significativa de la  sociedad, pero los acontecimientos capaces de interrumpir ese c\u00edrculo vicioso y  viciado y los liderazgos y fuerzas con posibilidad de resquebrajar este dominio,  todav\u00eda no se han producido ni se han desarrollado.<\/p>\n<p>&#13;<\/p>\n<p align=\"justify\" class=\"text1noticias\">Ni el peri\u00f3dico auge de las  luchas sociales, ni el precario quehacer pol\u00edtico de las izquierdas  partidistas, han podido crear una nueva situaci\u00f3n, una nueva correlaci\u00f3n de fuerzas.  Ese sigue siendo el mayor reto pol\u00edtico de estos tiempos.<\/p>\n<p>&#13;<\/p>\n<p align=\"justify\" class=\"text1noticias\">Los esfuerzos de unidad o han  fracasado o se han quedaron cortos, y no se ha creado un cauce atractivo, capaz  de incorporar un amplio y diversos caudal transformador de los sectores  afectados por la crisis y por dispersi\u00f3n pol\u00edtica-social.<\/p>\n<p>&#13;<\/p>\n<p align=\"justify\" class=\"text1noticias\">La propuesta que reciente y  tard\u00edamente se estructur\u00f3 alrededor de la candidatura de Dr. Guillermo Moreno,  si bien no guarda relaci\u00f3n alguna con la corrupci\u00f3n imperante ni con la nefasta  partidocracia tradicional, carece de impacto, profundidad, beligerancia y poder  unificador. Carece de programa superador del modelo neoliberal y de la decadente  institucionalidad vigente. <\/p>\n<p>&#13;<\/p>\n<p align=\"justify\" class=\"text1noticias\">En los hechos los sustentadores  de esa f\u00f3rmula electoral renunciaron innecesariamente a asemejarse a opciones como  la que en Suram\u00e9rica han representado Ch\u00e1vez, Evo Morales, y Rafael Correa; am\u00e9n  de no ser el producto de un liderazgo previo, conquistado al calor de las  luchas populares.<\/p>\n<p>&#13;<\/p>\n<p align=\"justify\" class=\"text1noticias\">Es en fin de cuentas, se trata de  una propuesta elitista, a lo sumo capaz de atraer a una parte muy reducida de  las capas medias; con alt\u00edsimos riesgos, en consecuencia, de convertirse en la  cr\u00f3nica de un rev\u00e9s pol\u00edtico previamente anunciado y muy desfavorable para las  izquierdas.<\/p>\n<p>&#13;<\/p>\n<div align=\"justify\">&#13;<\/p>\n<ul>&#13;<\/p>\n<li class=\"text1noticias\"><strong>Entonces \u2026<\/strong><\/li>\n<p>&#13;\n  <\/ul>\n<p>&#13;\n<\/p><\/div>\n<p>&#13;<\/p>\n<p align=\"justify\" class=\"text1noticias\">Una coyuntura con esas  caracter\u00edsticas y esos resultados previsibles, no merece ser legitimada desde  una izquierda aut\u00e9nticamente revolucionaria; m\u00e1s cuando se vislumbra que la  crisis nacional en gestaci\u00f3n habr\u00e1 de trascenderla y habr\u00e1 de agravarse despu\u00e9s  de su frustratorio desenlace.<\/p>\n<p>&#13;<\/p>\n<p align=\"justify\" class=\"text1noticias\">Debemos actuar ahora en funci\u00f3n  de las potencialidades de ese futuro pr\u00f3ximo.<\/p>\n<p>&#13;<\/p>\n<p align=\"justify\" class=\"text1noticias\">El actual teatro electorero solo  sirve de cortina de humo para encubrir la debacle que se avecina, provocada por  las decadentes pol\u00edticas neoliberales, por el derroche de corrupci\u00f3n y  dispendio de recursos provocado en esta competencia espuria y por el impacto  estremecedor de la profunda crisis del capitalismo estadounidense y mundial.<\/p>\n<p>&#13;<\/p>\n<p align=\"justify\" class=\"text1noticias\">Participar en este evento, votar  en su desenlace, equivale a meterse en las patas de las caballos y a perder  autoridad, ya sea jugando a uno de los impostores o apostando a lo que podr\u00eda  ser una expresi\u00f3n electoral no solo reducid\u00edsima sino tambien inconsistente,  situada muy por detr\u00e1s del proceso de recuperaci\u00f3n de las izquierda latino-caribe\u00f1as.<\/p>\n<p>&#13;<\/p>\n<div align=\"justify\">&#13;<\/p>\n<ul>&#13;<\/p>\n<li class=\"text1noticias\"><strong>No legitimar este escenario.<\/strong><\/li>\n<p>&#13;\n  <\/ul>\n<p>&#13;\n<\/p><\/div>\n<p>&#13;<\/p>\n<p align=\"justify\" class=\"text1noticias\">Por eso la membres\u00eda del  Proyecto Nueva Izquierda-C\u00edrculos Caama\u00f1istas ha tomado la decisi\u00f3n de no  votar, respetando a quienes han decidido hacerlo por lo que estiman es una  opci\u00f3n progresista o candidatura honesta.<\/p>\n<p>&#13;<\/p>\n<p align=\"justify\" class=\"text1noticias\">Creemos firmemente que la opci\u00f3n de izquierda,  capaz de cambiar el curso de los acontecimiento y romper este c\u00edrculo vicioso,  habr\u00e1 de crearse en las luchas sociales y pol\u00edticas que se avecinan; despu\u00e9s  que el desenlace de esta coyuntura confirme la necesidad de superar esta  institucionalidad carcomida, de acelerar el proceso de quiebra de la  partidocracia y despejar el camino de los grandes confrontaciones pol\u00edticas y  sociales transformadoras en un contexto de evidente inestabilidad pol\u00edtica y de  posibilidad de cambios estructurales profundos.<\/p>\n<p>&#13;<\/p>\n<div align=\"justify\">&#13;<\/p>\n<ul>&#13;<\/p>\n<li class=\"text1noticias\"><strong>Eso viene.<\/strong><\/li>\n<p>&#13;\n  <\/ul>\n<p>&#13;\n<\/p><\/div>\n<p>&#13;<\/p>\n<p align=\"justify\" class=\"text1noticias\">La opci\u00f3n, ll\u00e1mese reelecci\u00f3n  o no, que logre imponerse ahora, est\u00e1 expuesta a un acelerado desgaste por  inutilidad, por incapacidad y esencia social e ideol\u00f3gica para dar respuesta a  los persistentes y crecientes males acumulados en cuanto a salud, educaci\u00f3n,  alimentaci\u00f3n, seguridad y soberan\u00eda popular y nacional.<\/p>\n<p>&#13;<\/p>\n<p align=\"justify\" class=\"text1noticias\">El espacio para lo nuevo, para lo  transformador -para algo parecido al gobierno y al poder que Caama\u00f1o encabez\u00f3  en 1965, para un presidente como el que la intervenci\u00f3n militar estadounidense  depuso- habr\u00e1 de ampliarse en los pr\u00f3ximos meses para ponerle fin a m\u00e1s de  cuatro d\u00e9cadas de contrarrevoluci\u00f3n imperialista.<\/p>\n<p>&#13;<\/p>\n<p align=\"justify\" class=\"text1noticias\">El caama\u00f1ismo y todas las  izquierdas consecuentes -como expresi\u00f3n de honestidad, de democracia,  antiimperialismo, unidad de civiles y militares revolucionarios y proyecto  socialista-, tendr\u00e1n \u00f3ptimas condiciones para su desarrollo y reproducci\u00f3n en  funci\u00f3n de un nuevo poder post-neoliberal, transformador, portador de justicia  y felicidad colectiva.<\/p>\n<p>&#13;<\/p>\n<p align=\"justify\" class=\"text1noticias\"><strong>\u00a1Caama\u00f1o Vive!<\/strong><\/p>\n<p>&#13;<\/p>\n<p align=\"justify\" class=\"text1noticias\"><strong>\u00a1Caama\u00f1o Viene!<\/strong><\/p>\n<p>&#13;<\/p>\n<h6> 2008-05-11 04:15:13 <\/h6>\n<p><!--\n<link rel=\"stylesheet\" href=\"css\/bootstrap.min.css\">\n\n\n<ul class=\"pagination\">\n\t    \n\t\n\n<li >\n\t<a href='?page_no=12045'>Previous<\/a>\n\t<\/li>\n\n\n       \n    \n\n<li><a href='?page_no=1'>1<\/a><\/li>\n\n\n\n<li><a href='?page_no=2'>2<\/a><\/li>\n\n\n\n<li><a>...<\/a><\/li>\n\n\n\n<li><a href='?page_no=12044'>12044<\/a><\/li>\n\n\n\n<li><a href='?page_no=12045'>12045<\/a><\/li>\n\n\n\n<li class='active'><a>12046<\/a><\/li>\n\n\n\n<li><a href='?page_no=12047'>12047<\/a><\/li>\n\n\n\n<li><a href='?page_no=12048'>12048<\/a><\/li>\n\n\n\n<li><a>...<\/a><\/li>\n\n\n\n<li><a href='?page_no=13611'>13611<\/a><\/li>\n\n\n\n<li><a href='?page_no=13612'>13612<\/a><\/li>\n\n    \n\t\n\n<li >\n\t<a href='?page_no=12047'>Next<\/a>\n\t<\/li>\n\n\n    \n\n<li><a href='?page_no=13612'>Last &rsaquo;&rsaquo;<\/a><\/li>\n\n<\/ul>\n\n\n--><br \/>\n<\/body><\/p>\n","protected":false},"excerpt":{"rendered":"<p>El 16 de mayo y m\u00e1s all\u00e1 &#13; Actuar para cambiar esta institucionalidad neoliberal y corrompida. &#13; En este pa\u00eds el pr\u00f3ximo 16 de mayo no habr\u00e1 elecciones, solo unas votaciones viciadas, degradadas, previamente adulteradas. &#13; Adulteradas, degradadas y viciadas\u2026 por el oro corruptor, por el clientelismo desenfrenado, por el reparto de las instituciones, por [&hellip;]<\/p>\n","protected":false},"author":3,"featured_media":0,"comment_status":"open","ping_status":"open","sticky":false,"template":"","format":"standard","meta":{"footnotes":""},"categories":[16],"tags":[],"class_list":["post-36155","post","type-post","status-publish","format-standard","hentry","category-opiniones"],"_links":{"self":[{"href":"https:\/\/diariodominicano.com\/index.php?rest_route=\/wp\/v2\/posts\/36155","targetHints":{"allow":["GET"]}}],"collection":[{"href":"https:\/\/diariodominicano.com\/index.php?rest_route=\/wp\/v2\/posts"}],"about":[{"href":"https:\/\/diariodominicano.com\/index.php?rest_route=\/wp\/v2\/types\/post"}],"author":[{"embeddable":true,"href":"https:\/\/diariodominicano.com\/index.php?rest_route=\/wp\/v2\/users\/3"}],"replies":[{"embeddable":true,"href":"https:\/\/diariodominicano.com\/index.php?rest_route=%2Fwp%2Fv2%2Fcomments&post=36155"}],"version-history":[{"count":0,"href":"https:\/\/diariodominicano.com\/index.php?rest_route=\/wp\/v2\/posts\/36155\/revisions"}],"wp:attachment":[{"href":"https:\/\/diariodominicano.com\/index.php?rest_route=%2Fwp%2Fv2%2Fmedia&parent=36155"}],"wp:term":[{"taxonomy":"category","embeddable":true,"href":"https:\/\/diariodominicano.com\/index.php?rest_route=%2Fwp%2Fv2%2Fcategories&post=36155"},{"taxonomy":"post_tag","embeddable":true,"href":"https:\/\/diariodominicano.com\/index.php?rest_route=%2Fwp%2Fv2%2Ftags&post=36155"}],"curies":[{"name":"wp","href":"https:\/\/api.w.org\/{rel}","templated":true}]}}