{"id":36154,"date":"2008-05-12T01:48:53","date_gmt":"2008-05-12T01:48:53","guid":{"rendered":"http:\/\/diariodominicano.ddns.net\/?p=36154"},"modified":"2008-05-12T01:48:53","modified_gmt":"2008-05-12T01:48:53","slug":"el-16-de-mayo-y-mas-alla","status":"publish","type":"post","link":"https:\/\/diariodominicano.com\/?p=36154","title":{"rendered":"El 16 de mayo y m\u00e1s all\u00e1"},"content":{"rendered":"<p><body><\/p>\n<p align=\"center\" class=\"titulogrande1\"><strong>El 16 de mayo y m\u00e1s all\u00e1<\/strong><\/p>\n<p>&#13;<\/p>\n<p align=\"justify\" class=\"text1noticias\">Posicionarnos  para cambiar esta institucionalidad neoliberal y corrompida<\/p>\n<p>&#13;<\/p>\n<p align=\"justify\" class=\"text1noticias\">El proyecto Nueva Izquierda<strong>&#8211; <\/strong>C\u00edrculos Caama\u00f1istas ha decidido acompa\u00f1ar a los dominicanos y dominicanas \u2013 que cada vez en mayor  n\u00famero- tienen la decisi\u00f3n de no votar en  los pr\u00f3ximos comicios del jueves16 de mayo, en vista de que en estas  circunstancias es imposible acumular fuerza significativa en votos a favor de  las izquierdas y de una alternativa progresista a la partidocracia corrompida y  a las opciones de la clase dominante- gobernante que sustenta el modelo  neoliberal vigente.<\/p>\n<p>&#13;<\/p>\n<p align=\"justify\" class=\"text1noticias\">Estamos convencidos de que  en esta coyuntura electoral -dados los problemas que afectaron la unidad de las  izquierdas y al polo popular alternativo del pa\u00eds y dadas las obstrucciones que  impidieron\u00a0 la construcci\u00f3n\u00a0 de una fuerza electoral y una candidatura  capaces de impactar este escenario y resquebrajar el nefasto oligopolio de los  partidos tradicionales, no es posible alcanzar una expresi\u00f3n en votos  proporcional a la significativa influencia de las ideas avanzadas y del  sentimiento a favor del cambio revolucionario existente en nuestra sociedad.<\/p>\n<p>&#13;<\/p>\n<p align=\"justify\" class=\"text1noticias\">Por tanto, a nuestro  entender no tiene sentido pol\u00edtico de oportunidad, intentar medir fuerza en  tales condiciones, sabido que los resultados estar\u00edan muy por debajo de las  potencialidades reales de las izquierdas y de los sectores pol\u00edticamente  avanzados de esta sociedad.<\/p>\n<p>&#13;<\/p>\n<p align=\"justify\" class=\"text1noticias\">Y esa realidad, junto a la  nueva reproducci\u00f3n en mayor escala de la bipolaridad y del car\u00e1cter excluyente  y oligop\u00f3lico del mecanismo electoral, nos permiten afirmar que el pr\u00f3ximo 16  de mayo aqu\u00ed no habr\u00e1 elecciones democr\u00e1ticas,  sino simplemente unas votaciones viciadas y degradadas por el oro corruptor,  por el clientelismo desenfrenado, por el reparto de las instituciones, por la  degradaci\u00f3n moral de la   Junta Central Electoral y de todo el sistema de arbitraje y  administraci\u00f3n electoral, por el uso abusivo del poder y los recursos del  Estado y por el empleo con esos fines de fortunas mal habidas, amasadas por la  partidocracia oficialista y\/o opositora, estrechamente articuladas a grandes  empresarios inescrupulosos y a todas las variantes de corrupci\u00f3n.<\/p>\n<p>&#13;<\/p>\n<div align=\"justify\">&#13;<\/p>\n<ul>&#13;<\/p>\n<li class=\"text1noticias\"><strong>Una  bipolaridad pre-fabricada.<\/strong><\/li>\n<p>&#13;\n  <\/ul>\n<p>&#13;\n<\/p><\/div>\n<p>&#13;<\/p>\n<p align=\"justify\" class=\"text1noticias\">El pr\u00f3ximo 16 de mayo, en consecuencia,  no se va a elegir, sino a escoger compulsivamente entre dos opciones parecidas  o similares en todo lo negativo: corrupci\u00f3n, perversi\u00f3n pol\u00edtica,  neoliberalismo empobrecedor y entreguismo respecto a la oligarqu\u00eda y al poder  imperialista estadounidense.<\/p>\n<p>&#13;<\/p>\n<p align=\"justify\" class=\"text1noticias\">Opciones prefabricadas,  secuestradas desde sus respectivas c\u00fapulas y contra sus propias bases  populares, previamente polarizadas (PLD-Leonel Fern\u00e1ndez y PRD-Vargas  Maldonado), que representan indistintamente lo p\u00e9simo y lo peor, m\u00e1s de lo  mismo, malo sobre malo hacia una crisis mayor\u2026 hacia una situaci\u00f3n cada vez  peor para los\/as de abajo.<\/p>\n<p>&#13;<\/p>\n<p align=\"justify\" class=\"text1noticias\"><strong>En este  evento comicial no hay espacios significativos en votos para minor\u00edas, ya sean  de ultraderecha, de derecha moderada o simplemente progresista. No hay ni por  asomo espacio significativo en votos para la honestidad y la justicia. En ese  orden el sufragio se reduce a lo testimonial y a lo marginal.<\/strong><\/p>\n<p>&#13;<\/p>\n<p align=\"justify\" class=\"text1noticias\">Este escenario est\u00e1  perversamente ocupado en casi su totalidad por dos f\u00f3rmulas incapaces de traer  algo bueno, inservibles para producir soluciones a los problemas que ellas  mismas y los intereses que representan han creado y profundizado a lo largo de  las \u00faltimas d\u00e9cadas.<\/p>\n<p>&#13;<\/p>\n<p align=\"justify\" class=\"text1noticias\">En este escenario tiene  lugar un choque de trenes por competencias espurias, por preeminencias  institucionales y reparto del patrimonio estatal, del presupuesto y las  riquezas nacionales, que incluso podr\u00eda devenir en un tranque electoral que  agrave la crisis pol\u00edtico-institucional en desarrollo.<\/p>\n<p>&#13;<\/p>\n<p align=\"justify\" class=\"text1noticias\">La reelecci\u00f3n, por un lado,  y la oposici\u00f3n tradicional, por el otro, conformadas ambas en un ambiente de  corrupci\u00f3n y predominio neoliberal, lo contaminan todo en medio del deterioro  social y la recolonizaci\u00f3n brutal.<\/p>\n<p>&#13;<\/p>\n<p align=\"justify\" class=\"text1noticias\">La simulaci\u00f3n y la mentira  le sirven de envoltura a un sistema en franco proceso de putrefacci\u00f3n y a una  realidad social pr\u00f3xima a estallar o descomponerse en mayor grado despu\u00e9s de  los comicios e incluso complicarse\u00a0 a  ra\u00edz del conteo de los votos.<\/p>\n<p>&#13;<\/p>\n<div align=\"justify\">&#13;<\/p>\n<ul>&#13;<\/p>\n<li class=\"text1noticias\"><strong>Un cambio  todav\u00eda pendiente.<\/strong><\/li>\n<p>&#13;\n  <\/ul>\n<p>&#13;\n<\/p><\/div>\n<p>&#13;<\/p>\n<p align=\"justify\" class=\"text1noticias\">La necesidad de un cambio  radical <em>que supere la grave crisis que sufren las grandes mayor\u00edas, <\/em>est\u00e1 presente en la conciencia de una parte significativa de la sociedad,  pero los acontecimientos capaces de interrumpir ese c\u00edrculo vicioso y viciado y  los liderazgos y fuerzas con posibilidad de resquebrajar este dominio, todav\u00eda  no se han producido ni se han desarrollado.<\/p>\n<p>&#13;<\/p>\n<p align=\"justify\" class=\"text1noticias\"><em>N<\/em>i el reciente auge de las luchas sociales, ni el precario quehacer  pol\u00edtico de las izquierdas partidistas, han podido crear una nueva situaci\u00f3n,  una nueva correlaci\u00f3n de fuerzas. Ese sigue siendo el mayor reto pol\u00edtico de  estos tiempos y no haberlo resuelto es una de las causas fundamentales del  retraso dominicano en relaci\u00f3n con la ola de cambios revolucionarios y  progresistas que tiene lugar en nuestra Am\u00e9rica.<\/p>\n<p>&#13;<\/p>\n<p align=\"justify\" class=\"text1noticias\">Lamentablemente los  esfuerzos de unidad pol\u00edtica-social  del polo progresista y contestatario han fracasaron o se quedaron muy  cortos antes de estas elecciones, impidiendo crear un cauce atractivo, capaz de  incorporar un amplio y diversos caudal transformador integrado por los sectores  afectados por la crisis. Y hoy  al igual que ayer, ello ha sido culpa en gran medida de la manipulaci\u00f3n, las  agendas soslayadas, y los sectarismos y vanguardismos infecundos que siempre  han afectado nuestra izquierda partidista.<\/p>\n<p>&#13;<\/p>\n<p align=\"justify\" class=\"text1noticias\">La propuesta que  tard\u00edamente, que de manera antidemocr\u00e1tica y separada de un conjunto valioso de  sectores de izquierda y progresista, se estructur\u00f3 alrededor de la candidatura  de Dr. Guillermo Moreno y con la boleta del MIUCA, si bien no guarda relaci\u00f3n  alguna con la corrupci\u00f3n imperante ni con la nefasta partidocracia tradicional,  adem\u00e1s de no haberse diferenciado lo necesario como  fuerza realmente alternativa, ha carecido de impacto, profundidad,  beligerancia y poder unificador. Se ha caracterizado por la carencia de un programa superador del modelo  neoliberal y de la decadente institucionalidad vigente, base necesaria para cualquier acuerdo pol\u00edtico de  avanzada. <\/p>\n<p>&#13;<\/p>\n<p align=\"justify\" class=\"text1noticias\">En los hechos los  sustentadores de esa f\u00f3rmula electoral renunciaron innecesariamente a abordar las causas de fondo que generan y agravan la crisis  econ\u00f3mica,\u00a0 pol\u00edtica, social,  institucional y moral de la sociedad dominicana, y su candidato\u00a0 se ha negado a identificarse de izquierda y a levantar banderas transformadoras como las  representadas por Ch\u00e1vez, Evo Morales, y Rafael Correa en Sudam\u00e9rica; am\u00e9n de que esa candidatura no es el  producto de un liderazgo previo, conquistado al calor de las luchas populares,  ni refrendado  democr\u00e1ticamente.<\/p>\n<p>&#13;<\/p>\n<div align=\"justify\">&#13;<\/p>\n<ul>&#13;<\/p>\n<li class=\"text1noticias\"><strong>En un  contexto as\u00ed no conviene legitimar las votaciones<\/strong><\/li>\n<p>&#13;\n  <\/ul>\n<p>&#13;\n<\/p><\/div>\n<p>&#13;<\/p>\n<p align=\"justify\" class=\"text1noticias\">Una coyuntura con esas caracter\u00edsticas  y esos resultados previsibles, no merece ser legitimada desde una izquierda revolucionaria; m\u00e1s  cuando se vislumbra que la crisis nacional en gestaci\u00f3n habr\u00e1 de trascenderla y  habr\u00e1 de agravarse despu\u00e9s de su frustratorio desenlace.<\/p>\n<p>&#13;<\/p>\n<p align=\"justify\" class=\"text1noticias\">Debemos actuar ahora en  funci\u00f3n de las potencialidades de ese futuro pr\u00f3ximo post electoral que reclama la creaci\u00f3n de un  referente unitario que vaya m\u00e1s all\u00e1 de las organizaciones partidarias y sobre  la base de la superaci\u00f3n real de todos los lastres del pasado.<\/p>\n<p>&#13;<\/p>\n<p align=\"justify\" class=\"text1noticias\">El actual teatro electorero  ya solo sirve de cortina de humo para encubrir la debacle que se avecina,  provocada por las decadentes pol\u00edticas neoliberales, por el derroche de  corrupci\u00f3n y dispendio de recursos provocado en esta competencia espuria y por  el impacto estremecedor de la profunda crisis del capitalismo estadounidense y  mundial.<\/p>\n<p>&#13;<\/p>\n<p align=\"justify\" class=\"text1noticias\">Por eso la membres\u00eda del  Proyecto Nueva Izquierda-C\u00edrculos Caama\u00f1istas decidi\u00f3<strong> unirse<\/strong> <strong>sin reservas a las dominicanas y dominicanos que no votar\u00e1n<\/strong>,  respetando a quienes han decidido hacerlo por lo que estiman es una opci\u00f3n  progresista o candidatura honesta.<\/p>\n<p>&#13;<\/p>\n<div align=\"justify\">&#13;<\/p>\n<ul type=\"disc\">&#13;<\/p>\n<li class=\"text1noticias\"><strong>Se avecinan       tiempos mejores<\/strong>.<\/li>\n<p>&#13;\n  <\/ul>\n<p>&#13;\n<\/p><\/div>\n<p>&#13;<\/p>\n<p align=\"justify\" class=\"text1noticias\">Creemos firmemente que la  opci\u00f3n de izquierda y popular,  capaz de cambiar el curso de los acontecimientos y romper este c\u00edrculo vicioso,  habr\u00e1 de crearse en las luchas sociales y pol\u00edticas que se avecinan; despu\u00e9s  que el desenlace de esta coyuntura confirme la necesidad de superar esta  institucionalidad carcomida, de acelerar el proceso de quiebra de la  partidocracia y despejar el camino de las grandes confrontaciones pol\u00edticas y  sociales transformadoras en un contexto de evidente inestabilidad pol\u00edtica y de  posibilidad de cambios estructurales profundos.<\/p>\n<p>&#13;<\/p>\n<p align=\"justify\" class=\"text1noticias\">La opci\u00f3n, ll\u00e1mese  reelecci\u00f3n o no, que logre imponerse ahora, est\u00e1 expuesta a un acelerado  desgaste por inutilidad, por su\u00a0 esencia  social e ideol\u00f3gica para dar respuesta a los persistentes y crecientes males  acumulados en cuanto a salud, educaci\u00f3n, alimentaci\u00f3n, seguridad y soberan\u00eda  popular y nacional.<\/p>\n<p>&#13;<\/p>\n<p align=\"justify\" class=\"text1noticias\">El espacio para lo nuevo,  para lo transformador -para algo parecido al gobierno y al poder que Caama\u00f1o  encabez\u00f3 en 1965, para un presidente como el que la intervenci\u00f3n militar  estadounidense depuso- habr\u00e1 de ampliarse en los pr\u00f3ximos meses para ponerle  fin a m\u00e1s de cuatro d\u00e9cadas de contrarrevoluci\u00f3n imperialista.<\/p>\n<p>&#13;<\/p>\n<p align=\"justify\" class=\"text1noticias\">Y por eso reiteramos  nuestra indeclinable vocaci\u00f3n unitaria, nuestra determinaci\u00f3n de avanzar para  unificar la diversidad revolucionaria y transformadora para construir lo  diferente, acompa\u00f1ando d\u00eda a d\u00eda los combates del pueblo, las luchas que  inevitablemente habr\u00e1n de tener lugar tan pronto pasen estos comicios y se  confirme que todo seguir\u00e1 de mal en peor.<\/p>\n<p>&#13;<\/p>\n<p align=\"justify\" class=\"text1noticias\">El caama\u00f1ismo y todas las izquierdas consecuentes y con vocaci\u00f3n  unitaria -como expresi\u00f3n de honestidad, de democracia, antiimperialismo, unidad  de civiles y militares revolucionarios y proyecto socialista-, tendr\u00e1n \u00f3ptimas condiciones para su desarrollo y reproducci\u00f3n en funci\u00f3n de un nuevo poder  post-neoliberal, transformador, portador de justicia y felicidad colectiva. <\/p>\n<p>&#13;<\/p>\n<p align=\"justify\" class=\"text1noticias\"><strong>\u00a1Caama\u00f1o Vive!<\/strong><br \/>&#13;<br \/>\n  <br \/>&#13;<br \/>\n<strong>\u00a1Caama\u00f1o Viene!<\/strong> <\/p>\n<p>&#13;<\/p>\n<h6> 2008-05-12 01:48:53 <\/h6>\n<p><!--\n<link rel=\"stylesheet\" href=\"css\/bootstrap.min.css\">\n\n\n<ul class=\"pagination\">\n\t    \n\t\n\n<li >\n\t<a href='?page_no=12044'>Previous<\/a>\n\t<\/li>\n\n\n       \n    \n\n<li><a href='?page_no=1'>1<\/a><\/li>\n\n\n\n<li><a href='?page_no=2'>2<\/a><\/li>\n\n\n\n<li><a>...<\/a><\/li>\n\n\n\n<li><a href='?page_no=12043'>12043<\/a><\/li>\n\n\n\n<li><a href='?page_no=12044'>12044<\/a><\/li>\n\n\n\n<li class='active'><a>12045<\/a><\/li>\n\n\n\n<li><a href='?page_no=12046'>12046<\/a><\/li>\n\n\n\n<li><a href='?page_no=12047'>12047<\/a><\/li>\n\n\n\n<li><a>...<\/a><\/li>\n\n\n\n<li><a href='?page_no=13611'>13611<\/a><\/li>\n\n\n\n<li><a href='?page_no=13612'>13612<\/a><\/li>\n\n    \n\t\n\n<li >\n\t<a href='?page_no=12046'>Next<\/a>\n\t<\/li>\n\n\n    \n\n<li><a href='?page_no=13612'>Last &rsaquo;&rsaquo;<\/a><\/li>\n\n<\/ul>\n\n\n--><br \/>\n<\/body><\/p>\n","protected":false},"excerpt":{"rendered":"<p>El 16 de mayo y m\u00e1s all\u00e1 &#13; Posicionarnos para cambiar esta institucionalidad neoliberal y corrompida &#13; El proyecto Nueva Izquierda&#8211; C\u00edrculos Caama\u00f1istas ha decidido acompa\u00f1ar a los dominicanos y dominicanas \u2013 que cada vez en mayor n\u00famero- tienen la decisi\u00f3n de no votar en los pr\u00f3ximos comicios del jueves16 de mayo, en vista de [&hellip;]<\/p>\n","protected":false},"author":3,"featured_media":0,"comment_status":"open","ping_status":"open","sticky":false,"template":"","format":"standard","meta":{"footnotes":""},"categories":[16],"tags":[],"class_list":["post-36154","post","type-post","status-publish","format-standard","hentry","category-opiniones"],"_links":{"self":[{"href":"https:\/\/diariodominicano.com\/index.php?rest_route=\/wp\/v2\/posts\/36154","targetHints":{"allow":["GET"]}}],"collection":[{"href":"https:\/\/diariodominicano.com\/index.php?rest_route=\/wp\/v2\/posts"}],"about":[{"href":"https:\/\/diariodominicano.com\/index.php?rest_route=\/wp\/v2\/types\/post"}],"author":[{"embeddable":true,"href":"https:\/\/diariodominicano.com\/index.php?rest_route=\/wp\/v2\/users\/3"}],"replies":[{"embeddable":true,"href":"https:\/\/diariodominicano.com\/index.php?rest_route=%2Fwp%2Fv2%2Fcomments&post=36154"}],"version-history":[{"count":0,"href":"https:\/\/diariodominicano.com\/index.php?rest_route=\/wp\/v2\/posts\/36154\/revisions"}],"wp:attachment":[{"href":"https:\/\/diariodominicano.com\/index.php?rest_route=%2Fwp%2Fv2%2Fmedia&parent=36154"}],"wp:term":[{"taxonomy":"category","embeddable":true,"href":"https:\/\/diariodominicano.com\/index.php?rest_route=%2Fwp%2Fv2%2Fcategories&post=36154"},{"taxonomy":"post_tag","embeddable":true,"href":"https:\/\/diariodominicano.com\/index.php?rest_route=%2Fwp%2Fv2%2Ftags&post=36154"}],"curies":[{"name":"wp","href":"https:\/\/api.w.org\/{rel}","templated":true}]}}