{"id":361536,"date":"2022-06-14T17:42:38","date_gmt":"2022-06-14T21:42:38","guid":{"rendered":"http:\/\/diariodominicano.com\/?p=361536"},"modified":"2022-06-14T17:51:00","modified_gmt":"2022-06-14T21:51:00","slug":"conmemoran-14-de-junio-con-diversas-honras-funebres-a-esteban-diaz-jaquez-fuerza-del-pueblo-se-proclama-heredera-de-la-lucha-del-14-de-junio","status":"publish","type":"post","link":"https:\/\/diariodominicano.com\/?p=361536","title":{"rendered":"Conmemoran 14 de junio, con diversas honras f\u00fanebres a Esteban D\u00edaz J\u00e1quez. Fuerza del Pueblo se proclama heredera de la lucha del 14 de junio"},"content":{"rendered":"\n<p>El presidente de Fuerza del Pueblo, Leonel Fern\u00e1ndez  encabez\u00f3 el acto de honras f\u00fanebres a Esteban D\u00edaz J\u00e1quez.<\/p>\n\n\n\n<figure class=\"wp-block-image size-large\"><img loading=\"lazy\" decoding=\"async\" width=\"1024\" height=\"678\" src=\"https:\/\/diariodominicano.com\/wp-content\/uploads\/2022\/06\/Leonel-en-guardia-de-honor-ante-restos-de-Esteban-Diaz-Jaquez14062022-1024x678.jpg\" alt=\"\" class=\"wp-image-361542\" srcset=\"https:\/\/diariodominicano.com\/wp-content\/uploads\/2022\/06\/Leonel-en-guardia-de-honor-ante-restos-de-Esteban-Diaz-Jaquez14062022-1024x678.jpg 1024w, https:\/\/diariodominicano.com\/wp-content\/uploads\/2022\/06\/Leonel-en-guardia-de-honor-ante-restos-de-Esteban-Diaz-Jaquez14062022-300x199.jpg 300w, https:\/\/diariodominicano.com\/wp-content\/uploads\/2022\/06\/Leonel-en-guardia-de-honor-ante-restos-de-Esteban-Diaz-Jaquez14062022-768x509.jpg 768w, https:\/\/diariodominicano.com\/wp-content\/uploads\/2022\/06\/Leonel-en-guardia-de-honor-ante-restos-de-Esteban-Diaz-Jaquez14062022-816x541.jpg 816w, https:\/\/diariodominicano.com\/wp-content\/uploads\/2022\/06\/Leonel-en-guardia-de-honor-ante-restos-de-Esteban-Diaz-Jaquez14062022.jpg 1280w\" sizes=\"auto, (max-width: 1024px) 100vw, 1024px\" \/><figcaption>Leonel Fern\u00e1ndez encabez\u00f3 la guardia de honor a Esteban D\u00edaz J\u00e1quez<\/figcaption><\/figure>\n\n\n\n<p><br>Santo Domingo, RD, 14 de junio de 2022.-  En un acto encabezado por la Direcci\u00f3n Pol\u00edtica en pleno, el partido Fuerza del Pueblo rindi\u00f3 honras f\u00fanebres al destacado dirigente y ex presidente del Partido de los Trabajadores Dominicanos (PTD), Esteban D\u00edaz J\u00e1quez, quien fue uno de los fundadores del movimiento revolucionario 1J4.<\/p>\n\n\n\n<p><br>En el marco de los actos f\u00fanebres a D\u00edaz J\u00e1quez, quien adem\u00e1s, era miembro de la Direcci\u00f3n Central de FP, fue le\u00eddo un Manifiesto en ocasi\u00f3n de conmemorarse este martes 14 de junio, el 63 aniversario de la gesta patri\u00f3tica que encabez\u00f3 en el a\u00f1o 1959 Enrique Jim\u00e9nez Moya.<\/p>\n\n\n\n<p><br>En el manifiesto le\u00eddo por Onofre Rojas, miembro de la Direcci\u00f3n Pol\u00edtica de FP, expresa que: \u201cLa Gesta Gloriosa de Constanza, Maim\u00f3n y Estero Hondo fue una expedici\u00f3n formada por 198 hombres, dominicanos en el exilio y un grupo de extranjeros, que constituy\u00f3 el mayor desaf\u00edo que se le hab\u00eda hecho en toda su historia a la tiran\u00eda Trujillista, que ya se acercaba a los 30 a\u00f1os.&nbsp;<\/p>\n\n\n\n<p><br>Como han dicho m\u00faltiples actores sociales e historiadores, sin duda alguna, el 14 de junio de 1959 marc\u00f3 el principio del fin del Estado de terror, humillaci\u00f3n y expoliaci\u00f3n a que dicho r\u00e9gimen hab\u00eda sometido a la sociedad dominicana\u201d.<\/p>\n\n\n\n<p><br>Se\u00f1ala que la mayor parte de los militantes que enfrentaron al r\u00e9gimen ten\u00edan como destino la c\u00e1rcel, la muerte o el exilio, por lo que buena parte de quienes lograron sobrevivir tuvieron que zarpar hacia playas extranjeras \u201cy desde ellas organizaron la resistencia y tomaron la decisi\u00f3n, despu\u00e9s del intento de la expedici\u00f3n de Cayo Confites en 1947, de retornar a la patria con la finalidad de establecer un r\u00e9gimen democr\u00e1tico, de prosperidad econ\u00f3mica para todos y garantizar los derechos pol\u00edticos y sociales fundamentales\u201d, dice el documento.<\/p>\n\n\n\n<p><br>Establece que los prop\u00f3sitos de los expedicionarios est\u00e1n contenidos de manera di\u00e1fana en el Programa M\u00ednimo del Movimiento de Liberaci\u00f3n Dominicana (MLD), los cuales fueron condensados en cuatro grandes aspectos: en lo pol\u00edtico, lo social, lo econ\u00f3mico y en lo internacional.<\/p>\n\n\n\n<p><br>El manifiesto sostiene que aunque la expedici\u00f3n del 14 de junio no logro sus objetivos militares inmediatos, ya que casi todos los expedicionarios sacrificaron sus vidas por la libertad, sin embargo como lo muestran los acontecimientos posteriores \u201cfue un extraordinario hecho pol\u00edtico que&nbsp; sacudi\u00f3 al r\u00e9gimen, el cual cometi\u00f3 uno de los cr\u00edmenes m\u00e1s horrendos, como lo fue el asesinato de las Hermanas Mirabal, acelerando el ajusticiamiento del tirano por parte de los h\u00e9roes del 30 de mayo\u00bb.<\/p>\n\n\n\n<p><br>\u00abCon la consiguiente ca\u00edda del r\u00e9gimen, la celebraci\u00f3n de elecciones nacionales ganadas de manera contundente por el Profesor Juan Bosch, quien propici\u00f3 la Constituci\u00f3n del 63, la cual recog\u00eda de la manera m\u00e1s avanzada posible todos los objetivos pol\u00edticos, institucionales, sociales y econ\u00f3micos propuestos por el MLD en su Programa M\u00ednimo\u201d, agrega la pieza.<\/p>\n\n\n\n<p><br><strong>FP heredera del 14 de junio y defensora de la Constituci\u00f3n<\/strong><\/p>\n\n\n\n<p><br>\u201cLa Fuerza del Pueblo se proclama como heredera de la lucha de los h\u00e9roes y m\u00e1rtires del 14 de junio y del Movimiento Revolucionario 14 de junio encabezado por Manolo Tavares y de las tesis y pr\u00e1cticas pol\u00edticas que encarn\u00f3 el profesor Juan Bosch.<\/p>\n\n\n\n<p><br>Igualmente, nuestro origen basado en la defensa de la Constituci\u00f3n de la Rep\u00fablica nos identifica como una fuerza constitucionalista\u201d.<\/p>\n\n\n\n<p><br>\u201cHoy d\u00eda, *Fuerza del pueblo* continua con la lucha de los h\u00e9roes del 14 de junio para lograr un verdadero r\u00e9gimen de seguridad social, que sea tan amplio que abarque a todos los integrantes de la sociedad, pero que haga \u00e9nfasis en garantizar una ni\u00f1ez segura, una vejez digna y una protecci\u00f3n eficaz a la salud de la mujer y que todos los dominicanos y dominicanas alcancen un h\u00e1bitat digno, hermoso y saludable\u201d, expresa el manifiesto.<\/p>\n\n\n\n<p><br>\u201cPor tanto las mujeres, hombres y j\u00f3venes integrantes de la Fuerza del Pueblo, hoy 14 de junio del 2022, ante el cuerpo presente de Esteban D\u00edaz J\u00e1quez, renovamos nuestro compromiso para continuar, junto a nuestro l\u00edder, el compa\u00f1ero Leonel Fern\u00e1ndez, enarbolando los principios, el patriotismo y la decisi\u00f3n inquebrantable de procurar una Rep\u00fablica Dominicana democr\u00e1tica y promotora de los derechos fundamentales de libertad y la justicia\u201d.<\/p>\n\n\n\n<p><br>En el acto, hicieron uso de la palabra, el presidente del partido, Leonel Fern\u00e1ndez y el secretario general, Antonio Florian, quienes resaltaron las cualidades del extinto Esteban D\u00edaz J\u00e1quez.<\/p>\n\n\n\n<p><br>*Secretar\u00eda de Comunicaciones**Fuerza del Pueblo*<\/p>\n","protected":false},"excerpt":{"rendered":"<p>El presidente de Fuerza del Pueblo, Leonel Fern\u00e1ndez encabez\u00f3 el acto de honras f\u00fanebres a Esteban D\u00edaz J\u00e1quez. Santo Domingo, RD, 14 de junio de 2022.- En un acto encabezado por la Direcci\u00f3n Pol\u00edtica en pleno, el partido Fuerza del Pueblo rindi\u00f3 honras f\u00fanebres al destacado dirigente y ex presidente del Partido de los Trabajadores [&hellip;]<\/p>\n","protected":false},"author":28,"featured_media":361539,"comment_status":"closed","ping_status":"","sticky":true,"template":"","format":"standard","meta":{"footnotes":""},"categories":[26,22,27],"tags":[],"class_list":["post-361536","post","type-post","status-publish","format-standard","has-post-thumbnail","hentry","category-efemerides","category-politica","category-portada"],"_links":{"self":[{"href":"https:\/\/diariodominicano.com\/index.php?rest_route=\/wp\/v2\/posts\/361536","targetHints":{"allow":["GET"]}}],"collection":[{"href":"https:\/\/diariodominicano.com\/index.php?rest_route=\/wp\/v2\/posts"}],"about":[{"href":"https:\/\/diariodominicano.com\/index.php?rest_route=\/wp\/v2\/types\/post"}],"author":[{"embeddable":true,"href":"https:\/\/diariodominicano.com\/index.php?rest_route=\/wp\/v2\/users\/28"}],"replies":[{"embeddable":true,"href":"https:\/\/diariodominicano.com\/index.php?rest_route=%2Fwp%2Fv2%2Fcomments&post=361536"}],"version-history":[{"count":3,"href":"https:\/\/diariodominicano.com\/index.php?rest_route=\/wp\/v2\/posts\/361536\/revisions"}],"predecessor-version":[{"id":361544,"href":"https:\/\/diariodominicano.com\/index.php?rest_route=\/wp\/v2\/posts\/361536\/revisions\/361544"}],"wp:featuredmedia":[{"embeddable":true,"href":"https:\/\/diariodominicano.com\/index.php?rest_route=\/wp\/v2\/media\/361539"}],"wp:attachment":[{"href":"https:\/\/diariodominicano.com\/index.php?rest_route=%2Fwp%2Fv2%2Fmedia&parent=361536"}],"wp:term":[{"taxonomy":"category","embeddable":true,"href":"https:\/\/diariodominicano.com\/index.php?rest_route=%2Fwp%2Fv2%2Fcategories&post=361536"},{"taxonomy":"post_tag","embeddable":true,"href":"https:\/\/diariodominicano.com\/index.php?rest_route=%2Fwp%2Fv2%2Ftags&post=361536"}],"curies":[{"name":"wp","href":"https:\/\/api.w.org\/{rel}","templated":true}]}}