{"id":36145,"date":"2008-05-13T23:02:47","date_gmt":"2008-05-13T23:02:47","guid":{"rendered":"http:\/\/diariodominicano.ddns.net\/?p=36145"},"modified":"2008-05-13T23:02:47","modified_gmt":"2008-05-13T23:02:47","slug":"solidaridad-con-narciso-isa-conde-y-la-dirigencia-de-la-ccb","status":"publish","type":"post","link":"https:\/\/diariodominicano.com\/?p=36145","title":{"rendered":"Solidaridad con Narciso Isa Conde y la Dirigencia de la CCB"},"content":{"rendered":"<p><body><\/p>\n<p align=\"center\" class=\"titulogrande1\"><strong>Solidaridad con Narciso Isa Conde y la Dirigencia de la CCB <\/strong><\/p>\n<p>&#13;<\/p>\n<p align=\"justify\" class=\"text1noticias\">La criminal ofensiva medi\u00e1tica del  imperio norteamericano desatada a trav\u00e9s de sus agencias de espionaje y  agresi\u00f3n, en combinaci\u00f3n con los poderes olig\u00e1rquicos de cada pa\u00eds del  continente, que se desarrolla ahora contra la CCB y todo el movimiento continental bolivariano,  tiene el prop\u00f3sito de amedrentar y bloquear a quienes desde cada rinc\u00f3n de  Nuestra Am\u00e9rica han decidido enfrentar las pol\u00edticas expansionistas del  Imperialismo empe\u00f1ado en su guerra total contra los pueblos en resistencia.<\/p>\n<p>&#13;<\/p>\n<p align=\"justify\" class=\"text1noticias\">Las hostilidades contra la Coordinadora Continental   Bolivariana se han dirigido en la actualidad contra la  mayor\u00eda de sus dignatarios y dirigentes principales, ensa\u00f1\u00e1ndose especialmente  contra la figura del Coordinador General de la Presidencia Colectiva,  el compa\u00f1ero dominicano Narciso Isa Conde, dejando claro que toda la  maleficencia que contra \u00e9l se concrete ser\u00e1 la formula de silenciamiento para  aplicar contra toda la   Presidencia y la Direcci\u00f3n General de la CCB.<\/p>\n<p>&#13;<\/p>\n<p align=\"justify\" class=\"text1noticias\">Pretende el imperio y sus cipayos,  con sus polic\u00edacos medios de prensa y desinformaci\u00f3n, estigmatizar con el  ep\u00edteto de terrorista a quienes mira como cabezas m\u00e1s visibles de un proyecto  de dignidad y patriotismo como el que encarna la CCB, sus afiliados y simpatizantes a lo largo  y\u00a0 ancho de la Am\u00e9rica Nuestra,  como cualquier otro emprendimiento popular que se niegue a seguir los  dict\u00e1menes subyugantes de Washington.<\/p>\n<p>&#13;<\/p>\n<p align=\"justify\" class=\"text1noticias\">Con su p\u00e9rfida y mentirosa matriz de  opini\u00f3n desboca Estados Unidos y los gobiernos plegados a sus intereses re-colonizadores  una furiosa campa\u00f1a demonizadora que con seguridad prepara el terreno para  hacer efectivas peores agresiones tendientes a aniquilar el avance del  creciente proceso de unificaci\u00f3n emancipadora bolivariana que vive Nuestra  Am\u00e9rica. Reg\u00edmenes desp\u00f3ticos como el de Colombia y Per\u00fa, especialmente,  mediante sus organismos de seguridad, vienen articul\u00e1ndose bajo las \u00f3rdenes de  Washington, con otros servicios represi\u00f3n en Ecuador, Rep\u00fablica Dominicana y  M\u00e9xico, para afinar sus fascistas mecanismos y procedimientos de persecuci\u00f3n y  criminalizaci\u00f3n contra compa\u00f1eros respecto a los que ya han librado y hecho  efectivas \u00f3rdenes de captura y procesos judiciales que expresan la reedici\u00f3n  del macartismo, el plan C\u00f3ndor y la renovada generalizaci\u00f3n de la vieja y  terrible Doctrina de Seguridad Nacional gringa. <\/p>\n<p>&#13;<\/p>\n<p align=\"justify\" class=\"text1noticias\">Esta ofensiva, aunque peligrosa y de  cuidado, instrumentada como parte de la ofensiva estrat\u00e9gica re-colonizadora  del imperio no lograr\u00e1 impedir el asenso del Movimiento Continental  Bolivariano, ni que se extiendan el internacionalismo y la solidaridad  creciente con la insurgencia bolivariana y la resistencia popular en la  provincia colombiana de la   Patria Grande so\u00f1ada; no lograr\u00e1n las campa\u00f1as intimidatorias  chantajear a las organizaciones revolucionarias que lidian por frenar el  expansionismo imperialista y establecer el decoro de Nuestra Am\u00e9rica.<\/p>\n<p>&#13;<\/p>\n<p align=\"justify\" class=\"text1noticias\">El movimiento popular est\u00e1 en  antecedentes ya de que los caminos del chantaje que abre con la mentira y el  enga\u00f1o el terrorismo medi\u00e1tico conducen hacia el prop\u00f3sito de desarrollar  acusaciones, encarcelamientos y asesinatos contra los dirigentes revolucionarios  y sociales en general del continente. En consecuencia, las fuerzas componentes  en la CCB en  transito a Movimiento Continental Bolivariano llaman a la movilizaci\u00f3n pol\u00edtica  contra este plan macabro, a denunciar los gobiernos y sectores que lo  propulsan, y a redoblar los esfuerzos por la potenciaci\u00f3n de la unidad del  movimiento popular. Urgente es la mutua solidaridad contra las pretensiones y  agresiones de las oligarqu\u00edas locales, como una necesidad estrat\u00e9gica  fundamental de la lucha contra el imperio en todos los terrenos y sentidos  presentes en la realidad pol\u00edtica de la Am\u00e9rica Nuestra.<\/p>\n<p>&#13;<\/p>\n<p align=\"justify\" class=\"text1noticias\">Contra las agresiones imperialistas,  contra la persecuci\u00f3n a los dirigentes populares del continente, por el  internacionalismo solidario, por el socialismo y la Patria Grande,  unidad, unidad, unidad.<\/p>\n<p>&#13;<\/p>\n<p align=\"justify\" class=\"text1noticias\">\u00a1En Bol\u00edvar  y nuestros h\u00e9roes nos encontramos todos!<\/p>\n<p>&#13;<\/p>\n<p align=\"justify\" class=\"text1noticias\"><strong>Direcci\u00f3n Ejecutiva y Presidencia Colectiva<\/strong><br \/>&#13;<br \/>\n  <br \/>&#13;<br \/>\n    <strong>Coordinadora Continental Bolivariana en transito a Movimiento  Continental Bolivariano<\/strong><\/p>\n<p>&#13;<\/p>\n<p align=\"justify\" class=\"text1noticias\">Caracas, 24  y 25 de marzo del 2008<\/p>\n<p>&#13;<\/p>\n<h6> 2008-05-13 23:02:47 <\/h6>\n<p><!--\n<link rel=\"stylesheet\" href=\"css\/bootstrap.min.css\">\n\n\n<ul class=\"pagination\">\n\t    \n\t\n\n<li >\n\t<a href='?page_no=12036'>Previous<\/a>\n\t<\/li>\n\n\n       \n    \n\n<li><a href='?page_no=1'>1<\/a><\/li>\n\n\n\n<li><a href='?page_no=2'>2<\/a><\/li>\n\n\n\n<li><a>...<\/a><\/li>\n\n\n\n<li><a href='?page_no=12035'>12035<\/a><\/li>\n\n\n\n<li><a href='?page_no=12036'>12036<\/a><\/li>\n\n\n\n<li class='active'><a>12037<\/a><\/li>\n\n\n\n<li><a href='?page_no=12038'>12038<\/a><\/li>\n\n\n\n<li><a href='?page_no=12039'>12039<\/a><\/li>\n\n\n\n<li><a>...<\/a><\/li>\n\n\n\n<li><a href='?page_no=13611'>13611<\/a><\/li>\n\n\n\n<li><a href='?page_no=13612'>13612<\/a><\/li>\n\n    \n\t\n\n<li >\n\t<a href='?page_no=12038'>Next<\/a>\n\t<\/li>\n\n\n    \n\n<li><a href='?page_no=13612'>Last &rsaquo;&rsaquo;<\/a><\/li>\n\n<\/ul>\n\n\n--><br \/>\n<\/body><\/p>\n","protected":false},"excerpt":{"rendered":"<p>Solidaridad con Narciso Isa Conde y la Dirigencia de la CCB &#13; La criminal ofensiva medi\u00e1tica del imperio norteamericano desatada a trav\u00e9s de sus agencias de espionaje y agresi\u00f3n, en combinaci\u00f3n con los poderes olig\u00e1rquicos de cada pa\u00eds del continente, que se desarrolla ahora contra la CCB y todo el movimiento continental bolivariano, tiene el [&hellip;]<\/p>\n","protected":false},"author":3,"featured_media":0,"comment_status":"open","ping_status":"open","sticky":false,"template":"","format":"standard","meta":{"footnotes":""},"categories":[16],"tags":[],"class_list":["post-36145","post","type-post","status-publish","format-standard","hentry","category-opiniones"],"_links":{"self":[{"href":"https:\/\/diariodominicano.com\/index.php?rest_route=\/wp\/v2\/posts\/36145","targetHints":{"allow":["GET"]}}],"collection":[{"href":"https:\/\/diariodominicano.com\/index.php?rest_route=\/wp\/v2\/posts"}],"about":[{"href":"https:\/\/diariodominicano.com\/index.php?rest_route=\/wp\/v2\/types\/post"}],"author":[{"embeddable":true,"href":"https:\/\/diariodominicano.com\/index.php?rest_route=\/wp\/v2\/users\/3"}],"replies":[{"embeddable":true,"href":"https:\/\/diariodominicano.com\/index.php?rest_route=%2Fwp%2Fv2%2Fcomments&post=36145"}],"version-history":[{"count":0,"href":"https:\/\/diariodominicano.com\/index.php?rest_route=\/wp\/v2\/posts\/36145\/revisions"}],"wp:attachment":[{"href":"https:\/\/diariodominicano.com\/index.php?rest_route=%2Fwp%2Fv2%2Fmedia&parent=36145"}],"wp:term":[{"taxonomy":"category","embeddable":true,"href":"https:\/\/diariodominicano.com\/index.php?rest_route=%2Fwp%2Fv2%2Fcategories&post=36145"},{"taxonomy":"post_tag","embeddable":true,"href":"https:\/\/diariodominicano.com\/index.php?rest_route=%2Fwp%2Fv2%2Ftags&post=36145"}],"curies":[{"name":"wp","href":"https:\/\/api.w.org\/{rel}","templated":true}]}}