{"id":36144,"date":"2008-05-13T23:06:43","date_gmt":"2008-05-13T23:06:43","guid":{"rendered":"http:\/\/diariodominicano.ddns.net\/?p=36144"},"modified":"2008-05-13T23:06:43","modified_gmt":"2008-05-13T23:06:43","slug":"contra-la-criminalizacion-de-los-bolivarianos-en-mexico","status":"publish","type":"post","link":"https:\/\/diariodominicano.com\/?p=36144","title":{"rendered":"Contra la criminalizaci\u00f3n de los Bolivarianos en M\u00e9xico"},"content":{"rendered":"<p><body><\/p>\n<p align=\"center\" class=\"titulogrande1\"><strong>Contra la Criminalizaci\u00f3n de los Bolivarianos en M\u00e9xico <\/strong><\/p>\n<p>&#13;<\/p>\n<p align=\"left\">\u201c<em>No importa; los revolucionarios vamos adelante, el abismo no nos  detiene, <\/em><br \/>&#13;<br \/>\n    <em>El agua es m\u00e1s bella despe\u00f1\u00e1ndose. <\/em><br \/>&#13;<br \/>\n    <em>Si morimos, moriremos como soles: despidiendo luz.\u201d\u00a0\u00a0\u00a0\u00a0<br \/>&#13;<br \/>\n  \u00a0\u00a0\u00a0\u00a0\u00a0\u00a0 <\/em><br \/>&#13;<br \/>\n   <span class=\"textogrande\">Ricardo  Flores Mag\u00f3n<\/span><\/p>\n<p>&#13;<\/p>\n<p align=\"justify\" class=\"text1noticias\">No conforme  con haber asesinado a Juan Gonz\u00e1lez, Ver\u00f3nica Vel\u00e1squez, Soren Avil\u00e9s y  Fernando Franco \u2014estudiantes universitarios mexicanos ca\u00eddos en el artero  ataque del ej\u00e9rcito colombiano al campamento de Ra\u00fal Reyes el primero de marzo  pasado en territorio ecuatoriano\u2014, el gobierno narco-paramilitar de Colombia \u2013 encabezado  por \u00c1lvaro Uribe V\u00e9lez\u2014 en contubernio con la ultraderecha mexicana, promueve  la persecuci\u00f3n contra los bolivarianos de este pa\u00eds, a quienes catalog\u00f3 en su  reciente visita a M\u00e9xico como \u201cterroristas\u201d. <\/p>\n<p>&#13;<\/p>\n<p align=\"justify\" class=\"text1noticias\">Es por dem\u00e1s  repudiable la actitud de Uribe, quien azuza la persecuci\u00f3n de los mexicanos que  han denunciado desde siempre el talante criminal del gobierno colombiano y la  reproducci\u00f3n de su modelo fascista conocido como \u201cSeguridad Democr\u00e1tica\u201d en la  tierra de Hidalgo y\u00a0 Emiliano Zapata; m\u00e1s  repudiable a\u00fan resulta la alianza del narco-paramilitar colombiano con los  sectores m\u00e1s reaccionarios de M\u00e9xico para establecer un proceso penal contra  nuestros compa\u00f1eros, quienes han sido presentados en calidad de \u201cdelincuentes\u201d  por los monopolios informativos en Colombia y M\u00e9xico.<\/p>\n<p>&#13;<\/p>\n<p align=\"justify\" class=\"text1noticias\">Dicha  campa\u00f1a ha llegado al extremo de presentar a la Universidad Nacional   Aut\u00f3noma de M\u00e9xico, instituci\u00f3n de la cual eran alumnos los  compa\u00f1eros, como un nido de terroristas. Sin embargo, la defensa que diversos  sectores del pueblo mexicano han hecho de la UNAM, ha puesto las cosas en su lugar: queda  claro que los verdaderos terroristas son quienes acusan a nuestros compa\u00f1eros  de serlo. <\/p>\n<p>&#13;<\/p>\n<p align=\"justify\" class=\"text1noticias\">La actitud  del gobierno mexicano, encabezado por Felipe Calder\u00f3n, ha sido d\u00e9bil, permisiva  y demuestra la sumisi\u00f3n de \u00e9ste ante el imperialismo estadounidense. En vez de  salir en defensa de los ciudadanos mexicanos se\u00f1alados por Uribe, Calder\u00f3n ha  dicho que abrir\u00e1 una investigaci\u00f3n para determinar si son ciertos los  se\u00f1alamientos del presidente paramilitar contra los estudiantes asesinados y  perseguidos.<br \/>&#13;<br \/>\n  \u00a0<br \/>&#13;<br \/>\n  La    Coordinadora Continental   Bolivariana brinda su m\u00e1s decidido respaldo a los compa\u00f1eros  mexicanos y hace un llamado a todos los antiimperialistas y bolivarianos para  enfrentar esta campa\u00f1a de criminalizaci\u00f3n contra nuestros compa\u00f1eros(as). <\/p>\n<p>&#13;<\/p>\n<p align=\"justify\" class=\"text1noticias\">Hacemos  tambi\u00e9n un llamado a la solidaridad con los padres de los compa\u00f1eros(as)  masacrados el primero de marzo en territorio ecuatoriano; con Luc\u00eda Morett,  sobreviviente de la masacre \u2013 actualmente refugiada en Nicaragua\u2014 y, en  general, con quienes luchan desde la tierra de Mag\u00f3n, Villa y Morelos por la Unidad de Am\u00e9rica Latina y  el Caribe. Desde ahora responsabilizamos a los gobiernos de Colombia y M\u00e9xico  por cualquier agresi\u00f3n de la que pudieran ser v\u00edctimas nuestros compa\u00f1eros(as).<\/p>\n<p>&#13;<\/p>\n<p align=\"justify\" class=\"text1noticias\">A pesar del  dolor que nos provoca la muerte de los universitarios mexicanos, la firmeza de  nuestra lucha bolivariana no se ve reducida un \u00e1pice. Por el contrario, la  memoria de Juan, Ver\u00f3nica, Soren y Fernando, nos conmina a redoblar esfuerzos  en aras de nuestro objetivo libertario y continental.<\/p>\n<p>&#13;<\/p>\n<p align=\"justify\" class=\"text1noticias\">Nuestros  compa\u00f1eros no han ca\u00eddo en tierra extranjera, la patria de un bolivariano es  Am\u00e9rica toda y, por ello, la sangre de los cuatro internacionalistas mexicanos  es patrimonio de Nuestra Am\u00e9rica, aliento de todos los luchadores del  continente que diariamente entregan su vida por el sue\u00f1o de la Patria Grande Americana,  la misma que so\u00f1aron el Libertador Sim\u00f3n Bol\u00edvar, don Jos\u00e9 Mar\u00eda Morelos y  Benito Ju\u00e1rez.\u00a0\u00a0\u00a0 <\/p>\n<p>&#13;<\/p>\n<p align=\"justify\" class=\"text1noticias\">\u00a1En Bol\u00edvar  y nuestros h\u00e9roes nos encontramos todos!<\/p>\n<p>&#13;<\/p>\n<p align=\"justify\" class=\"text1noticias\"><strong>Direcci\u00f3n Ejecutiva y Presidencia Colectiva<\/strong><br \/>&#13;<br \/>\n  <br \/>&#13;<br \/>\n    <strong>Coordinadora Continental Bolivariana en transito a Movimiento  Continental Bolivariano.<\/strong><\/p>\n<p>&#13;<\/p>\n<p align=\"justify\" class=\"text1noticias\">Caracas, 24  y 25 de marzo del 2008<\/p>\n<p>&#13;<\/p>\n<h6> 2008-05-13 23:06:43 <\/h6>\n<p><!--\n<link rel=\"stylesheet\" href=\"css\/bootstrap.min.css\">\n\n\n<ul class=\"pagination\">\n\t    \n\t\n\n<li >\n\t<a href='?page_no=12035'>Previous<\/a>\n\t<\/li>\n\n\n       \n    \n\n<li><a href='?page_no=1'>1<\/a><\/li>\n\n\n\n<li><a href='?page_no=2'>2<\/a><\/li>\n\n\n\n<li><a>...<\/a><\/li>\n\n\n\n<li><a href='?page_no=12034'>12034<\/a><\/li>\n\n\n\n<li><a href='?page_no=12035'>12035<\/a><\/li>\n\n\n\n<li class='active'><a>12036<\/a><\/li>\n\n\n\n<li><a href='?page_no=12037'>12037<\/a><\/li>\n\n\n\n<li><a href='?page_no=12038'>12038<\/a><\/li>\n\n\n\n<li><a>...<\/a><\/li>\n\n\n\n<li><a href='?page_no=13611'>13611<\/a><\/li>\n\n\n\n<li><a href='?page_no=13612'>13612<\/a><\/li>\n\n    \n\t\n\n<li >\n\t<a href='?page_no=12037'>Next<\/a>\n\t<\/li>\n\n\n    \n\n<li><a href='?page_no=13612'>Last &rsaquo;&rsaquo;<\/a><\/li>\n\n<\/ul>\n\n\n--><br \/>\n<\/body><\/p>\n","protected":false},"excerpt":{"rendered":"<p>Contra la Criminalizaci\u00f3n de los Bolivarianos en M\u00e9xico &#13; \u201cNo importa; los revolucionarios vamos adelante, el abismo no nos detiene, &#13; El agua es m\u00e1s bella despe\u00f1\u00e1ndose. &#13; Si morimos, moriremos como soles: despidiendo luz.\u201d\u00a0\u00a0\u00a0\u00a0&#13; \u00a0\u00a0\u00a0\u00a0\u00a0\u00a0 &#13; Ricardo Flores Mag\u00f3n &#13; No conforme con haber asesinado a Juan Gonz\u00e1lez, Ver\u00f3nica Vel\u00e1squez, Soren Avil\u00e9s y Fernando [&hellip;]<\/p>\n","protected":false},"author":3,"featured_media":0,"comment_status":"open","ping_status":"open","sticky":false,"template":"","format":"standard","meta":{"footnotes":""},"categories":[16],"tags":[],"class_list":["post-36144","post","type-post","status-publish","format-standard","hentry","category-opiniones"],"_links":{"self":[{"href":"https:\/\/diariodominicano.com\/index.php?rest_route=\/wp\/v2\/posts\/36144","targetHints":{"allow":["GET"]}}],"collection":[{"href":"https:\/\/diariodominicano.com\/index.php?rest_route=\/wp\/v2\/posts"}],"about":[{"href":"https:\/\/diariodominicano.com\/index.php?rest_route=\/wp\/v2\/types\/post"}],"author":[{"embeddable":true,"href":"https:\/\/diariodominicano.com\/index.php?rest_route=\/wp\/v2\/users\/3"}],"replies":[{"embeddable":true,"href":"https:\/\/diariodominicano.com\/index.php?rest_route=%2Fwp%2Fv2%2Fcomments&post=36144"}],"version-history":[{"count":0,"href":"https:\/\/diariodominicano.com\/index.php?rest_route=\/wp\/v2\/posts\/36144\/revisions"}],"wp:attachment":[{"href":"https:\/\/diariodominicano.com\/index.php?rest_route=%2Fwp%2Fv2%2Fmedia&parent=36144"}],"wp:term":[{"taxonomy":"category","embeddable":true,"href":"https:\/\/diariodominicano.com\/index.php?rest_route=%2Fwp%2Fv2%2Fcategories&post=36144"},{"taxonomy":"post_tag","embeddable":true,"href":"https:\/\/diariodominicano.com\/index.php?rest_route=%2Fwp%2Fv2%2Ftags&post=36144"}],"curies":[{"name":"wp","href":"https:\/\/api.w.org\/{rel}","templated":true}]}}