{"id":361237,"date":"2022-06-13T09:53:53","date_gmt":"2022-06-13T13:53:53","guid":{"rendered":"http:\/\/diariodominicano.com\/?p=361237"},"modified":"2022-06-13T10:40:53","modified_gmt":"2022-06-13T14:40:53","slug":"realizan-acto-en-higuey-para-recordar-a-brigido-peguero-lider-del-mpd","status":"publish","type":"post","link":"https:\/\/diariodominicano.com\/?p=361237","title":{"rendered":"Realizan acto en Hig\u00fcey \u00a0para recordar a Br\u00edgido Peguero l\u00edder del MPD"},"content":{"rendered":"\n<p>Acto de ofrenda floral a Br\u00edgido Peguero.<\/p>\n\n\n\n<p>Hig\u00fcey<strong>, R.D, 12 de junio de 2022.-<\/strong>&nbsp; En un concurrido acto, el Movimiento Popular Dominicano (MPD), record\u00f3 este domingo en esta ciudad de la regi\u00f3n Este del pa\u00eds, el primer aniversario del fallecimiento de Br\u00edgido Peguero, l\u00edder revolucionario y reconocido Bot\u00e1nico e investigador .<\/p>\n\n\n\n<p>En el acto y ofrenda floral que tuvo lugar en el nuevo cementerio municipal, participaron decenas de militantes emepede\u00edstas, activistas del FALPO, estudiantes pertenecientes al Frente Estudiantil Am\u00edn Abel (FELABEL) y familiares, y estuvo encabezado por el profesor Fernando Hern\u00e1ndez, vocero del nacional del MPD.<\/p>\n\n\n\n<figure class=\"wp-block-image size-full\"><img loading=\"lazy\" decoding=\"async\" width=\"502\" height=\"264\" src=\"https:\/\/diariodominicano.com\/wp-content\/uploads\/2022\/06\/Brigido-Alfredo-Peguero.png\" alt=\"\" class=\"wp-image-361239\" srcset=\"https:\/\/diariodominicano.com\/wp-content\/uploads\/2022\/06\/Brigido-Alfredo-Peguero.png 502w, https:\/\/diariodominicano.com\/wp-content\/uploads\/2022\/06\/Brigido-Alfredo-Peguero-300x158.png 300w\" sizes=\"auto, (max-width: 502px) 100vw, 502px\" \/><figcaption>Brigido Peguero (archivo)<\/figcaption><\/figure>\n\n\n\n<p>En un breve discurso, Hern\u00e1ndez resalt\u00f3 las virtudes de Br\u00edgido Peguero, a quien sus compa\u00f1eros de partido llaman \u201cComandante Alfredo\u201d, destacando su humildad, su honestidad , su actitud solidaria siempre &nbsp;y su lealtad., \u201ca quien nada econ\u00f3mico o material lo ataba\u201d.<\/p>\n\n\n\n<p>\u201cYa en el 1978, Alfredo se erig\u00eda como el l\u00edder del partido, por encima de Jorge Puello (El Men) y otros dirigentes emepede\u00edstas hist\u00f3ricos.&nbsp; Su liderazgo ven\u00eda desde que era miembro y luego orientaci\u00f3n del comit\u00e9 regional del Este \u201cGuido Gil D\u00edaz\u201dy se puso de manifiesto en la fundaci\u00f3n del Frente Estudiantil de Liberaci\u00f3n Am\u00edn Abel (FELABEL) y en la preparaci\u00f3n del Primer Congreso, celebrado en el a\u00f1o 1982, en el que fue electo secretario general del MPD posici\u00f3n ocup\u00f3 durante 39 a\u00f1os, hasta que falleci\u00f3\u201d, expres\u00f3 Hern\u00e1ndez.<\/p>\n\n\n\n<figure class=\"wp-block-image size-large\"><img loading=\"lazy\" decoding=\"async\" width=\"1024\" height=\"576\" src=\"https:\/\/diariodominicano.com\/wp-content\/uploads\/2022\/06\/Brigido-Peguero-encargado-del-Departamento-de-Botanica-del-JBN-1024x576.jpg\" alt=\"\" class=\"wp-image-361240\" srcset=\"https:\/\/diariodominicano.com\/wp-content\/uploads\/2022\/06\/Brigido-Peguero-encargado-del-Departamento-de-Botanica-del-JBN-1024x576.jpg 1024w, https:\/\/diariodominicano.com\/wp-content\/uploads\/2022\/06\/Brigido-Peguero-encargado-del-Departamento-de-Botanica-del-JBN-300x169.jpg 300w, https:\/\/diariodominicano.com\/wp-content\/uploads\/2022\/06\/Brigido-Peguero-encargado-del-Departamento-de-Botanica-del-JBN-768x432.jpg 768w, https:\/\/diariodominicano.com\/wp-content\/uploads\/2022\/06\/Brigido-Peguero-encargado-del-Departamento-de-Botanica-del-JBN-816x459.jpg 816w, https:\/\/diariodominicano.com\/wp-content\/uploads\/2022\/06\/Brigido-Peguero-encargado-del-Departamento-de-Botanica-del-JBN.jpg 1280w\" sizes=\"auto, (max-width: 1024px) 100vw, 1024px\" \/><figcaption>Brigido  Peguero cuando era Encargado de Bot\u00e1nica del Jard\u00edn Bot\u00e1nico Nacional.<\/figcaption><\/figure>\n\n\n\n<p>El profesor Fernando Hern\u00e1ndez&nbsp; record\u00f3 que Br\u00edgido Peguero abogaba por la unidad de la izquierda y de los sectores progresistas en la Rep\u00fablica Dominicana, tras indicar que hoy, esa convergencia debe tener una coordinadora popular de masas, &nbsp;es una \u201cnecesidad urgente\u201d, no s\u00f3lo sea para participar en las elecciones del 2024, sino que debe ser para la pugna pol\u00edtica y la movilizaci\u00f3n del pueblo por sus derechos, de forma permanentes.<\/p>\n\n\n\n<p>De su parte, la doctora Johanna Peguero, hija de Br\u00edgido Peguero, cr\u00edtico&nbsp; el sistema de salud de la Rep\u00fablica Dominicana, el cual catalog\u00f3 de \u201cfallido\u201d, tras asegurar que su padre fue v\u00edctima de la negligencias y de sus deficiencias.<\/p>\n\n\n\n<p>\u201cGracias a tener un sistema sanitario fallido, cuyo inter\u00e9s s\u00f3lo es el lucro, y un gobierno cuyos funcionarios que no les interesa el pueblo, sino llenarse sus bolsillos, hoy estamos aqu\u00ed frente a la tumba de mi padre (Br\u00edgido Peguero)&nbsp; y no celebrando la vida.&nbsp; Hace un a\u00f1o que f\u00edsicamente no est\u00e1, pero siguen sus principios, sus ideales y sus ense\u00f1anzas.&nbsp; S\u00f3lo les pido que, siguiendo su ejemplo, nos mantengamos es pie de lucha, porque hay much\u00edsimas cosas por las cuales continuar luchando y por hacer\u201d, expres\u00f3 la doctora Peguero.<\/p>\n\n\n\n<figure class=\"wp-block-image size-large\"><img loading=\"lazy\" decoding=\"async\" width=\"1024\" height=\"765\" src=\"https:\/\/diariodominicano.com\/wp-content\/uploads\/2022\/06\/Acto-y-ofrendas-floral-a-Brigido-Peguero-lider-del-MPD-realizado-en-Higuey..-1024x765.jpg\" alt=\"\" class=\"wp-image-361242\" srcset=\"https:\/\/diariodominicano.com\/wp-content\/uploads\/2022\/06\/Acto-y-ofrendas-floral-a-Brigido-Peguero-lider-del-MPD-realizado-en-Higuey..-1024x765.jpg 1024w, https:\/\/diariodominicano.com\/wp-content\/uploads\/2022\/06\/Acto-y-ofrendas-floral-a-Brigido-Peguero-lider-del-MPD-realizado-en-Higuey..-300x224.jpg 300w, https:\/\/diariodominicano.com\/wp-content\/uploads\/2022\/06\/Acto-y-ofrendas-floral-a-Brigido-Peguero-lider-del-MPD-realizado-en-Higuey..-768x574.jpg 768w, https:\/\/diariodominicano.com\/wp-content\/uploads\/2022\/06\/Acto-y-ofrendas-floral-a-Brigido-Peguero-lider-del-MPD-realizado-en-Higuey..-1536x1148.jpg 1536w, https:\/\/diariodominicano.com\/wp-content\/uploads\/2022\/06\/Acto-y-ofrendas-floral-a-Brigido-Peguero-lider-del-MPD-realizado-en-Higuey..-816x610.jpg 816w, https:\/\/diariodominicano.com\/wp-content\/uploads\/2022\/06\/Acto-y-ofrendas-floral-a-Brigido-Peguero-lider-del-MPD-realizado-en-Higuey...jpg 1600w\" sizes=\"auto, (max-width: 1024px) 100vw, 1024px\" \/><\/figure>\n\n\n\n<p>Br\u00edgido Peguero naci\u00f3 en el a\u00f1o 1952, en el municipio de Hig\u00fcey. A temprana edad , pasada la Guerra Patria de Abril de 1965, se vincul\u00f3 al MPD.&nbsp; Ya como estudiante en el liceo Geraldo Jansen, en su ciudad natal, se vincula al Frente Estudiantil Flavio Suero (FEFLAS), por lo que era tenido por la Polic\u00eda Nacional como \u201ccabeza caliente\u201d.&nbsp; Como muchos j\u00f3venes de su \u00e9poca que se vincularon a las luchas sociales y por las libertades pol\u00edticas, sufri\u00f3 la persecuci\u00f3n del grupo parapolicial \u201cBanda Color\u00e1\u201d, por lo que tuvo luchar de forma clandestina en la d\u00e9cada de los a\u00f1os 70, durante el r\u00e9gimen de Balaguer.<\/p>\n\n\n\n<p>Peguero, adem\u00e1s de haber sido uno de los fundadores del FELABEL, siendo \u00e9l el secretario general, el 14 de febrero de 1985, el MPD cre\u00f3 el FALPO y ese partido decidi\u00f3 salir de la clandestinidad a la lucha pol\u00edtica abierta.<\/p>\n\n\n\n<p>Adem\u00e1s de revolucionario y l\u00edder del MPD, Br\u00edgido Peguero fue un cient\u00edfico de los m\u00e1s preparados en Bot\u00e1nica y Etnobot\u00e1nica, no s\u00f3lo del pa\u00eds, sino de toda Am\u00e9rica Latina.&nbsp; Egresado de la Universidad Aut\u00f3noma de Santo Domingo (UASD), de la carrera de Biolog\u00eda menci\u00f3n Bot\u00e1nica, con nota de tesis de grado de 98 puntos, se especializ\u00f3 en las \u00e1reas de Flor\u00edstica, Taxonom\u00eda, Etnobot\u00e1nica y Ecolog\u00eda Vegetal. Recibi\u00f3 numerosos entrenamientos y cursos cortos de postgrado. Fue articulista, encargado del Departamento de Bot\u00e1nica del Jard\u00edn Bot\u00e1nico Nacional y editor de la revista cient\u00edfica \u201cMOSCOSOA\u201d de esta instituci\u00f3n.<\/p>\n\n\n\n<p>Recolect\u00f3 miles de n\u00fameros de espec\u00edmenes de plantas y m\u00e1s de 15,000 ejemplares bot\u00e1nicos como colector principal. Fue descubridor de varias especies, una de las cuales, el \u00e1rbol&nbsp;<em>Pimenta&nbsp;<\/em><em>berciliae,<\/em>&nbsp;se la dedic\u00f3 a su madre&nbsp; y coautor de muchas otras, por ejemplo la&nbsp;<em>Cojoba urbanii<\/em>&nbsp;y la&nbsp;<em>Calycogonium bairdianum<\/em>. El bot\u00e1nico guatemalteco Freddy Archila le dedic\u00f3 la orqu\u00eddea&nbsp;<em>Sudamerlycaste pegueroi<\/em>.&nbsp;<\/p>\n\n\n\n<p>Realiz\u00f3 estudios flor\u00edsticos y etnobot\u00e1nicos en diferentes regiones, principalmente en \u00e1reas protegidas como el Parque Nacional del Este; el Santuario de Fauna Laguna B\u00e1varo y Calet\u00f3n; Loma Quita Espuela en la Cordillera Septentrional (zona de San Francisco de Macor\u00eds); en el Parque Nacional Sierra Mart\u00edn Garc\u00eda; en el Hoyo de Pelempito, Parque Nacional Jaragua; en el Parque Nacional Armando Berm\u00fadez; en la pen\u00ednsula de Saman\u00e1; en Loma Miranda, donde hizo campamento amaneciendo en lucha contra su explotaci\u00f3n.<\/p>\n\n\n\n<p>Tambi\u00e9n viajaba constantemente a la Rep\u00fablica de Hait\u00ed, donde realiz\u00f3 estudios en distintas regiones, como Cabo Haitiano, en Les Cayes y la Isla Tortuga, entre otras, formando parte de un grupo de expertos en exploraci\u00f3n, recolecci\u00f3n e identificaci\u00f3n de plantas coordinado por la Universidad de Miami, de Estados Unidos.&nbsp; Adem\u00e1s, fue corrector y actualizador del&nbsp;Diccionario Bot\u00e1nico, del franc\u00e9s Henri Alain Liogier, Doctor en Biolog\u00eda, en una edici\u00f3n publicada por la Editora Corripio en el a\u00f1o 2000.&nbsp; A pesar de que en Alemania le ofrecieron realizar estudios de maestr\u00eda, lo misma que en rector\u00eda de una universidad en Colombia, no accedi\u00f3 a ello por ausentarse por largo tiempo del pa\u00eds y por no descuidar su las tareas revolucionarias y su compromiso con el MPD.<\/p>\n\n\n\n<p>Su labor cient\u00edfica llev\u00f3 Peguero a viajar por varios pa\u00edses del mundo, como Costa Rica, Ecuador, Colombia, Chile, Puerto Rico, Cuba, Jamaica, la Rep\u00fablica de Hait\u00ed, Alemania, Chile, Estados Unidos e Inglaterra, entre otros, para participar en congresos de bot\u00e1nicos, conferencias en universidades o en intercambio con jardines bot\u00e1nicos.&nbsp;<\/p>\n\n\n\n<p>Br\u00edgido Peguero trabaj\u00f3 la Lista Roja de las plantas amenazadas, libro publicado en el a\u00f1o 2016 por el Jard\u00edn Bot\u00e1nico Nacional, que contiene un listado de miles de especies amenazadas de la Rep\u00fablica Dominicana, que luego fue incluido en la publicaci\u00f3n \u201cLista de&nbsp;<em>Especies en Peligro<\/em>&nbsp;de Extinci\u00f3n, Amenazadas o Protegidas\u201d, del&nbsp;Ministerio de Medio Ambiente y Recursos Naturales.<\/p>\n\n\n\n<p>En junio del a\u00f1o pasado, Br\u00edgido Peguero se vio afectado de Covid-19, pero no pudo ser diagnosticado a tiempo debido a que fue rebotado en varios centros de salud de Santo Domingo y no encontr\u00f3 laboratorios abiertos durante el fin de semana para aplicarse la prueba PCR, siendo ingresado grave cinco d\u00edas despu\u00e9s a un centro de salud, falleciendo el 8 de junio del 2021.<\/p>\n\n\n\n<p>12 de junio de 2022.<\/p>\n\n\n\n<p>Fernando Hern\u00e1ndez,<\/p>\n\n\n\n<p>Vocero nacional del MPD,<\/p>\n","protected":false},"excerpt":{"rendered":"<p>Acto de ofrenda floral a Br\u00edgido Peguero. Hig\u00fcey, R.D, 12 de junio de 2022.-&nbsp; En un concurrido acto, el Movimiento Popular Dominicano (MPD), record\u00f3 este domingo en esta ciudad de la regi\u00f3n Este del pa\u00eds, el primer aniversario del fallecimiento de Br\u00edgido Peguero, l\u00edder revolucionario y reconocido Bot\u00e1nico e investigador . En el acto y [&hellip;]<\/p>\n","protected":false},"author":28,"featured_media":361238,"comment_status":"closed","ping_status":"","sticky":true,"template":"","format":"standard","meta":{"footnotes":""},"categories":[26,22,27],"tags":[],"class_list":["post-361237","post","type-post","status-publish","format-standard","has-post-thumbnail","hentry","category-efemerides","category-politica","category-portada"],"_links":{"self":[{"href":"https:\/\/diariodominicano.com\/index.php?rest_route=\/wp\/v2\/posts\/361237","targetHints":{"allow":["GET"]}}],"collection":[{"href":"https:\/\/diariodominicano.com\/index.php?rest_route=\/wp\/v2\/posts"}],"about":[{"href":"https:\/\/diariodominicano.com\/index.php?rest_route=\/wp\/v2\/types\/post"}],"author":[{"embeddable":true,"href":"https:\/\/diariodominicano.com\/index.php?rest_route=\/wp\/v2\/users\/28"}],"replies":[{"embeddable":true,"href":"https:\/\/diariodominicano.com\/index.php?rest_route=%2Fwp%2Fv2%2Fcomments&post=361237"}],"version-history":[{"count":3,"href":"https:\/\/diariodominicano.com\/index.php?rest_route=\/wp\/v2\/posts\/361237\/revisions"}],"predecessor-version":[{"id":361253,"href":"https:\/\/diariodominicano.com\/index.php?rest_route=\/wp\/v2\/posts\/361237\/revisions\/361253"}],"wp:featuredmedia":[{"embeddable":true,"href":"https:\/\/diariodominicano.com\/index.php?rest_route=\/wp\/v2\/media\/361238"}],"wp:attachment":[{"href":"https:\/\/diariodominicano.com\/index.php?rest_route=%2Fwp%2Fv2%2Fmedia&parent=361237"}],"wp:term":[{"taxonomy":"category","embeddable":true,"href":"https:\/\/diariodominicano.com\/index.php?rest_route=%2Fwp%2Fv2%2Fcategories&post=361237"},{"taxonomy":"post_tag","embeddable":true,"href":"https:\/\/diariodominicano.com\/index.php?rest_route=%2Fwp%2Fv2%2Ftags&post=361237"}],"curies":[{"name":"wp","href":"https:\/\/api.w.org\/{rel}","templated":true}]}}