{"id":361226,"date":"2022-06-13T09:17:44","date_gmt":"2022-06-13T13:17:44","guid":{"rendered":"http:\/\/diariodominicano.com\/?p=361226"},"modified":"2022-06-13T09:17:44","modified_gmt":"2022-06-13T13:17:44","slug":"pld-con-homenaje-a-la-raza-inmortal-esta-tarde-a-las-5-en-su-sede-nacional","status":"publish","type":"post","link":"https:\/\/diariodominicano.com\/?p=361226","title":{"rendered":"PLD con homenaje a la Raza Inmortal esta tarde a las 5 en su sede nacional"},"content":{"rendered":"\n<p><strong>Imagen de expedicionarios del 14 de junio de 1959.<\/strong>&#8211;  <\/p>\n\n\n\n<p>Santo Domingo, RD.- El acto est\u00e1 pautado para las 5.00 horas de la tarde de este lunes, conmemorativo de la gesta patri\u00f3tica del 14 de junio de 1959, recordando la expedici\u00f3n organizada\u00a0\u00a0con el objetivo de terminar con m\u00e1s de  30 a\u00f1os de dictadura impuesta en la Rep\u00fablica Dominicana por Rafael Le\u00f3nidas Trujillo.<\/p>\n\n\n\n<p>La Secretaria de Formaci\u00f3n Pol\u00edtica del Partido de la Liberaci\u00f3n Dominicana (PLD), organizadora de la actividad, reitera&nbsp;&nbsp;la convocatoria a los miembros, dirigentes, simpatizantes y p\u00fablico en general a participar del encuentro.<\/p>\n\n\n\n<p>&nbsp;\u201cDesde su fundaci\u00f3n el Partido de la Liberaci\u00f3n Dominicana, guiado por su fundador y l\u00edder, el Profesor Juan Bosch, ha&nbsp;&nbsp;dedicado esfuerzo y tiempo a explicar los distintos procesos de nuestra historia y por eso la Secretar\u00eda de Formaci\u00f3n Pol\u00edtica organiza este tipo de actividades\u201d explica Alejandrina Germ\u00e1n, titular de Formaci\u00f3n Pol\u00edtica para motivar la presencia de miembros y simpatizantes del PLD, as\u00ed como el p\u00fablico en general.&nbsp;<\/p>\n\n\n\n<p>La actividad,&nbsp;&nbsp;que ha sido programada para iniciar a las 5.00 de la tarde en la Casa Nacional Reinaldo Pared P\u00e9rez del Partido de la Liberaci\u00f3n Dominicana, contar\u00e1 con la exposici\u00f3n de Rafael P\u00e9rez Modesto, miembro del Comit\u00e9 Central del PLD&nbsp;&nbsp;y del Movimiento Revolucionario&nbsp;&nbsp;14 de Junio, presidido por Manolo Tav\u00e1rez Justo.<\/p>\n\n\n\n<p>El 14 de junio de 1959, tropas del Movimiento de Liberaci\u00f3n Dominicana,&nbsp;&nbsp;grupo de dominicanos exiliados&nbsp;&nbsp;llegaron a Rep\u00fablica Dominicana por&nbsp;&nbsp;&nbsp;Constanza, Maim\u00f3n, y Estero Hondo bajo la direcci\u00f3n del Comandante Enrique Jim\u00e9nez Moya con el prop\u00f3sito de derrocar la tiran\u00eda<\/p>\n\n\n\n<p>Este esfuerzo para derrocar la tiran\u00eda fue derrotado desde el punto de vista militar por el ej\u00e9rcito y la fuerza a\u00e9rea de Trujillo, pero s\u00ed logr\u00f3 plantar la semilla de rebeli\u00f3n en el pueblo dominicano.<\/p>\n\n\n\n<p><strong>SECRETARIA COMUNICACIONES PLD<\/strong><\/p>\n\n\n\n<p><strong>13 JUNIO 2022<\/strong><\/p>\n","protected":false},"excerpt":{"rendered":"<p>Imagen de expedicionarios del 14 de junio de 1959.&#8211; Santo Domingo, RD.- El acto est\u00e1 pautado para las 5.00 horas de la tarde de este lunes, conmemorativo de la gesta patri\u00f3tica del 14 de junio de 1959, recordando la expedici\u00f3n organizada\u00a0\u00a0con el objetivo de terminar con m\u00e1s de 30 a\u00f1os de dictadura impuesta en la [&hellip;]<\/p>\n","protected":false},"author":28,"featured_media":361227,"comment_status":"closed","ping_status":"","sticky":true,"template":"","format":"standard","meta":{"footnotes":""},"categories":[26,27],"tags":[],"class_list":["post-361226","post","type-post","status-publish","format-standard","has-post-thumbnail","hentry","category-efemerides","category-portada"],"_links":{"self":[{"href":"https:\/\/diariodominicano.com\/index.php?rest_route=\/wp\/v2\/posts\/361226","targetHints":{"allow":["GET"]}}],"collection":[{"href":"https:\/\/diariodominicano.com\/index.php?rest_route=\/wp\/v2\/posts"}],"about":[{"href":"https:\/\/diariodominicano.com\/index.php?rest_route=\/wp\/v2\/types\/post"}],"author":[{"embeddable":true,"href":"https:\/\/diariodominicano.com\/index.php?rest_route=\/wp\/v2\/users\/28"}],"replies":[{"embeddable":true,"href":"https:\/\/diariodominicano.com\/index.php?rest_route=%2Fwp%2Fv2%2Fcomments&post=361226"}],"version-history":[{"count":1,"href":"https:\/\/diariodominicano.com\/index.php?rest_route=\/wp\/v2\/posts\/361226\/revisions"}],"predecessor-version":[{"id":361228,"href":"https:\/\/diariodominicano.com\/index.php?rest_route=\/wp\/v2\/posts\/361226\/revisions\/361228"}],"wp:featuredmedia":[{"embeddable":true,"href":"https:\/\/diariodominicano.com\/index.php?rest_route=\/wp\/v2\/media\/361227"}],"wp:attachment":[{"href":"https:\/\/diariodominicano.com\/index.php?rest_route=%2Fwp%2Fv2%2Fmedia&parent=361226"}],"wp:term":[{"taxonomy":"category","embeddable":true,"href":"https:\/\/diariodominicano.com\/index.php?rest_route=%2Fwp%2Fv2%2Fcategories&post=361226"},{"taxonomy":"post_tag","embeddable":true,"href":"https:\/\/diariodominicano.com\/index.php?rest_route=%2Fwp%2Fv2%2Ftags&post=361226"}],"curies":[{"name":"wp","href":"https:\/\/api.w.org\/{rel}","templated":true}]}}