{"id":36117,"date":"2008-05-23T02:43:33","date_gmt":"2008-05-23T02:43:33","guid":{"rendered":"http:\/\/diariodominicano.ddns.net\/?p=36117"},"modified":"2008-05-23T02:43:33","modified_gmt":"2008-05-23T02:43:33","slug":"en-america-latina-existe-un-agotamiento-institucional","status":"publish","type":"post","link":"https:\/\/diariodominicano.com\/?p=36117","title":{"rendered":"En Am\u00e9rica latina existe un agotamiento institucional"},"content":{"rendered":"<p><body><\/p>\n<p align=\"right\" class=\"text1noticias\">An\u00e1lisis Pol\u00edtico y  Social Nacional e Internacional<br \/>&#13;<br \/>\n  <br \/>&#13;<br \/>\n\u00a0\u00a0\u00a0\u00a0\u00a0\u00a0\u00a0\u00a0\u00a0\u00a0\u00a0\u00a0\u00a0\u00a0\u00a0\u00a0\u00a0\u00a0\u00a0\u00a0\u00a0\u00a0\u00a0\u00a0\u00a0\u00a0\u00a0\u00a0\u00a0\u00a0\u00a0\u00a0\u00a0\u00a0\u00a0\u00a0\u00a0\u00a0\u00a0\u00a0\u00a0\u00a0\u00a0\u00a0\u00a0\u00a0\u00a0\u00a0\u00a0\u00a0\u00a0\u00a0\u00a0\u00a0\u00a0\u00a0\u00a0\u00a0\u00a0\u00a0\u00a0\u00a0\u00a0\u00a0\u00a0\u00a0\u00a0\u00a0\u00a0\u00a0\u00a0\u00a0\u00a0\u00a0\u00a0\u00a0\u00a0\u00a0\u00a0\u00a0\u00a0\u00a0 De  Venezuela y el Resto del Mundo.<br \/>&#13;<br \/>\n<br \/>&#13;<br \/>\n\u00a0\u00a0\u00a0\u00a0\u00a0\u00a0\u00a0\u00a0\u00a0\u00a0\u00a0 Director:  Diego Olivera. Jefe de Redacci\u00f3n: Miguel Guaglianone<\/p>\n<p>&#13;<\/p>\n<h2 class=\"text1noticias\">La construcci\u00f3n de un nuevo estado se hace  imprescindible para dejar de estar presos del mercado de la muerte.<\/h2>\n<p>&#13;<\/p>\n<h2 class=\"titulogrande1\">En Am\u00e9rica latina  existe un agotamiento institucional <\/h2>\n<p>&#13;<\/p>\n<h2><span class=\"textogrande\"><strong>Por<\/strong><\/span> <span class=\"textogrande\">Graciela Fern\u00e1ndez<\/span><\/h2>\n<p>&#13;<\/p>\n<h4 align=\"justify\" class=\"text1noticias\">Al frente de una investigaci\u00f3n pionera sobre la construcci\u00f3n social del  miedo en el continente, Roxana Reguillo, antrop\u00f3loga mexicana, advierte sobre  la responsabilidad del Estado y los medios, en la difusi\u00f3n de representaciones  que vinculan juventud, pobreza y crimen. Aqu\u00ed, analiza el vaciamiento de lo p\u00fablico,  las paralegalidades y el narcotr\u00e1fico como nueva forma de reproducir el  neoliberalismo.<\/h4>\n<p>&#13;<\/p>\n<h4 align=\"justify\" class=\"text1noticias\">\u201cEstamos ante empresarios, no frente a sujetos confundidos que est\u00e1n  actuando sin ton ni son. Ellos en M\u00e9xico tomaron la decisi\u00f3n de dejar de pagar  protecci\u00f3n, por ejemplo, polic\u00edaca o de circuitos al interior de los barrios  populares, en efectivo, en d\u00f3lares, y empiezan a pagar con mercanc\u00eda, con  coca\u00edna. De tal manera, el polic\u00eda del barrio, el peque\u00f1o <em>dealer<\/em>, la se\u00f1ora de la casa ya no tienen d\u00f3lares, lo que tienen es  coca\u00edna, y coca\u00edna a veces de buen\u00edsima calidad. As\u00ed se abarata el costo, se  expanden los circuitos de distribuci\u00f3n y se genera un mercado transclasista,  transversalizado\u201d.<\/h4>\n<p>&#13;<\/p>\n<h4 align=\"justify\" class=\"text1noticias\">Am\u00e9rica Latina es un territorio en el  que se ocultan, tanto a\u00a0 los actores  pol\u00edticos, como a\u00a0 los verdaderos  responsables de los cr\u00edmenes, mientras lo que aparece es\u00a0 la cara de la victimizaci\u00f3n. Los que surgen,  son procesos muy peligrosos; porque se recurre a la estigmatizaci\u00f3n total o a  un lugar com\u00fan\u00a0 \u201cguerra de pobres contra\u00a0 pobres\u201d.  Se trata de una profunda ausencia de sentido, de pacto social, y de cualquier  margen de acotamiento institucional, donde ya no se puede registrarse  mutuamente como vecino, sino como enemigo y no es la pobreza lo que enfrenta,  es la indefensi\u00f3n en la que ambos, compartiendo un mismo territorio, resisten a  condiciones de vida cada vez m\u00e1s paup\u00e9rrimas, materiales y simb\u00f3licas. Dice  Reguillo, en una parte de su investigaci\u00f3n.<\/h4>\n<p>&#13;<\/p>\n<h4 align=\"justify\" class=\"text1noticias\">Los crimin\u00f3logos se\u00f1alan estos circuitos del narcotr\u00e1fico como  funcionales para la gobernabilidad y el aplacamiento del conflicto social. Uno  de los casos paradigm\u00e1ticos de nuevas violencias, por ejemplo en Argentina, es  el control paralegal de las familias peruanas en el barrio conocido como Bajo  Flores. Es evidente que no basta, con que se pueda negociar con los l\u00edderes  comunitarios; a veces representando a organismos del Estado, que terminan  exponi\u00e9ndose a la cada vez m\u00e1s evidente relaci\u00f3n de las polic\u00edas locales con  los narcotraficantes; as\u00ed como tambi\u00e9n, es materialmente imposible, que se  logre aislar el territorio de los flujos globales de comercializaci\u00f3n de la  droga.<\/h4>\n<p>&#13;<\/p>\n<h4 align=\"justify\" class=\"text1noticias\">Finalmente la expresi\u00f3n de estas violencias, de estos enfrentamientos  territoriales hasta hoy, se hacen imposibles de ser combatidos. \u00c9sta es la  cruda realidad; aunque muchos gobiernos de Latinoam\u00e9rica se rasguen las  vestiduras diciendo que combaten el narcotr\u00e1fico, como por ejemplo Colombia con  su tan mentado plan, que en realidad justifica el accionar de fuerzas  norteamericanas en la regi\u00f3n; ocupando un lugar geopol\u00edticamente estrat\u00e9gico.<\/h4>\n<p>&#13;<\/p>\n<h4 align=\"justify\" class=\"text1noticias\">E-mail: <strong>gracefernandezsanchez@yahoo.com.ar<\/strong> <\/h4>\n<p>&#13;<\/p>\n<h6> 2008-05-23 02:43:33 <\/h6>\n<p><!--\n<link rel=\"stylesheet\" href=\"css\/bootstrap.min.css\">\n\n\n<ul class=\"pagination\">\n\t    \n\t\n\n<li >\n\t<a href='?page_no=12010'>Previous<\/a>\n\t<\/li>\n\n\n       \n    \n\n<li><a href='?page_no=1'>1<\/a><\/li>\n\n\n\n<li><a href='?page_no=2'>2<\/a><\/li>\n\n\n\n<li><a>...<\/a><\/li>\n\n\n\n<li><a href='?page_no=12009'>12009<\/a><\/li>\n\n\n\n<li><a href='?page_no=12010'>12010<\/a><\/li>\n\n\n\n<li class='active'><a>12011<\/a><\/li>\n\n\n\n<li><a href='?page_no=12012'>12012<\/a><\/li>\n\n\n\n<li><a href='?page_no=12013'>12013<\/a><\/li>\n\n\n\n<li><a>...<\/a><\/li>\n\n\n\n<li><a href='?page_no=13611'>13611<\/a><\/li>\n\n\n\n<li><a href='?page_no=13612'>13612<\/a><\/li>\n\n    \n\t\n\n<li >\n\t<a href='?page_no=12012'>Next<\/a>\n\t<\/li>\n\n\n    \n\n<li><a href='?page_no=13612'>Last &rsaquo;&rsaquo;<\/a><\/li>\n\n<\/ul>\n\n\n--><br \/>\n<\/body><\/p>\n","protected":false},"excerpt":{"rendered":"<p>An\u00e1lisis Pol\u00edtico y Social Nacional e Internacional&#13; &#13; \u00a0\u00a0\u00a0\u00a0\u00a0\u00a0\u00a0\u00a0\u00a0\u00a0\u00a0\u00a0\u00a0\u00a0\u00a0\u00a0\u00a0\u00a0\u00a0\u00a0\u00a0\u00a0\u00a0\u00a0\u00a0\u00a0\u00a0\u00a0\u00a0\u00a0\u00a0\u00a0\u00a0\u00a0\u00a0\u00a0\u00a0\u00a0\u00a0\u00a0\u00a0\u00a0\u00a0\u00a0\u00a0\u00a0\u00a0\u00a0\u00a0\u00a0\u00a0\u00a0\u00a0\u00a0\u00a0\u00a0\u00a0\u00a0\u00a0\u00a0\u00a0\u00a0\u00a0\u00a0\u00a0\u00a0\u00a0\u00a0\u00a0\u00a0\u00a0\u00a0\u00a0\u00a0\u00a0\u00a0\u00a0\u00a0\u00a0\u00a0\u00a0\u00a0 De Venezuela y el Resto del Mundo.&#13; &#13; \u00a0\u00a0\u00a0\u00a0\u00a0\u00a0\u00a0\u00a0\u00a0\u00a0\u00a0 Director: Diego Olivera. Jefe de Redacci\u00f3n: Miguel Guaglianone &#13; La construcci\u00f3n de un nuevo estado se hace imprescindible para dejar de estar presos del mercado de la muerte. &#13; En Am\u00e9rica latina existe un agotamiento institucional &#13; [&hellip;]<\/p>\n","protected":false},"author":3,"featured_media":0,"comment_status":"open","ping_status":"open","sticky":false,"template":"","format":"standard","meta":{"footnotes":""},"categories":[16],"tags":[],"class_list":["post-36117","post","type-post","status-publish","format-standard","hentry","category-opiniones"],"_links":{"self":[{"href":"https:\/\/diariodominicano.com\/index.php?rest_route=\/wp\/v2\/posts\/36117","targetHints":{"allow":["GET"]}}],"collection":[{"href":"https:\/\/diariodominicano.com\/index.php?rest_route=\/wp\/v2\/posts"}],"about":[{"href":"https:\/\/diariodominicano.com\/index.php?rest_route=\/wp\/v2\/types\/post"}],"author":[{"embeddable":true,"href":"https:\/\/diariodominicano.com\/index.php?rest_route=\/wp\/v2\/users\/3"}],"replies":[{"embeddable":true,"href":"https:\/\/diariodominicano.com\/index.php?rest_route=%2Fwp%2Fv2%2Fcomments&post=36117"}],"version-history":[{"count":0,"href":"https:\/\/diariodominicano.com\/index.php?rest_route=\/wp\/v2\/posts\/36117\/revisions"}],"wp:attachment":[{"href":"https:\/\/diariodominicano.com\/index.php?rest_route=%2Fwp%2Fv2%2Fmedia&parent=36117"}],"wp:term":[{"taxonomy":"category","embeddable":true,"href":"https:\/\/diariodominicano.com\/index.php?rest_route=%2Fwp%2Fv2%2Fcategories&post=36117"},{"taxonomy":"post_tag","embeddable":true,"href":"https:\/\/diariodominicano.com\/index.php?rest_route=%2Fwp%2Fv2%2Ftags&post=36117"}],"curies":[{"name":"wp","href":"https:\/\/api.w.org\/{rel}","templated":true}]}}