{"id":36107,"date":"2008-05-23T03:14:58","date_gmt":"2008-05-23T03:14:58","guid":{"rendered":"http:\/\/diariodominicano.ddns.net\/?p=36107"},"modified":"2008-05-23T03:14:58","modified_gmt":"2008-05-23T03:14:58","slug":"tres-millones-de-ninos-sumergidos-en-el-mercado-laboral","status":"publish","type":"post","link":"https:\/\/diariodominicano.com\/?p=36107","title":{"rendered":"Tres millones de ni\u00f1os sumergidos en el mercado laboral"},"content":{"rendered":"<p><body><\/p>\n<p align=\"right\" class=\"text1noticias\">An\u00e1lisis Pol\u00edtico y  Social Nacional e Internacional<br \/>&#13;<br \/>\n  <br \/>&#13;<br \/>\n\u00a0\u00a0\u00a0\u00a0\u00a0\u00a0\u00a0\u00a0\u00a0\u00a0\u00a0\u00a0\u00a0\u00a0\u00a0\u00a0\u00a0\u00a0\u00a0\u00a0\u00a0\u00a0\u00a0\u00a0\u00a0\u00a0\u00a0\u00a0\u00a0\u00a0\u00a0\u00a0\u00a0\u00a0\u00a0\u00a0\u00a0\u00a0\u00a0\u00a0\u00a0\u00a0\u00a0\u00a0\u00a0\u00a0\u00a0\u00a0\u00a0\u00a0\u00a0\u00a0\u00a0\u00a0\u00a0\u00a0\u00a0\u00a0\u00a0\u00a0\u00a0\u00a0\u00a0\u00a0\u00a0\u00a0\u00a0\u00a0\u00a0\u00a0\u00a0\u00a0\u00a0\u00a0\u00a0\u00a0\u00a0\u00a0\u00a0\u00a0\u00a0\u00a0 De  Venezuela y el Resto del Mundo.<br \/>&#13;<br \/>\n<br \/>&#13;<br \/>\n\u00a0\u00a0\u00a0\u00a0\u00a0\u00a0\u00a0\u00a0\u00a0\u00a0\u00a0 Director:  Diego Olivera. Jefe de Redacci\u00f3n: Miguel Guaglianone<\/p>\n<p>&#13;<\/p>\n<p><span class=\"text1noticias\">Historias del capitalismo real \u2013 M\u00e9xico.<\/span><br \/>&#13;<br \/>\n  <br \/>&#13;<br \/>\n    <strong class=\"titulogrande1\">Tres  millones de ni\u00f1os sumergidos en el mercado laboral<\/strong><\/p>\n<p>&#13;<\/p>\n<p><strong>Por <\/strong><span class=\"textogrande\">Lu\u00eds M. Casado Ledo <\/span><\/p>\n<p>&#13;<\/p>\n<p align=\"justify\" class=\"text1noticias\">Si  bien en M\u00e9xico la   Constituci\u00f3n proh\u00edbe el trabajo de menores de 14 a\u00f1os y los  mayores de esa edad y menores de 16 deben contar con el permiso de sus padres,  tutores o de un sindicato, seg\u00fan cifras oficiales m\u00e1s de 3.3 millones de ni\u00f1os  ayudan econ\u00f3micamente a su familia y de esa cifra, 2 millones, abandonaron sus  estudios para trabajar de ayudante, cargador, cerillo, franelero o lavacoches,  incluso muchos de ellos caen en las redes de prostituci\u00f3n infantil.<\/p>\n<p>&#13;<\/p>\n<p align=\"justify\" class=\"text1noticias\">Este panorama es m\u00e1s preocupante a\u00fan  si nos referimos a la situaci\u00f3n en el campo, donde de los m\u00e1s de 6 millones de  trabajadores agr\u00edcolas, 1.6 millones son infantes de 6 a 14 a\u00f1os. Adem\u00e1s, 500 mil  ni\u00f1os jornaleros agr\u00edcolas son inmigrantes y viven en las localidades m\u00e1s  apartadas de los centros urbanos.<br \/>&#13;<br \/>\n  \u00a0&#13;<br \/>\n  <!--  D([\"mb\",\"u003c\/fontu003eu003c\/pu003en      u003cpu003eu003cfont faceu003d\"Arial, Helvetica, sans-serif\" sizeu003d\"2\"u003eEn d&iacute;as recientes, n      Fernando Salgado Delgado, secretario de Bienestar Social y Ecolog&iacute;a del n      Comit&eacute; Nacional de la Confederaci&oacute;n de Trabajadores de M&eacute;xico (CTM), n      alert&oacute; sobre la gravedad del problema del trabajo infantil en el pa&iacute;s e n      inform&oacute; que se tiene un registro aproximado de 3.3 millones de ni&ntilde;os que n      trabajan, de los cuales s&oacute;lo 25 por ciento acude a la escuela mientras el n      restante 75 por ciento dej&oacute; sus estudios para ayudar econ&oacute;micamente a su n      hogar.u003c\/fontu003eu003c\/pu003en      u003cpu003eu003cfont faceu003d\"Arial, Helvetica, sans-serif\" sizeu003d\"2\"u003eEsos menores se n      enfrentan a una dura realidad tanto en el campo como en la ciudad. u0026quot;Muchos n      de ellos son jornaleros agr&iacute;colas y ayudan en las labores del campo, n      mientras que otros ofrecen su fuerza de trabajo en peque&ntilde;os talleres o n      maquilasu0026quot;, explic&oacute; Delgado, quien seguidamente dijo que esos centros de n      trabajo u0026quot;son talleres pr&aacute;cticamente clandestinosu0026quot; que no pagan impuestos, n      ni entregan las cuotas obrero-patronales al Instituto Mexicano del Seguro n      Social (IMSS) y que tampoco cumplen con el Instituto del Fondo Nacional n      para la Vivienda de los Trabajadores (INFONAVIT) y mucho menos existe el n      reconocimiento de una relaci&oacute;n laboral.u003c\/fontu003eu003c\/pu003en      u003cpu003eu003cfont faceu003d\"Arial, Helvetica, sans-serif\" sizeu003d\"2\"u003eOtras de las n      restricciones que establece la Constituci&oacute;n mexicana es la prohibici&oacute;n que n      los menores presten sus servicios en lugares insalubres, peligrosos, n      trabajos nocturnos o en donde se expiden bebidas alcoh&oacute;licas, sin embargo n      u0026quot;hemos observado que la realidad supera lo que dicta la ley, incluso en n      muchos casos las estad&iacute;sticas con las que contamosu0026quot; especific&oacute; n      Delgado.u003c\/fontu003eu003c\/pu003en      u003cpu003eu003cfont faceu003d\"Arial, Helvetica, sans-serif\" sizeu003d\"2\"u003eAdem&aacute;s, la n      Constituci&oacute;n instituye la educaci&oacute;n obligatoria de nueve a&ntilde;os, lo cual n      implica un ni&ntilde;o de 15 a&ntilde;os de edad, pese a ello, uno de los sectores m&aacute;s n      sensibles de la sociedad que aporta trabajadores baratos y que no n      protestan, lejos de ser saneado, tiende a incrementarse hipotecando n      prematuramente un futuro que no tardar&aacute; mucho en llegar.\",1]  );    \/\/-->&#13;<br \/>\n  <br \/>&#13;<br \/>\n  En d\u00edas recientes, Fernando Salgado  Delgado, secretario de Bienestar Social y Ecolog\u00eda del Comit\u00e9 Nacional de la Confederaci\u00f3n de  Trabajadores de M\u00e9xico (CTM), alert\u00f3 sobre la gravedad del problema del trabajo  infantil en el pa\u00eds e inform\u00f3 que se tiene un registro aproximado de 3.3  millones de ni\u00f1os que trabajan, de los cuales s\u00f3lo 25 por ciento acude a la  escuela mientras el restante 75 por ciento dej\u00f3 sus estudios para ayudar  econ\u00f3micamente a su hogar.<\/p>\n<p>&#13;<\/p>\n<p align=\"justify\" class=\"text1noticias\">Esos menores se enfrentan a una dura  realidad tanto en el campo como en la ciudad. \u00abMuchos de ellos son  jornaleros agr\u00edcolas y ayudan en las labores del campo, mientras que otros  ofrecen su fuerza de trabajo en peque\u00f1os talleres o maquilas\u00bb, explic\u00f3  Delgado, quien seguidamente dijo que esos centros de trabajo \u00abson talleres  pr\u00e1cticamente clandestinos\u00bb que no pagan impuestos, ni entregan las cuotas  obrero-patronales al Instituto Mexicano del Seguro Social (IMSS) y que tampoco  cumplen con el Instituto del Fondo Nacional para la Vivienda de los  Trabajadores (INFONAVIT) y mucho menos existe el reconocimiento de una relaci\u00f3n  laboral.<\/p>\n<p>&#13;<\/p>\n<p align=\"justify\" class=\"text1noticias\">Otras de las restricciones que  establece la Constituci\u00f3n  mexicana es la prohibici\u00f3n que los menores presten sus servicios en lugares  insalubres, peligrosos, trabajos nocturnos o en donde se expiden bebidas  alcoh\u00f3licas, sin embargo \u00abhemos observado que la realidad supera lo que  dicta la ley, incluso en muchos casos las estad\u00edsticas con las que  contamos\u00bb especific\u00f3 Delgado.<\/p>\n<p>&#13;<\/p>\n<div align=\"justify\" class=\"text1noticias\">Adem\u00e1s, la   Constituci\u00f3n instituye la educaci\u00f3n obligatoria de nueve  a\u00f1os, lo cual implica un ni\u00f1o de 15 a\u00f1os de edad, pese a ello, uno de los  sectores m\u00e1s sensibles de la sociedad que aporta trabajadores baratos y que no  protestan, lejos de ser saneado, tiende a incrementarse hipotecando  prematuramente un futuro que no tardar\u00e1 mucho en llegar. <\/div>\n<p>&#13;<\/p>\n<h6> 2008-05-23 03:14:58 <\/h6>\n<p><!--\n<link rel=\"stylesheet\" href=\"css\/bootstrap.min.css\">\n\n\n<ul class=\"pagination\">\n\t    \n\t\n\n<li >\n\t<a href='?page_no=12001'>Previous<\/a>\n\t<\/li>\n\n\n       \n    \n\n<li><a href='?page_no=1'>1<\/a><\/li>\n\n\n\n<li><a href='?page_no=2'>2<\/a><\/li>\n\n\n\n<li><a>...<\/a><\/li>\n\n\n\n<li><a href='?page_no=12000'>12000<\/a><\/li>\n\n\n\n<li><a href='?page_no=12001'>12001<\/a><\/li>\n\n\n\n<li class='active'><a>12002<\/a><\/li>\n\n\n\n<li><a href='?page_no=12003'>12003<\/a><\/li>\n\n\n\n<li><a href='?page_no=12004'>12004<\/a><\/li>\n\n\n\n<li><a>...<\/a><\/li>\n\n\n\n<li><a href='?page_no=13611'>13611<\/a><\/li>\n\n\n\n<li><a href='?page_no=13612'>13612<\/a><\/li>\n\n    \n\t\n\n<li >\n\t<a href='?page_no=12003'>Next<\/a>\n\t<\/li>\n\n\n    \n\n<li><a href='?page_no=13612'>Last &rsaquo;&rsaquo;<\/a><\/li>\n\n<\/ul>\n\n\n--><br \/>\n<\/body><\/p>\n","protected":false},"excerpt":{"rendered":"<p>An\u00e1lisis Pol\u00edtico y Social Nacional e Internacional&#13; &#13; \u00a0\u00a0\u00a0\u00a0\u00a0\u00a0\u00a0\u00a0\u00a0\u00a0\u00a0\u00a0\u00a0\u00a0\u00a0\u00a0\u00a0\u00a0\u00a0\u00a0\u00a0\u00a0\u00a0\u00a0\u00a0\u00a0\u00a0\u00a0\u00a0\u00a0\u00a0\u00a0\u00a0\u00a0\u00a0\u00a0\u00a0\u00a0\u00a0\u00a0\u00a0\u00a0\u00a0\u00a0\u00a0\u00a0\u00a0\u00a0\u00a0\u00a0\u00a0\u00a0\u00a0\u00a0\u00a0\u00a0\u00a0\u00a0\u00a0\u00a0\u00a0\u00a0\u00a0\u00a0\u00a0\u00a0\u00a0\u00a0\u00a0\u00a0\u00a0\u00a0\u00a0\u00a0\u00a0\u00a0\u00a0\u00a0\u00a0\u00a0\u00a0\u00a0 De Venezuela y el Resto del Mundo.&#13; &#13; \u00a0\u00a0\u00a0\u00a0\u00a0\u00a0\u00a0\u00a0\u00a0\u00a0\u00a0 Director: Diego Olivera. Jefe de Redacci\u00f3n: Miguel Guaglianone &#13; Historias del capitalismo real \u2013 M\u00e9xico.&#13; &#13; Tres millones de ni\u00f1os sumergidos en el mercado laboral &#13; Por Lu\u00eds M. Casado Ledo &#13; Si bien en M\u00e9xico la [&hellip;]<\/p>\n","protected":false},"author":3,"featured_media":0,"comment_status":"open","ping_status":"open","sticky":false,"template":"","format":"standard","meta":{"footnotes":""},"categories":[16],"tags":[],"class_list":["post-36107","post","type-post","status-publish","format-standard","hentry","category-opiniones"],"_links":{"self":[{"href":"https:\/\/diariodominicano.com\/index.php?rest_route=\/wp\/v2\/posts\/36107","targetHints":{"allow":["GET"]}}],"collection":[{"href":"https:\/\/diariodominicano.com\/index.php?rest_route=\/wp\/v2\/posts"}],"about":[{"href":"https:\/\/diariodominicano.com\/index.php?rest_route=\/wp\/v2\/types\/post"}],"author":[{"embeddable":true,"href":"https:\/\/diariodominicano.com\/index.php?rest_route=\/wp\/v2\/users\/3"}],"replies":[{"embeddable":true,"href":"https:\/\/diariodominicano.com\/index.php?rest_route=%2Fwp%2Fv2%2Fcomments&post=36107"}],"version-history":[{"count":0,"href":"https:\/\/diariodominicano.com\/index.php?rest_route=\/wp\/v2\/posts\/36107\/revisions"}],"wp:attachment":[{"href":"https:\/\/diariodominicano.com\/index.php?rest_route=%2Fwp%2Fv2%2Fmedia&parent=36107"}],"wp:term":[{"taxonomy":"category","embeddable":true,"href":"https:\/\/diariodominicano.com\/index.php?rest_route=%2Fwp%2Fv2%2Fcategories&post=36107"},{"taxonomy":"post_tag","embeddable":true,"href":"https:\/\/diariodominicano.com\/index.php?rest_route=%2Fwp%2Fv2%2Ftags&post=36107"}],"curies":[{"name":"wp","href":"https:\/\/api.w.org\/{rel}","templated":true}]}}