{"id":360934,"date":"2022-06-11T16:44:37","date_gmt":"2022-06-11T20:44:37","guid":{"rendered":"http:\/\/diariodominicano.com\/?p=360934"},"modified":"2022-06-11T16:46:24","modified_gmt":"2022-06-11T20:46:24","slug":"conmemoran-en-dominicana-aniversario-177-del-natalicio-de-maceo","status":"publish","type":"post","link":"https:\/\/diariodominicano.com\/?p=360934","title":{"rendered":"Conmemoran en Dominicana aniversario 177 del natalicio de Maceo"},"content":{"rendered":"\n<h1 class=\"wp-block-heading\"><\/h1>\n\n\n\n<p>Puerto Plata, Rep\u00fablica Dominicana, 11 jun (Prensa Latina) Cubanos y dominicanos conmemoraron hoy en esta ciudad, provincia hom\u00f3nima, el aniversario 177 del natalicio del mayor general del Ej\u00e9rcito Libertador, Antonio Maceo, conocido en la isla como el Tit\u00e1n de Bronce.<\/p>\n\n\n\n<ul class=\"wp-block-list\"><li>junio 11, 2022<\/li><li>CDT15:04 (GMT) -0400<\/li><\/ul>\n\n\n\n<p>En un acto efectuado en el lugar donde est\u00e1 ubicado el monumento al h\u00e9roe cubano en el visitado Parque La Puntilla de esta ciudad, se reunieron miembros de la Embajada de Cuba, de la Campa\u00f1a Dominicana de Solidaridad, de la Asociaci\u00f3n M\u00e1ximo G\u00f3mez de cubanos residentes y autoridades de la provincia.<\/p>\n\n\n\n<p><\/p>\n\n\n\n<p>Durante la actividad intervinieron varios funcionarios del gobierno y de amigos de la mayor de las Antillas, quienes resaltaron los valores del Tit\u00e1n de Bronce, y su v\u00ednculo con Dominicana.<\/p>\n\n\n\n<p>Tambi\u00e9n usaron de la palabra la embajadora de Cuba en el pa\u00eds, Milagros Carina Soto, y el c\u00f3nsul, Rainer Garc\u00eda, quienes explicaron lo que significa el f\u00e9rreo combatiente para sus compatriotas y las lecciones dejadas por este a lo largo de su vida.<\/p>\n\n\n\n<p>Maceo es considerado por los historiadores como un maestro de la t\u00e1ctica militar. Intervino en m\u00e1s de 600 acciones combativas, entre las que se cuentan alrededor de 200 batallas de gran significado.<\/p>\n\n\n\n<p>Estos enfrentamientos dejaron en su cuerpo 26 cicatrices de guerra, de las cuales recibi\u00f3 21 en la Guerra de los Diez A\u00f1os (1868-1878).<\/p>\n\n\n\n<p>Es recordado tambi\u00e9n por la Protesta de Baragu\u00e1, hecho hist\u00f3rico que demostr\u00f3 la decisi\u00f3n de un pueblo de vivir sin due\u00f1os, ni cadenas.<\/p>\n\n\n\n<p>El Mayor General cay\u00f3 en combate el 7 de diciembre de 1896 en San Pedro, provincia de La Habana y sus restos descansan en el monumento de El Cacahual del mismo territorio.<\/p>\n\n\n\n<p>ale\/ema<\/p>\n","protected":false},"excerpt":{"rendered":"<p>Puerto Plata, Rep\u00fablica Dominicana, 11 jun (Prensa Latina) Cubanos y dominicanos conmemoraron hoy en esta ciudad, provincia hom\u00f3nima, el aniversario 177 del natalicio del mayor general del Ej\u00e9rcito Libertador, Antonio Maceo, conocido en la isla como el Tit\u00e1n de Bronce. junio 11, 2022 CDT15:04 (GMT) -0400 En un acto efectuado en el lugar donde est\u00e1 [&hellip;]<\/p>\n","protected":false},"author":28,"featured_media":360935,"comment_status":"closed","ping_status":"","sticky":true,"template":"","format":"standard","meta":{"footnotes":""},"categories":[26,27],"tags":[],"class_list":["post-360934","post","type-post","status-publish","format-standard","has-post-thumbnail","hentry","category-efemerides","category-portada"],"_links":{"self":[{"href":"https:\/\/diariodominicano.com\/index.php?rest_route=\/wp\/v2\/posts\/360934","targetHints":{"allow":["GET"]}}],"collection":[{"href":"https:\/\/diariodominicano.com\/index.php?rest_route=\/wp\/v2\/posts"}],"about":[{"href":"https:\/\/diariodominicano.com\/index.php?rest_route=\/wp\/v2\/types\/post"}],"author":[{"embeddable":true,"href":"https:\/\/diariodominicano.com\/index.php?rest_route=\/wp\/v2\/users\/28"}],"replies":[{"embeddable":true,"href":"https:\/\/diariodominicano.com\/index.php?rest_route=%2Fwp%2Fv2%2Fcomments&post=360934"}],"version-history":[{"count":3,"href":"https:\/\/diariodominicano.com\/index.php?rest_route=\/wp\/v2\/posts\/360934\/revisions"}],"predecessor-version":[{"id":360938,"href":"https:\/\/diariodominicano.com\/index.php?rest_route=\/wp\/v2\/posts\/360934\/revisions\/360938"}],"wp:featuredmedia":[{"embeddable":true,"href":"https:\/\/diariodominicano.com\/index.php?rest_route=\/wp\/v2\/media\/360935"}],"wp:attachment":[{"href":"https:\/\/diariodominicano.com\/index.php?rest_route=%2Fwp%2Fv2%2Fmedia&parent=360934"}],"wp:term":[{"taxonomy":"category","embeddable":true,"href":"https:\/\/diariodominicano.com\/index.php?rest_route=%2Fwp%2Fv2%2Fcategories&post=360934"},{"taxonomy":"post_tag","embeddable":true,"href":"https:\/\/diariodominicano.com\/index.php?rest_route=%2Fwp%2Fv2%2Ftags&post=360934"}],"curies":[{"name":"wp","href":"https:\/\/api.w.org\/{rel}","templated":true}]}}