{"id":36093,"date":"2008-05-26T03:08:37","date_gmt":"2008-05-26T03:08:37","guid":{"rendered":"http:\/\/diariodominicano.ddns.net\/?p=36093"},"modified":"2008-05-26T03:08:37","modified_gmt":"2008-05-26T03:08:37","slug":"el-liderazgo-pastoral-de-juan-pablo-ii","status":"publish","type":"post","link":"https:\/\/diariodominicano.com\/?p=36093","title":{"rendered":"El Liderazgo Pastoral de Juan Pablo II"},"content":{"rendered":"<p><body><\/p>\n<p class=\"titulogrande1\"><strong>El  Liderazgo Pastoral de Juan Pablo II<\/strong><\/p>\n<p>&#13;<\/p>\n<p align=\"justify\" class=\"text1noticias\">Uno de los l\u00edderes de la iglesia cat\u00f3lica que  m\u00e1s se destac\u00f3\u00a0 en los \u00faltimos tiempos lo  fue el papa Juan Pablo II. A \u00e9ste se le bautizo con el nombre del papa  peregrino, porque fue quien m\u00e1s viajes realiz\u00f3 al exterior, llevando un mensaje  de esperanza a millones de hombres y mujeres de todos los extractos sociales en  el mundo.<\/p>\n<p>&#13;<\/p>\n<p align=\"justify\" class=\"text1noticias\">Los pronunciamientos de Juan Pablo II se  colocaron del lado de todos aquellos que sufren por la pobreza, las guerras y  la intolerancia. En cuanto a su protesta a favor de los oprimidos el para Juan  Pablo II protest\u00f3 contra los gobiernos que no se ocupan de aliviar el hambre de  millones de seres humanos en el mundo. En este aspecto\u00a0 lleg\u00f3 a calificar muchas medidas neoliberales  puesta en pr\u00e1ctica por muchos gobiernos como capitalismo salvaje, como una  forma de llamar la atenci\u00f3n para que no s\u00f3lo se vea al ser humano como un  instrumento a explotar, sino tambi\u00e9n para que se tomen en cuenta sus  potencialidades, aspiraciones y  esperanzas.<\/p>\n<p>&#13;<\/p>\n<p align=\"justify\" class=\"text1noticias\">El papa Juan Pablo II se preocupo\u00a0 por el crecimiento espiritual y material de  las familias, en ese sentido se interes\u00f3 por el crecimiento de una burgues\u00eda  nacional comprometida con el desarrollo de sus empresas. <\/p>\n<p>&#13;<\/p>\n<p align=\"justify\" class=\"text1noticias\">La posici\u00f3n del papa Juan Pablo II frente a  las pol\u00edticas neoliberales\u00a0 es lo que  explica que \u00e9ste religioso, sin tener participaci\u00f3n en la pol\u00edtica, sea el  l\u00edder m\u00e1s apreciado y arraigado en la mente de millones y millones de personas  en el mundo, que lo ven como una gu\u00eda espiritual y como abanderado de la  justicia social y el bien com\u00fan a favor de los pobres del mundo. <\/p>\n<p>&#13;<\/p>\n<p align=\"justify\" class=\"text1noticias\">El hecho de que Juan Pablo II se convirtiera  en el l\u00edder religioso que arrastraba al mayor n\u00famero de seguidores cat\u00f3licos y  de masas humanas provenientes de todos los sectores sociales y econ\u00f3micos del  mundo, confirma que en cuanto a la movilizaci\u00f3n de personas, el papa es quien  mayores torrentes de masas conquist\u00f3 en el mundo y aunque \u00e9ste no fue un l\u00edder  pol\u00edtico, sino religioso, ya que su misi\u00f3n era pastoral, no por ello se pudo  evitar que la influencia de su liderazgo sea una de las m\u00e1s destacada del siglo  XX y talvez del siglo XXI.<br \/>&#13;<br \/>\n\u00a0\u00a0\u00a0\u00a0\u00a0\u00a0\u00a0\u00a0\u00a0\u00a0\u00a0\u00a0\u00a0\u00a0\u00a0\u00a0\u00a0\u00a0\u00a0\u00a0\u00a0\u00a0\u00a0\u00a0\u00a0\u00a0\u00a0\u00a0\u00a0\u00a0\u00a0\u00a0\u00a0\u00a0\u00a0\u00a0\u00a0\u00a0\u00a0\u00a0\u00a0\u00a0\u00a0\u00a0\u00a0\u00a0\u00a0\u00a0\u00a0\u00a0\u00a0\u00a0\u00a0\u00a0\u00a0\u00a0\u00a0\u00a0\u00a0\u00a0\u00a0\u00a0\u00a0\u00a0\u00a0\u00a0\u00a0\u00a0\u00a0\u00a0\u00a0\u00a0\u00a0\u00a0\u00a0\u00a0\u00a0\u00a0\u00a0\u00a0\u00a0\u00a0\u00a0\u00a0\u00a0\u00a0\u00a0\u00a0\u00a0\u00a0\u00a0\u00a0\u00a0\u00a0\u00a0\u00a0\u00a0\u00a0\u00a0\u00a0\u00a0\u00a0\u00a0\u00a0\u00a0\u00a0\u00a0\u00a0 <br \/>&#13;<br \/>\nEl liderazgo del papa Juan Pablo II se  acentu\u00f3 m\u00e1s en el coraz\u00f3n de la gente porque \u00e9ste dio calor humano a millones  de hombres y mujeres\u00a0 del mundo y porque  se preocup\u00f3, de forma real, para que los poseedores de riquezas y de capital\u00a0 tuvieran consciencia que el ser humano debe  estar por encima de las apetencias del dinero.\u00a0\u00a0\u00a0\u00a0\u00a0\u00a0\u00a0\u00a0\u00a0\u00a0\u00a0\u00a0\u00a0\u00a0\u00a0\u00a0\u00a0\u00a0\u00a0\u00a0\u00a0 <\/p>\n<p>&#13;<\/p>\n<p align=\"justify\" class=\"text1noticias\">En la enc\u00edclica Centesimus Annus el para Juan  Pablo II nos escribe lo siguiente: \u201cUna autentica democracia es posible  solamente en un estado de derecho y sobre la base de una recta concepci\u00f3n de la  persona humana. Requiere que se den las condiciones necesarias para la  promoci\u00f3n de las personas concretas, mediante la educaci\u00f3n y la formaci\u00f3n en  los verdaderos ideales, as\u00ed como de la subjetividad de la sociedad, mediante la  creaci\u00f3n de estructuras de participaci\u00f3n y de corresponsabilidad.\u201d<\/p>\n<p>&#13;<\/p>\n<p align=\"justify\" class=\"text1noticias\">En cuanto a la democracia el papa Juan\u00a0 Pablo II entiende que debe ser participativa,  en este sentido atribuye gran importancia a la libre empresa en el capitalismo.  Entiende que esta debe garantizar la participaci\u00f3n de la gente, debe adem\u00e1s  garantizar que la gente elija, como forma para controlar a los gobernantes. En  este sentido el papa Juan Pablo II expresa lo siguiente: \u201cLa iglesia  aprecia\u00a0 el sistema de la democracia en  la medida que asegura la participaci\u00f3n de los ciudadanos en las opciones  pol\u00edticas y garantiza a los gobernados la posibilidad de elegir y de controlar  a sus propios gobernantes, o bien de sustituirlos oportunamente de manera  pacifica\u201d.<\/p>\n<p>&#13;<\/p>\n<p align=\"justify\" class=\"text1noticias\">Consciente de su responsabilidad social y  para con la gente el papa Juan pablo II se\u00a0  refiere, a trav\u00e9s de la enc\u00edclica Centesimus Annus, a las funciones que  debe jugar el Estado en una sociedad capitalista en beneficio de su gente.\u00a0 En este aspecto se expresa de la manera  siguiente: \u201cCrear un marco institucional, jur\u00eddico y pol\u00edtico, que garantice la  libertad individual, la propiedad y el sano funcionamiento de la econom\u00eda de  mercado\u201d Otro aspecto al que se refiere el papa Juan Pablo II es el que tiene  que ver con la vigilancia y el encauzamiento de los derechos humanos y se\u00f1alaba  que el Estado tenia que suplirlos en situaciones excepcionales de extrema  pobreza en aquellos sistema de empresa demasiados d\u00e9biles o en v\u00eda deformaci\u00f3n. <\/p>\n<p>&#13;<\/p>\n<p align=\"justify\" class=\"text1noticias\">El papa tambi\u00e9n abog\u00f3 por la\u00a0 ayuda y libre\u00a0  iniciativa que debe tener el Estado en beneficio de toda persona, sobre  todo cuando esas personas provienes de grupos sociales muy pobres. En este  aspecto entiende que una estructura social de orden superior (Estado) no debe  interferir la vida interna de un grupo social de orden inferior para privarla de  sus competencias, sino que m\u00e1s bien\u00a0 \u00e9ste  tiene que sostenerla, en caso de necesidad. Debe adem\u00e1s ayudarla a coordinar  sus acciones con los dem\u00e1s componentes sociales con miras al bien com\u00fan. <\/p>\n<p>&#13;<\/p>\n<p align=\"justify\" class=\"text1noticias\"><strong>Evelio Arroyo es  Soci\u00f3logo, Abogado y Escritor. Estos temas son publicados del libro \u201cLideres y  Liderazgos\u201d de su autor\u00eda.\u00a0 <\/strong><\/p>\n<p>&#13;<\/p>\n<h6> 2008-05-26 03:08:37 <\/h6>\n<p><!--\n<link rel=\"stylesheet\" href=\"css\/bootstrap.min.css\">\n\n\n<ul class=\"pagination\">\n\t    \n\t\n\n<li >\n\t<a href='?page_no=11990'>Previous<\/a>\n\t<\/li>\n\n\n       \n    \n\n<li><a href='?page_no=1'>1<\/a><\/li>\n\n\n\n<li><a href='?page_no=2'>2<\/a><\/li>\n\n\n\n<li><a>...<\/a><\/li>\n\n\n\n<li><a href='?page_no=11989'>11989<\/a><\/li>\n\n\n\n<li><a href='?page_no=11990'>11990<\/a><\/li>\n\n\n\n<li class='active'><a>11991<\/a><\/li>\n\n\n\n<li><a href='?page_no=11992'>11992<\/a><\/li>\n\n\n\n<li><a href='?page_no=11993'>11993<\/a><\/li>\n\n\n\n<li><a>...<\/a><\/li>\n\n\n\n<li><a href='?page_no=13611'>13611<\/a><\/li>\n\n\n\n<li><a href='?page_no=13612'>13612<\/a><\/li>\n\n    \n\t\n\n<li >\n\t<a href='?page_no=11992'>Next<\/a>\n\t<\/li>\n\n\n    \n\n<li><a href='?page_no=13612'>Last &rsaquo;&rsaquo;<\/a><\/li>\n\n<\/ul>\n\n\n--><br \/>\n<\/body><\/p>\n","protected":false},"excerpt":{"rendered":"<p>El Liderazgo Pastoral de Juan Pablo II &#13; Uno de los l\u00edderes de la iglesia cat\u00f3lica que m\u00e1s se destac\u00f3\u00a0 en los \u00faltimos tiempos lo fue el papa Juan Pablo II. A \u00e9ste se le bautizo con el nombre del papa peregrino, porque fue quien m\u00e1s viajes realiz\u00f3 al exterior, llevando un mensaje de esperanza [&hellip;]<\/p>\n","protected":false},"author":3,"featured_media":0,"comment_status":"open","ping_status":"open","sticky":false,"template":"","format":"standard","meta":{"footnotes":""},"categories":[16],"tags":[],"class_list":["post-36093","post","type-post","status-publish","format-standard","hentry","category-opiniones"],"_links":{"self":[{"href":"https:\/\/diariodominicano.com\/index.php?rest_route=\/wp\/v2\/posts\/36093","targetHints":{"allow":["GET"]}}],"collection":[{"href":"https:\/\/diariodominicano.com\/index.php?rest_route=\/wp\/v2\/posts"}],"about":[{"href":"https:\/\/diariodominicano.com\/index.php?rest_route=\/wp\/v2\/types\/post"}],"author":[{"embeddable":true,"href":"https:\/\/diariodominicano.com\/index.php?rest_route=\/wp\/v2\/users\/3"}],"replies":[{"embeddable":true,"href":"https:\/\/diariodominicano.com\/index.php?rest_route=%2Fwp%2Fv2%2Fcomments&post=36093"}],"version-history":[{"count":0,"href":"https:\/\/diariodominicano.com\/index.php?rest_route=\/wp\/v2\/posts\/36093\/revisions"}],"wp:attachment":[{"href":"https:\/\/diariodominicano.com\/index.php?rest_route=%2Fwp%2Fv2%2Fmedia&parent=36093"}],"wp:term":[{"taxonomy":"category","embeddable":true,"href":"https:\/\/diariodominicano.com\/index.php?rest_route=%2Fwp%2Fv2%2Fcategories&post=36093"},{"taxonomy":"post_tag","embeddable":true,"href":"https:\/\/diariodominicano.com\/index.php?rest_route=%2Fwp%2Fv2%2Ftags&post=36093"}],"curies":[{"name":"wp","href":"https:\/\/api.w.org\/{rel}","templated":true}]}}