{"id":36089,"date":"2008-05-26T03:27:52","date_gmt":"2008-05-26T03:27:52","guid":{"rendered":"http:\/\/diariodominicano.ddns.net\/?p=36089"},"modified":"2008-05-26T03:27:52","modified_gmt":"2008-05-26T03:27:52","slug":"cuba-apoya-la-libertad-de-prensa","status":"publish","type":"post","link":"https:\/\/diariodominicano.com\/?p=36089","title":{"rendered":"Cuba apoya la libertad de prensa"},"content":{"rendered":"<p><body><\/p>\n<p><span class=\"text1noticias\">Visi\u00f3n de un soci\u00f3logo estadounidense<\/span><strong><br \/>&#13;<br \/>\n  <\/strong><br \/>&#13;<br \/>\n  <span class=\"titulogrande1\"><strong>Cuba apoya la libertad de prensa<\/strong><\/span><strong><br \/>&#13;<br \/>\n  <\/strong><br \/>&#13;<br \/>\n  <strong>Peter  Phillips<\/strong><\/p>\n<p>&#13;<\/p>\n<p align=\"justify\" class=\"text1noticias\">\u00abUsted no puede matar la verdad asesinando a  periodistas\u00bb, dijo Tubal P\u00e1ez, presidente de la Uni\u00f3n del Periodista de  Cuba (UPEC). Ciento cincuenta periodistas cubanos y suramericanos, embajadores,  pol\u00edticos y hu\u00e9spedes extranjeros se congregaron en el Instituto Internacional  de Periodismo Jos\u00e9 Mart\u00ed para honrar el 50\u00ba aniversario de la muerte de Carlos  Bastidas Arg\u00fcello, el \u00faltimo periodista asesinado en Cuba. <br \/>&#13;<br \/>\n  <br \/>&#13;<br \/>\n  Carlos  Bastidas ten\u00eda solamente 23 a\u00f1os de edad cuando fue asesinado por la polic\u00eda  secreta de Fulgencio Batista despu\u00e9s de visitar las fuerzas de Fidel Castro en  la Sierra Maestra. Edmundo Bastidas, hermano de Carlos, explic\u00f3 c\u00f3mo el caudal  de un r\u00edo de cambios ense\u00f1\u00f3 desde la Sierra Maestra, simbolizado por los  esfuerzos de su hermano de ayudar a un nuevo futuro seguro para Cuba. <br \/>&#13;<br \/>\n  <br \/>&#13;<br \/>\n  La  celebraci\u00f3n en La Habana fue conmemorada en honor del D\u00eda Mundial de la  Libertad de Prensa, que se observa cada a\u00f1o en mayo. Este d\u00eda fue proclamado  por la Organizaci\u00f3n de Naciones Unidas en 1993 para honrar a los periodistas  que han perdido sus vidas reporteando noticias y para defender la libertad de  los medios por todo el mundo. <br \/>&#13;<br \/>\n  <br \/>&#13;<br \/>\n  Durante  mis cinco d\u00edas en La Habana, convers\u00e9 con decenas de periodistas, estudiantes y  acad\u00e9micos de la facultad de comunicaci\u00f3n [de la Universidad de La Habana],  l\u00edderes de la UPEC y [dirigentes] pol\u00edticos. El tema subyacente de mi visita  fue determinar el estado de la libertad de los medios en Cuba y construir un  mejor entendimiento entre los activistas por la democratizaci\u00f3n de los medios en  EEUU y \u00e9stos en Cuba. <br \/>&#13;<br \/>\n  <br \/>&#13;<br \/>\n  Visit\u00e9  las dos principales estaciones de radio de La Habana, Radio Rebelde y Radio  Habana. Ambas tienen acceso por Internet a m\u00faltiples fuentes globales de  noticias, incluyendo CNN, Reuters, Associated Press (AP) y BBC, con varios noticiarios  que emiten historias para la difusi\u00f3n p\u00fablica. <br \/>&#13;<br \/>\n  <br \/>&#13;<br \/>\n  M\u00e1s de  90 municipios de Cuba poseen sus propias estaciones de radio que funcionan  localmente y los periodistas cubren noticias locales en cada provincia. <br \/>&#13;<br \/>\n  <br \/>&#13;<br \/>\n  Durante  mi visita de varias horas a cada estaci\u00f3n fui entrevistado directamente al aire  sobre la consolidaci\u00f3n y la censura de los medios en EEUU y tambi\u00e9n pude  preguntar a los periodistas acerca de la censura en Cuba. De las decenas de  trabajadores de prensa que entrevist\u00e9, todos me dijeron que tienen completa  libertad para escribir o para difundir cualquier historia que elijan. Esto  result\u00f3 muy diferente al sistema de medios estalinista representado tan a  menudo por los intereses de EEUU. <br \/>&#13;<br \/>\n  <br \/>&#13;<br \/>\n  No  obstante, lleg\u00f3 a estar claro que los periodistas cubanos comparten un  sentimiento com\u00fan respecto a la continuaci\u00f3n de la amenaza  contra-revolucionaria financiada desde EEUU por los cubano-americanos que viven  en Miami. Esta no es una sensaci\u00f3n sin fundamentos porque, durante los \u00faltimos  cincuenta a\u00f1os, han ocurrido muchos cientos de acciones terroristas contra Cuba  apoyadas por EEUU. Adem\u00e1s de la invasi\u00f3n de 1961 por Bah\u00eda de Cochinos [Playa  Gir\u00f3n], estos ataques incluyeron hacer explotar aviones de la l\u00ednea a\u00e9rea  Cubana de Aviaci\u00f3n, como el atentado que en 1976 caus\u00f3 las muertes de setenta y  tres personas, una epidemia de la fiebre del dengue que a comienzos de 1981  mat\u00f3 a 158 personas y varios bombardeos de hoteles en los a\u00f1os 90, donde uno de  ellos caus\u00f3 la muerte de un turista italiano. <br \/>&#13;<br \/>\n  <br \/>&#13;<br \/>\n  En el  contexto de esta amenaza exterior, los periodistas cubanos admiten  reservadamente que indudablemente existe una cierta auto-censura respecto a las  historias de noticias que podr\u00edan utilizarse por el \u00abenemigo\u00bb contra  el pueblo cubano. No obstante, los periodistas cubanos valoran decididamente la  libertad de la prensa y no existe evidencia abierta de restricci\u00f3n o de control  del gobierno. <br \/>&#13;<br \/>\n  <br \/>&#13;<br \/>\n  Los  periodistas cubanos se quejan de que los grandes medios corporativos de EEUU  son sesgados y rechazan la cobertura de los aspectos positivos del socialismo  en Cuba. La mayor\u00eda de los estadounidenses ignora que Cuba es el pa\u00eds n\u00famero  uno en el mundo en cultivos org\u00e1nicos, que tiene un sistema impresionante de  salud p\u00fablica \u2013con una tasa de mortalidad infantil m\u00e1s baja que EEUU\u2013, que forma  m\u00e9dicos provenientes de todo el planeta y que para los \u00faltimos tres a\u00f1os exhibe  un aumento del 43% del Producto Interno Bruto [valor total de los bienes y  servicios producidos anualmente por un pa\u00eds]. <br \/>&#13;<br \/>\n  <br \/>&#13;<br \/>\n  Ricardo  Alarc\u00f3n, presidente de la Asamblea Nacional del Poder Popular, critic\u00f3 el sesgo  en los medios de EEUU. \u00ab\u00bfCu\u00e1n a menudo ve usted a Gore Vidal entrevistado  en los medios de EEUU?\u00bb, pregunt\u00f3. Vidal recientemente dijo que EEUU &#8216;est\u00e1  en su fase peor de la historia&#8217;. \u00abQuiz\u00e1s Cuba utilice en exceso noticias  corporativas [de EEUU]\u00bb, dijo. \u00abLos periodistas cubanos necesitan  ligarse m\u00e1s a las fuentes independientes de noticias en EEUU\u00bb. Alarc\u00f3n se  encendi\u00f3 al decir que Cuba permite que CNN, la AP y el Chicago Tribune  mantengan oficinas en Cuba, pero EEUU rechaza autorizar que los periodistas  cubanos trabajen en Estados Unidos. <br \/>&#13;<br \/>\n  <br \/>&#13;<br \/>\n  Mientras  el sistema socialista cubano mejora, EEUU hace todo lo que puede para forzar  artificialmente condiciones de guerra-fr\u00eda, financiando ataques terroristas,  manteniendo un embargo econ\u00f3mico, lanzando una nueva flota naval del Caribe  contra el \u00abterrorismo\u00bb y limitando cada vez m\u00e1s los viajes a Cuba del  ciudadano estadounidense. Lleg\u00f3 la hora de invertir esta posici\u00f3n de  guerra-fr\u00eda aislacionista, honrar la elecci\u00f3n del pueblo cubano de un sistema  socialista y construir una relaci\u00f3n de trabajo positiva entre los periodistas  en apoyo de la democracia de los medios en nuestros ambos pa\u00edses. <br \/>&#13;<br \/>\n  <br \/>&#13;<br \/>\nPeter Phillips es profesor de  sociolog\u00eda de la Universidad Sonoma State, de California, y director del  Proyecto Censurado, una organizaci\u00f3n de investigaci\u00f3n de medios. Phillips viaj\u00f3  a Cuba como hu\u00e9sped invitado de la Uni\u00f3n de Periodistas de Cuba, del 10 al 15  de mayo 2008. <\/p>\n<p>&#13;<\/p>\n<p align=\"justify\">\u00a0<\/p>\n<p>&#13;<\/p>\n<h6> 2008-05-26 03:27:52 <\/h6>\n<p><!--\n<link rel=\"stylesheet\" href=\"css\/bootstrap.min.css\">\n\n\n<ul class=\"pagination\">\n\t    \n\t\n\n<li >\n\t<a href='?page_no=11987'>Previous<\/a>\n\t<\/li>\n\n\n       \n    \n\n<li><a href='?page_no=1'>1<\/a><\/li>\n\n\n\n<li><a href='?page_no=2'>2<\/a><\/li>\n\n\n\n<li><a>...<\/a><\/li>\n\n\n\n<li><a href='?page_no=11986'>11986<\/a><\/li>\n\n\n\n<li><a href='?page_no=11987'>11987<\/a><\/li>\n\n\n\n<li class='active'><a>11988<\/a><\/li>\n\n\n\n<li><a href='?page_no=11989'>11989<\/a><\/li>\n\n\n\n<li><a href='?page_no=11990'>11990<\/a><\/li>\n\n\n\n<li><a>...<\/a><\/li>\n\n\n\n<li><a href='?page_no=13611'>13611<\/a><\/li>\n\n\n\n<li><a href='?page_no=13612'>13612<\/a><\/li>\n\n    \n\t\n\n<li >\n\t<a href='?page_no=11989'>Next<\/a>\n\t<\/li>\n\n\n    \n\n<li><a href='?page_no=13612'>Last &rsaquo;&rsaquo;<\/a><\/li>\n\n<\/ul>\n\n\n--><br \/>\n<\/body><\/p>\n","protected":false},"excerpt":{"rendered":"<p>Visi\u00f3n de un soci\u00f3logo estadounidense&#13; &#13; Cuba apoya la libertad de prensa&#13; &#13; Peter Phillips &#13; \u00abUsted no puede matar la verdad asesinando a periodistas\u00bb, dijo Tubal P\u00e1ez, presidente de la Uni\u00f3n del Periodista de Cuba (UPEC). Ciento cincuenta periodistas cubanos y suramericanos, embajadores, pol\u00edticos y hu\u00e9spedes extranjeros se congregaron en el Instituto Internacional de [&hellip;]<\/p>\n","protected":false},"author":3,"featured_media":0,"comment_status":"open","ping_status":"open","sticky":false,"template":"","format":"standard","meta":{"footnotes":""},"categories":[16],"tags":[],"class_list":["post-36089","post","type-post","status-publish","format-standard","hentry","category-opiniones"],"_links":{"self":[{"href":"https:\/\/diariodominicano.com\/index.php?rest_route=\/wp\/v2\/posts\/36089","targetHints":{"allow":["GET"]}}],"collection":[{"href":"https:\/\/diariodominicano.com\/index.php?rest_route=\/wp\/v2\/posts"}],"about":[{"href":"https:\/\/diariodominicano.com\/index.php?rest_route=\/wp\/v2\/types\/post"}],"author":[{"embeddable":true,"href":"https:\/\/diariodominicano.com\/index.php?rest_route=\/wp\/v2\/users\/3"}],"replies":[{"embeddable":true,"href":"https:\/\/diariodominicano.com\/index.php?rest_route=%2Fwp%2Fv2%2Fcomments&post=36089"}],"version-history":[{"count":0,"href":"https:\/\/diariodominicano.com\/index.php?rest_route=\/wp\/v2\/posts\/36089\/revisions"}],"wp:attachment":[{"href":"https:\/\/diariodominicano.com\/index.php?rest_route=%2Fwp%2Fv2%2Fmedia&parent=36089"}],"wp:term":[{"taxonomy":"category","embeddable":true,"href":"https:\/\/diariodominicano.com\/index.php?rest_route=%2Fwp%2Fv2%2Fcategories&post=36089"},{"taxonomy":"post_tag","embeddable":true,"href":"https:\/\/diariodominicano.com\/index.php?rest_route=%2Fwp%2Fv2%2Ftags&post=36089"}],"curies":[{"name":"wp","href":"https:\/\/api.w.org\/{rel}","templated":true}]}}