{"id":36088,"date":"2008-05-26T19:27:46","date_gmt":"2008-05-26T19:27:46","guid":{"rendered":"http:\/\/diariodominicano.ddns.net\/?p=36088"},"modified":"2008-05-26T19:27:46","modified_gmt":"2008-05-26T19:27:46","slug":"reflexiones-del-companero-fidel-7","status":"publish","type":"post","link":"https:\/\/diariodominicano.com\/?p=36088","title":{"rendered":"Reflexiones del compa\u00f1ero Fidel"},"content":{"rendered":"<p><body><\/p>\n<p class=\"titulogrande1\">Reflexiones del compa\u00f1ero Fidel<\/p>\n<p>&#13;<\/p>\n<p align=\"justify\" class=\"text1noticias\">La pol\u00edtica c\u00ednica  del imperio <\/p>\n<p>&#13;<\/p>\n<p align=\"justify\" class=\"text1noticias\">No ser\u00eda honesto de mi parte guardar silencio despu\u00e9s del  discurso de Obama la tarde del 23 de mayo ante la Fundaci\u00f3n Cubano-Americana,  creada por Ronald Reagan. Lo escuch\u00e9, como hice con el de McCain y el de Bush.  No guardo rencor hacia su persona, porque no ha sido responsable de los  cr\u00edmenes cometidos contra Cuba y la humanidad. Si lo defendiera, les har\u00eda un  enorme favor a sus adversarios. No temo por ello criticarlo y expresar con  franqueza mis puntos de vista sobre sus palabras. <\/p>\n<p>&#13;<\/p>\n<p align=\"justify\" class=\"text1noticias\">\u00bfQu\u00e9 afirm\u00f3? <\/p>\n<p>&#13;<\/p>\n<p align=\"justify\" class=\"text1noticias\">\u00abA trav\u00e9s de mi vida ha habido injusticia y  represi\u00f3n en Cuba, y nunca durante mi vida el pueblo ha conocido la verdadera  libertad, nunca en la vida de dos generaciones ha conocido el pueblo de Cuba  una democracia\u00bc no hemos visto elecciones durante 50 a\u00f1os\u00bc Nosotros no vamos a  soportar estas injusticias, juntos vamos a buscar la libertad para Cuba,\u00bb  les expresa a los anexionistas y contin\u00faa: \u00abEsa es mi palabra. Ese es mi  compromiso. \u00bc es hora de que el dinero estadounidense haga que el pueblo cubano  sea menos dependiente del r\u00e9gimen de Castro. Voy a mantener el embargo\u00bc \u00ab<\/p>\n<p>&#13;<\/p>\n<p align=\"justify\" class=\"text1noticias\">El contenido de las palabras de este fuerte candidato a  la Presidencia de Estados Unidos, me exonera de la necesidad de explicar el  porqu\u00e9 de esta reflexi\u00f3n. <\/p>\n<p>&#13;<\/p>\n<p align=\"justify\" class=\"text1noticias\">El propio Jos\u00e9 Hern\u00e1ndez, uno de los directivos de la  Fundaci\u00f3n Cubano-Americana al que Obama elogia en su discurso, era el  propietario del fusil autom\u00e1tico de calibre 50, mirilla telesc\u00f3pica y rayos  infrarrojos capturado por casualidad junto a otras mort\u00edferas armas, durante su  transportaci\u00f3n por mar hacia Venezuela, donde la Fundaci\u00f3n proyect\u00f3 asesinar al  que esto escribe en una reuni\u00f3n internacional que tuvo lugar en Margarita,  estado venezolano de Nueva Esparta.<\/p>\n<p>&#13;<\/p>\n<p align=\"justify\" class=\"text1noticias\">El grupo de Pepe Hern\u00e1ndez deseaba volver al pacto con  Clinton, a quien el clan de Mas Canosa traicion\u00f3, ofreci\u00e9ndole mediante fraude  la victoria a Bush en el 2000 porque hab\u00eda prometido asesinar a Castro, algo  que todos aceptaron gustosos. Son rejuegos pol\u00edticos propios del sistema  decadente y contradictorio de Estados Unidos.<\/p>\n<p>&#13;<\/p>\n<p align=\"justify\" class=\"text1noticias\">El discurso del candidato Obama se puede traducir en una  f\u00f3rmula de hambre para la naci\u00f3n, las remesas como limosnas, y las visitas a  Cuba en propaganda para el consumismo y el modo de vida insostenible que lo  sustenta. <\/p>\n<p>&#13;<\/p>\n<p align=\"justify\" class=\"text1noticias\">\u00bfC\u00f3mo va a enfrentar el grav\u00edsimo problema de la crisis  alimentaria? Los granos hay que distribuirlos entre los seres humanos, los  animales dom\u00e9sticos y los peces, que de a\u00f1o en a\u00f1o son cada vez m\u00e1s peque\u00f1os y  m\u00e1s escasos en los mares sobreexplotados por los grandes arrastreros a los que  ning\u00fan organismo internacional fue capaz de frenar. No es f\u00e1cil producir carne  a partir del gas y el petr\u00f3leo. El propio Obama sobreestima las posibilidades  de la tecnolog\u00eda en la lucha contra el cambio clim\u00e1tico, aunque est\u00e1 m\u00e1s  consciente que Bush de los riesgos y del escaso tiempo disponible. Podr\u00eda  asesorarse con Gore, que es tambi\u00e9n dem\u00f3crata y dej\u00f3 de ser candidato, porque  conoce bien el ritmo acelerado en que se incrementa el calentamiento. Su  cercano rival pol\u00edtico aunque no aspirante, Bill Clinton, experto en leyes  extraterritoriales como la Helms-Burton y la Torricelli, puede asesorarlo en un  tema como el bloqueo, que prometi\u00f3 erradicar y nunca cumpli\u00f3.<\/p>\n<p>&#13;<\/p>\n<p align=\"justify\" class=\"text1noticias\">\u00bfC\u00f3mo se expres\u00f3 en su discurso de Miami el que sin duda  es, desde el punto de vista social y humano, el m\u00e1s avanzado candidato a la  postulaci\u00f3n presidencial en Estados Unidos? \u00abDurante 200 a\u00f1os\u00bb \u2014dijo\u2014  \u00abEstados Unidos ha dejado en claro que no vamos a soportar la intervenci\u00f3n  en nuestro hemisferio, sin embargo debemos ver que hay una intervenci\u00f3n importante,  el hambre, la enfermedad, la desesperaci\u00f3n.<br \/>&#13;<br \/>\n  <br \/> &#13;<br \/>\nDesde Hait\u00ed hasta Per\u00fa podemos  hacer algo mejor las cosas y debemos hacerlo, no podemos aceptar la  globalizaci\u00f3n de los est\u00f3magos vac\u00edos\u00bc \u00bb \u00a1Magn\u00edfica definici\u00f3n de la  globalizaci\u00f3n imperialista: la de los est\u00f3magos vac\u00edos! Debemos agradec\u00e9rselo;  pero hace 200 a\u00f1os Bol\u00edvar luch\u00f3 por la unidad de Am\u00e9rica Latina y hace m\u00e1s de  100 a\u00f1os Mart\u00ed dio su vida combatiendo contra la anexi\u00f3n de Cuba a Estados  Unidos. \u00bfD\u00f3nde est\u00e1n las diferencias entre lo que proclam\u00f3 Monroe y lo que dos  siglos despu\u00e9s proclama y reivindica Obama en su discurso?<\/p>\n<p>&#13;<\/p>\n<p align=\"justify\" class=\"text1noticias\">\u00abTendremos un enviado especial de la Casa Blanca,  como lo hizo Bill Clinton\u00bb \u2014expres\u00f3 casi al concluir\u2014 \u00ab\u00bc vamos a  ampliar el Cuerpo de Paz y les vamos a pedir a m\u00e1s j\u00f3venes que hagan que  nuestros v\u00ednculos con las gentes se hagan m\u00e1s fuertes y quiz\u00e1s m\u00e1s importantes.  Podemos forjar el futuro, y no dejar que el futuro nos forje a nosotros.\u00bb  Es una bella frase, porque admite la idea, o al menos el temor, de que la historia  hace a los personajes y no al rev\u00e9s.<\/p>\n<p>&#13;<\/p>\n<p align=\"justify\" class=\"text1noticias\">Los Estados Unidos de hoy no tienen nada que ver con la  declaraci\u00f3n de principios de Filadelfia formulada por las 13 colonias que se  rebelaron contra el colonialismo ingl\u00e9s. Hoy constituyen un gigantesco imperio,  que no pasaba en aquel momento por la mente de sus fundadores. Nada cambi\u00f3 sin  embargo para los indios y los esclavos. Los primeros fueron exterminados a  medida que la naci\u00f3n se extend\u00eda; los segundos continuaron siendo objeto de  subastas en los mercados \u2014hombres, mujeres y ni\u00f1os\u2014 durante casi un siglo, a  pesar de que \u00abtodos los hombres nacen libres e iguales\u00bb, como afirma  la declaraci\u00f3n. Las condiciones objetivas en el planeta favorecieron el  desarrollo de ese sistema. <\/p>\n<p>&#13;<\/p>\n<p align=\"justify\" class=\"text1noticias\">Obama en su discurso atribuye a la Revoluci\u00f3n Cubana un  car\u00e1cter antidemocr\u00e1tico y carente de respeto a la libertad y los derechos  humanos. Es exactamente el argumento que, casi sin excepci\u00f3n, utilizaron las  administraciones de Estados Unidos para justificar sus cr\u00edmenes contra nuestra  patria. El bloqueo mismo, por s\u00ed solo, es genocida. No deseo que los ni\u00f1os  norteamericanos se eduquen en esa bochornosa \u00e9tica.<\/p>\n<p>&#13;<\/p>\n<p align=\"justify\" class=\"text1noticias\">La revoluci\u00f3n armada en nuestro pa\u00eds no habr\u00eda sido tal  vez necesaria sin la intervenci\u00f3n militar, la Enmienda Platt y el coloniaje econ\u00f3mico  que esta trajo a la isla.<\/p>\n<p>&#13;<\/p>\n<p align=\"justify\" class=\"text1noticias\">La Revoluci\u00f3n fue producto del dominio imperial. No se  nos puede acusar de haberla impuesto. Los cambios verdaderos pudieron y  debieron originarse en Estados Unidos. Sus propios obreros, hace m\u00e1s de un  siglo, lanzaron la demanda de las ocho horas, hija de la productividad del  trabajo.<\/p>\n<p>&#13;<\/p>\n<p align=\"justify\" class=\"text1noticias\">Lo primero que los l\u00edderes de la Revoluci\u00f3n Cubana  aprendimos de Mart\u00ed fue creer y actuar en nombre de una organizaci\u00f3n fundada  para llevar a cabo una revoluci\u00f3n. Siempre dispusimos de facultades previas y,  una vez institucionalizada, fuimos elegidos con la participaci\u00f3n de m\u00e1s del 90  por ciento de los electores, como es ya costumbre en Cuba, y no la rid\u00edcula  participaci\u00f3n que muchas veces, como en Estados Unidos, no llega al 50 por  ciento de los electores. Ning\u00fan otro pa\u00eds peque\u00f1o y bloqueado como el nuestro  habr\u00eda sido capaz de resistir tanto tiempo, a base de ambici\u00f3n, vanidad, enga\u00f1o  o abusos de autoridad, un poder como el de su vecino. Afirmarlo constituye un  insulto a la inteligencia de nuestro heroico pueblo.<\/p>\n<p>&#13;<\/p>\n<p align=\"justify\" class=\"text1noticias\">No cuestiono la aguda inteligencia de Obama, su capacidad  pol\u00e9mica y su esp\u00edritu de trabajo. Domina las t\u00e9cnicas de comunicaci\u00f3n y est\u00e1  por encima de sus rivales en la competencia electoral. Observo con simpat\u00eda a  su esposa y sus ni\u00f1as, que lo acompa\u00f1an y animan todos los martes; es sin duda  un cuadro humano agradable. No obstante, me veo obligado a varias delicadas  preguntas, aunque no pretendo respuestas, \u00fanicamente consignarlas.<\/p>\n<p>&#13;<\/p>\n<p align=\"justify\" class=\"text1noticias\">1\u00ba \u00bfEs correcto que el Presidente de Estados Unidos  ordene el asesinato de cualquier persona en el mundo, sea cual fuere el  pretexto?<\/p>\n<p>&#13;<\/p>\n<p align=\"justify\" class=\"text1noticias\">2\u00ba \u00bfEs \u00e9tico que el Presidente de Estados Unidos ordene  torturar a otros seres humanos?<\/p>\n<p>&#13;<\/p>\n<p align=\"justify\" class=\"text1noticias\">3\u00ba \u00bfEs el terrorismo de estado un instrumento que debe  utilizar un pa\u00eds tan poderoso como Estados Unidos para que exista la paz en el  planeta?<\/p>\n<p>&#13;<\/p>\n<p align=\"justify\" class=\"text1noticias\">4\u00ba \u00bfEs buena y honorable una Ley de Ajuste que se aplica  como castigo a un solo pa\u00eds, Cuba, para desestabilizarlo, aunque cueste la vida  a ni\u00f1os y madres inocentes? Si es buena, \u00bfpor qu\u00e9 no se aplica el derecho  autom\u00e1tico de residencia a los haitianos, dominicanos y dem\u00e1s pa\u00edses del  Caribe, y se hace lo mismo con los mexicanos, centroamericanos y suramericanos,  que mueren como moscas en el muro de la frontera mexicana o en aguas del  Atl\u00e1ntico y el Pac\u00edfico?<\/p>\n<p>&#13;<\/p>\n<p align=\"justify\" class=\"text1noticias\">5\u00ba \u00bfPuede Estados Unidos prescindir de los inmigrantes,  que cultivan vegetales, frutas, almendras y otras exquisiteces para los  norteamericanos? \u00bfQui\u00e9n barrer\u00eda sus calles, prestar\u00eda servicios dom\u00e9sticos y  realizar\u00edan los peores y menos remunerados trabajos?<\/p>\n<p>&#13;<\/p>\n<p align=\"justify\" class=\"text1noticias\">6\u00ba \u00bfSon justas las redadas de indocumentados que afectan  incluso a ni\u00f1os nacidos en Estados Unidos?<\/p>\n<p>&#13;<\/p>\n<p align=\"justify\" class=\"text1noticias\">7\u00ba \u00bfEs moral y justificable el robo de cerebros y la  continua extracci\u00f3n de las mejores inteligencias cient\u00edficas e intelectuales de  los pa\u00edses pobres? <\/p>\n<p>&#13;<\/p>\n<p align=\"justify\" class=\"text1noticias\">8\u00ba Usted afirma, como record\u00e9 al inicio de esta  reflexi\u00f3n, que su pa\u00eds advirti\u00f3 hace tiempo a las potencias europeas que no  admitir\u00eda intervenciones en el hemisferio, y a la vez reitera la demanda de ese  derecho, reclamando al mismo tiempo el de intervenir en cualquier parte del  mundo con el apoyo de cientos de bases militares, fuerzas navales, a\u00e9reas y  espaciales distribuidas en el planeta. Le pregunto, \u00bfes esa la forma en que  Estados Unidos expresa su respeto por la libertad, la democracia y los derechos  humanos? <\/p>\n<p>&#13;<\/p>\n<p align=\"justify\" class=\"text1noticias\">9\u00ba \u00bfEs justo atacar sorpresiva y preventivamente sesenta  o m\u00e1s oscuros rincones del mundo, como los llama Bush, sea cual fuere el  pretexto?<\/p>\n<p>&#13;<\/p>\n<p align=\"justify\" class=\"text1noticias\">10\u00ba \u00bfEs honorable y cuerdo invertir millones de millones  de d\u00f3lares en el complejo militar industrial para producir armas que pueden  liquidar varias veces la vida en la Tierra?<\/p>\n<p>&#13;<\/p>\n<p align=\"justify\" class=\"text1noticias\">Usted debiera conocer, antes de juzgar a nuestro pa\u00eds,  que Cuba, con sus programas de educaci\u00f3n, salud, deportes, cultura y ciencias,  aplicados no s\u00f3lo en su propio territorio sino tambi\u00e9n en otros pa\u00edses pobres  del mundo, y la sangre derramada en solidaridad con otros pueblos, a pesar del  bloqueo econ\u00f3mico y financiero y las agresiones de su poderoso pa\u00eds, constituye  una prueba de que puede hacerse mucho con muy poco. Ni a nuestra mejor aliada,  la URSS, le fue permitido trazar nuestro destino.<\/p>\n<p>&#13;<\/p>\n<p align=\"justify\" class=\"text1noticias\">Para cooperar con otros pa\u00edses, Estados Unidos s\u00f3lo puede  enviar profesionales vinculados a la disciplina militar. No puede hacerlo de  otra forma, porque carece de personal en n\u00famero suficiente dispuesto a  sacrificarse por otros y ofrecer apoyo significativo a un pa\u00eds con  dificultades, aunque en Cuba hemos conocido y han cooperado con nosotros  excelentes m\u00e9dicos norteamericanos. Ellos no tienen la culpa porque la sociedad  no los educa masivamente en ese esp\u00edritu. <\/p>\n<p>&#13;<\/p>\n<p align=\"justify\" class=\"text1noticias\">La cooperaci\u00f3n de nuestro pa\u00eds nunca la hemos subordinado  a requisitos ideol\u00f3gicos. Se la ofrecimos a Estados Unidos cuando el Katrina  golpe\u00f3 duramente la ciudad de Nueva Orleans. Nuestra brigada m\u00e9dica  internacionalista lleva el nombre glorioso de Henry Reeve, un joven nacido en  ese pa\u00eds que luch\u00f3 y muri\u00f3 por la soberan\u00eda de Cuba en la primera guerra por  nuestra independencia.<\/p>\n<p>&#13;<\/p>\n<p align=\"justify\" class=\"text1noticias\">Nuestra Revoluci\u00f3n puede convocar a decenas de miles de  m\u00e9dicos y t\u00e9cnicos de la salud. Puede convocar de forma igualmente masiva a  maestros y ciudadanos dispuestos a marchar a cualquier rinc\u00f3n del mundo, para  cualquier noble prop\u00f3sito. No para usurpar derechos ni conquistar materias  primas.<\/p>\n<p>&#13;<\/p>\n<p align=\"justify\" class=\"text1noticias\">En la buena voluntad y disposici\u00f3n de las personas hay  infinitos recursos que no se guardan ni caben en las b\u00f3vedas de un banco. No  emanan de la pol\u00edtica c\u00ednica de un imperio.<\/p>\n<p>&#13;<\/p>\n<p align=\"justify\" class=\"text1noticias\">Fidel Castro Ruz<\/p>\n<p>&#13;<\/p>\n<p align=\"justify\" class=\"text1noticias\">Mayo 25 de 2008<\/p>\n<p>&#13;<\/p>\n<p align=\"justify\" class=\"text1noticias\">10 y 35 p.m. <\/p>\n<p>&#13;<\/p>\n<h6> 2008-05-26 19:27:46 <\/h6>\n<p><!--\n<link rel=\"stylesheet\" href=\"css\/bootstrap.min.css\">\n\n\n<ul class=\"pagination\">\n\t    \n\t\n\n<li >\n\t<a href='?page_no=11986'>Previous<\/a>\n\t<\/li>\n\n\n       \n    \n\n<li><a href='?page_no=1'>1<\/a><\/li>\n\n\n\n<li><a href='?page_no=2'>2<\/a><\/li>\n\n\n\n<li><a>...<\/a><\/li>\n\n\n\n<li><a href='?page_no=11985'>11985<\/a><\/li>\n\n\n\n<li><a href='?page_no=11986'>11986<\/a><\/li>\n\n\n\n<li class='active'><a>11987<\/a><\/li>\n\n\n\n<li><a href='?page_no=11988'>11988<\/a><\/li>\n\n\n\n<li><a href='?page_no=11989'>11989<\/a><\/li>\n\n\n\n<li><a>...<\/a><\/li>\n\n\n\n<li><a href='?page_no=13611'>13611<\/a><\/li>\n\n\n\n<li><a href='?page_no=13612'>13612<\/a><\/li>\n\n    \n\t\n\n<li >\n\t<a href='?page_no=11988'>Next<\/a>\n\t<\/li>\n\n\n    \n\n<li><a href='?page_no=13612'>Last &rsaquo;&rsaquo;<\/a><\/li>\n\n<\/ul>\n\n\n--><br \/>\n<\/body><\/p>\n","protected":false},"excerpt":{"rendered":"<p>Reflexiones del compa\u00f1ero Fidel &#13; La pol\u00edtica c\u00ednica del imperio &#13; No ser\u00eda honesto de mi parte guardar silencio despu\u00e9s del discurso de Obama la tarde del 23 de mayo ante la Fundaci\u00f3n Cubano-Americana, creada por Ronald Reagan. Lo escuch\u00e9, como hice con el de McCain y el de Bush. No guardo rencor hacia su [&hellip;]<\/p>\n","protected":false},"author":3,"featured_media":0,"comment_status":"open","ping_status":"open","sticky":false,"template":"","format":"standard","meta":{"footnotes":""},"categories":[16],"tags":[],"class_list":["post-36088","post","type-post","status-publish","format-standard","hentry","category-opiniones"],"_links":{"self":[{"href":"https:\/\/diariodominicano.com\/index.php?rest_route=\/wp\/v2\/posts\/36088","targetHints":{"allow":["GET"]}}],"collection":[{"href":"https:\/\/diariodominicano.com\/index.php?rest_route=\/wp\/v2\/posts"}],"about":[{"href":"https:\/\/diariodominicano.com\/index.php?rest_route=\/wp\/v2\/types\/post"}],"author":[{"embeddable":true,"href":"https:\/\/diariodominicano.com\/index.php?rest_route=\/wp\/v2\/users\/3"}],"replies":[{"embeddable":true,"href":"https:\/\/diariodominicano.com\/index.php?rest_route=%2Fwp%2Fv2%2Fcomments&post=36088"}],"version-history":[{"count":0,"href":"https:\/\/diariodominicano.com\/index.php?rest_route=\/wp\/v2\/posts\/36088\/revisions"}],"wp:attachment":[{"href":"https:\/\/diariodominicano.com\/index.php?rest_route=%2Fwp%2Fv2%2Fmedia&parent=36088"}],"wp:term":[{"taxonomy":"category","embeddable":true,"href":"https:\/\/diariodominicano.com\/index.php?rest_route=%2Fwp%2Fv2%2Fcategories&post=36088"},{"taxonomy":"post_tag","embeddable":true,"href":"https:\/\/diariodominicano.com\/index.php?rest_route=%2Fwp%2Fv2%2Ftags&post=36088"}],"curies":[{"name":"wp","href":"https:\/\/api.w.org\/{rel}","templated":true}]}}