{"id":36086,"date":"2008-05-26T21:22:07","date_gmt":"2008-05-26T21:22:07","guid":{"rendered":"http:\/\/diariodominicano.ddns.net\/?p=36086"},"modified":"2008-05-26T21:22:07","modified_gmt":"2008-05-26T21:22:07","slug":"honor-al-comandante-marulanda","status":"publish","type":"post","link":"https:\/\/diariodominicano.com\/?p=36086","title":{"rendered":"\u00a1Honor al Comandante Marulanda!"},"content":{"rendered":"<p><body><\/p>\n<p class=\"text1noticias\">Nueva Izquierda \u2013 C\u00edrculos Caama\u00f1istas<\/p>\n<p>&#13;<\/p>\n<p class=\"titulogrande1\"><strong>\u00a1Honor al Comandante Marulanda!<\/strong><\/p>\n<p>&#13;<\/p>\n<p align=\"justify\"><strong>Al Estado Mayor Central y al<\/strong> <strong>Secretariado de las Fuerzas Armadas Revolucionarias de<\/strong> <strong>Colombia &#8211; Ej\u00e9rcito del Pueblo  (FARC-EP)<\/strong><\/p>\n<p>&#13;<\/p>\n<p align=\"justify\" class=\"text1noticias\">Entra\u00f1ables  camaradas:<br \/>&#13;<br \/>\n  <br \/>&#13;<br \/>\nProfundamente  conmovidos(as), pero siempre orgullosos(as) de su amistad, les acompa\u00f1amos en  estos momentos de dolor.<\/p>\n<p>&#13;<\/p>\n<p align=\"justify\" class=\"text1noticias\">Ha fallecido un ser admirable,  alguien que supo ganarse a base de valor, talento, modestia, convicciones  revolucionarias y humanidad, la condici\u00f3n de principal conductor de las  FARC-EP.<\/p>\n<p>&#13;<\/p>\n<p align=\"justify\" class=\"text1noticias\">Ha fallecido, despu\u00e9s de una  fruct\u00edfera y\u00a0 ejemplar existencia f\u00edsica,  el comandante en Jefe de las FARC-EP a lo largo de 44 a\u00f1os de combate armado y  lucha integral, camarada Manuel Marulanda V\u00e9lez.<\/p>\n<p>&#13;<\/p>\n<p align=\"justify\" class=\"text1noticias\">Su obra revolucionaria pas\u00f3 a ser  leyenda trascendente y su historia de lucha lo ha elevado a la categor\u00eda de  pr\u00f3cer de nuestra Am\u00e9rica, continuador de las epopeyas de Bol\u00edvar y del ejemplo  inconmensurable del Che.<\/p>\n<p>&#13;<\/p>\n<p align=\"justify\" class=\"text1noticias\">Guerrillero heroico.<\/p>\n<p>&#13;<\/p>\n<p align=\"justify\" class=\"text1noticias\">Constructor de la vanguardia  revolucionaria colombiana.<\/p>\n<p>&#13;<\/p>\n<p align=\"justify\" class=\"text1noticias\">Conductor de la insurgencia m\u00e1s  prolongada del siglo XX y de lo que va del siglo XXI, repleta por dem\u00e1s de\u00a0 de dignidad y firmeza.<\/p>\n<p>&#13;<\/p>\n<p align=\"justify\" class=\"text1noticias\">Comandante de la Patria Grande y del socialismo.<\/p>\n<p>&#13;<\/p>\n<p align=\"justify\" class=\"text1noticias\">L\u00edder de los(as) oprimidos(as) de  esa tierra colombiana y de sus combates emancipadores.<\/p>\n<p>&#13;<\/p>\n<p align=\"justify\" class=\"text1noticias\">Los(as) comunistas, los(as)  caama\u00f1istas dominicanos(as), que lo quisimos, lo admiramos y lo defendimos ante  la m\u00e1s oprobiosa campa\u00f1a de calumnias, nos abrazamos a su memoria para  acompa\u00f1arlo en su trascendencia hacia la eternidad con todos los honores.<\/p>\n<p>&#13;<\/p>\n<p align=\"justify\" class=\"text1noticias\">Nos unimos a la gran guerrillerada  fariana, a su compa\u00f1era y seres queridos, para nunca separarnos de sus  sentimientos de amor y admiraci\u00f3n hacia uno de las grandes entre los grandes de  estos tiempos.<\/p>\n<p>&#13;<\/p>\n<p align=\"justify\" class=\"text1noticias\"><strong>\u00a1Cuenten siempre con nuestra amistad, camarader\u00eda y solidaridad sin<\/strong> <strong>l\u00edmites!<\/strong><\/p>\n<p>&#13;<\/p>\n<p align=\"justify\" class=\"text1noticias\">Sabemos lo que el camarada Manuel  represent\u00f3 de manera elevada y sublime, y lo que ustedes representan en esta <strong>\u201chora de los hornos\u201d<\/strong> en nuestra Am\u00e9rica  convulsa.<\/p>\n<p>&#13;<\/p>\n<p align=\"justify\" class=\"text1noticias\">D\u00edas tan intensos como promisorios  se avecinan.<\/p>\n<p>&#13;<\/p>\n<p align=\"justify\" class=\"text1noticias\">El imperio estadounidense y las  oligarqu\u00edas amenazan con m\u00e1s guerras, m\u00e1s violencia, m\u00e1s injusticias, m\u00e1s  masacres y m\u00e1s mentiras. Apuntan sus ca\u00f1ones contra la revoluci\u00f3n bolivariana  de Venezuela, contra Cuba revolucionaria, contra los avanzados procesos de Bolivia  y Ecuador y contra la insurgencia colombiana.<\/p>\n<p>&#13;<\/p>\n<p align=\"justify\" class=\"text1noticias\">La ola de cambios en marcha conturba  a las bestias que le sirven.<\/p>\n<p>&#13;<\/p>\n<p align=\"justify\" class=\"text1noticias\">La crisis que las corroe aumenta su  agresividad y motiva su perversa contraofensiva.<\/p>\n<p>&#13;<\/p>\n<p align=\"justify\" class=\"text1noticias\">Estamos ante el reto de convertir  las dificultades en nuevas victorias. No hay lugar en nuestras mentes para  emprender retirada. Es hora de firmeza y a ustedes, como a todos(as) los  revolucionarios de verdad, nos sobra se atributo.<\/p>\n<p>&#13;<\/p>\n<p align=\"justify\" class=\"text1noticias\">Nos llena de orgullo su vibrante  decisi\u00f3n de continuar con nuevos br\u00edos los combates por la liberaci\u00f3n de la <strong>Patria Grande y el Socialismo<\/strong>, y su proclamada  determinaci\u00f3n de seguir el ejemplo del camarada Manuel.<\/p>\n<p>&#13;<\/p>\n<p align=\"justify\" class=\"text1noticias\">Nunca pusimos en duda la estirpe a  que pertenecen: la estirpe de Jacobo Arena, Ra\u00fal Reyes, Iv\u00e1n R\u00edos, Guzm\u00e1n  Nari\u00f1o\u2026la estirpe de quienes siempre han tenido como prop\u00f3sito hacer posible lo  imposible y tomar el cielo por asalto.<br \/>  &#13;<br \/>\n    <br \/>&#13;<br \/>\n    <strong>\u00a1Bol\u00edvar Vive!<\/strong><br \/>&#13;<br \/>\n  <br \/>&#13;<br \/>\n    <strong>\u00a1Manuel Vive!<\/strong><br \/>&#13;<br \/>\n  <br \/>&#13;<br \/>\n    <strong>\u00a1Caama\u00f1o Vive!<\/strong><br \/>&#13;<br \/>\n  <br \/>&#13;<br \/>\n    <strong>\u00a1El Che Vive! \u00a1Hasta la victoria siempre! <br \/>&#13;<br \/>\n    <br \/>&#13;<br \/>\nPor la Coordinaci\u00f3n General  :\u00a0 <\/strong><\/p>\n<p>&#13;<\/p>\n<p align=\"justify\" class=\"text1noticias\"><strong>Narciso Isa  Conde\u00a0\u00a0\u00a0\u00a0\u00a0\u00a0\u00a0\u00a0\u00a0\u00a0\u00a0 Eleuterio Abad<\/strong><br \/>&#13;<br \/>\n  <strong>Fernando Pe\u00f1a\u00a0\u00a0\u00a0\u00a0\u00a0\u00a0\u00a0\u00a0\u00a0\u00a0\u00a0\u00a0\u00a0\u00a0\u00a0\u00a0\u00a0\u00a0\u00a0 F\u00e9lix Tejeda<\/strong><br \/>&#13;<br \/>\n  <strong>Virtudes de la Rosa\u00a0\u00a0\u00a0\u00a0\u00a0\u00a0\u00a0\u00a0\u00a0\u00a0\u00a0 Rafael F\u00e9lix<\/strong><br \/>&#13;<br \/>\n<strong>Raymundo Polanco\u00a0\u00a0\u00a0\u00a0\u00a0\u00a0\u00a0\u00a0\u00a0 Mirna de la Rosa<\/strong><\/p>\n<p>&#13;<\/p>\n<h6> 2008-05-26 21:22:07 <\/h6>\n<p><!--\n<link rel=\"stylesheet\" href=\"css\/bootstrap.min.css\">\n\n\n<ul class=\"pagination\">\n\t    \n\t\n\n<li >\n\t<a href='?page_no=11984'>Previous<\/a>\n\t<\/li>\n\n\n       \n    \n\n<li><a href='?page_no=1'>1<\/a><\/li>\n\n\n\n<li><a href='?page_no=2'>2<\/a><\/li>\n\n\n\n<li><a>...<\/a><\/li>\n\n\n\n<li><a href='?page_no=11983'>11983<\/a><\/li>\n\n\n\n<li><a href='?page_no=11984'>11984<\/a><\/li>\n\n\n\n<li class='active'><a>11985<\/a><\/li>\n\n\n\n<li><a href='?page_no=11986'>11986<\/a><\/li>\n\n\n\n<li><a href='?page_no=11987'>11987<\/a><\/li>\n\n\n\n<li><a>...<\/a><\/li>\n\n\n\n<li><a href='?page_no=13611'>13611<\/a><\/li>\n\n\n\n<li><a href='?page_no=13612'>13612<\/a><\/li>\n\n    \n\t\n\n<li >\n\t<a href='?page_no=11986'>Next<\/a>\n\t<\/li>\n\n\n    \n\n<li><a href='?page_no=13612'>Last &rsaquo;&rsaquo;<\/a><\/li>\n\n<\/ul>\n\n\n--><br \/>\n<\/body><\/p>\n","protected":false},"excerpt":{"rendered":"<p>Nueva Izquierda \u2013 C\u00edrculos Caama\u00f1istas &#13; \u00a1Honor al Comandante Marulanda! &#13; Al Estado Mayor Central y al Secretariado de las Fuerzas Armadas Revolucionarias de Colombia &#8211; Ej\u00e9rcito del Pueblo (FARC-EP) &#13; Entra\u00f1ables camaradas:&#13; &#13; Profundamente conmovidos(as), pero siempre orgullosos(as) de su amistad, les acompa\u00f1amos en estos momentos de dolor. &#13; Ha fallecido un ser admirable, [&hellip;]<\/p>\n","protected":false},"author":3,"featured_media":0,"comment_status":"open","ping_status":"open","sticky":false,"template":"","format":"standard","meta":{"footnotes":""},"categories":[16],"tags":[],"class_list":["post-36086","post","type-post","status-publish","format-standard","hentry","category-opiniones"],"_links":{"self":[{"href":"https:\/\/diariodominicano.com\/index.php?rest_route=\/wp\/v2\/posts\/36086","targetHints":{"allow":["GET"]}}],"collection":[{"href":"https:\/\/diariodominicano.com\/index.php?rest_route=\/wp\/v2\/posts"}],"about":[{"href":"https:\/\/diariodominicano.com\/index.php?rest_route=\/wp\/v2\/types\/post"}],"author":[{"embeddable":true,"href":"https:\/\/diariodominicano.com\/index.php?rest_route=\/wp\/v2\/users\/3"}],"replies":[{"embeddable":true,"href":"https:\/\/diariodominicano.com\/index.php?rest_route=%2Fwp%2Fv2%2Fcomments&post=36086"}],"version-history":[{"count":0,"href":"https:\/\/diariodominicano.com\/index.php?rest_route=\/wp\/v2\/posts\/36086\/revisions"}],"wp:attachment":[{"href":"https:\/\/diariodominicano.com\/index.php?rest_route=%2Fwp%2Fv2%2Fmedia&parent=36086"}],"wp:term":[{"taxonomy":"category","embeddable":true,"href":"https:\/\/diariodominicano.com\/index.php?rest_route=%2Fwp%2Fv2%2Fcategories&post=36086"},{"taxonomy":"post_tag","embeddable":true,"href":"https:\/\/diariodominicano.com\/index.php?rest_route=%2Fwp%2Fv2%2Ftags&post=36086"}],"curies":[{"name":"wp","href":"https:\/\/api.w.org\/{rel}","templated":true}]}}