{"id":36085,"date":"2008-05-26T21:25:09","date_gmt":"2008-05-26T21:25:09","guid":{"rendered":"http:\/\/diariodominicano.ddns.net\/?p=36085"},"modified":"2008-05-26T21:25:09","modified_gmt":"2008-05-26T21:25:09","slug":"ante-la-muerte-fisica-del-comandante-marulanda","status":"publish","type":"post","link":"https:\/\/diariodominicano.com\/?p=36085","title":{"rendered":"Ante la muerte f\u00edsica del comandante Marulanda"},"content":{"rendered":"<p><body><\/p>\n<p align=\"center\" class=\"titulogrande1\">Ante la muerte f\u00edsica del comandante Marulanda<\/p>\n<p>&#13;<\/p>\n<p align=\"justify\" class=\"text1noticias\">Honores y reconocimiento eterno por la gran leyenda  revolucionaria que encarn\u00f3 <\/p>\n<p>&#13;<\/p>\n<p align=\"justify\" class=\"text1noticias\">La muerte natural, a los 78 a\u00f1os de edad y 60  a\u00f1os de combate revolucionario armado ininterrumpido, del comandante Manuel Marulanda  V\u00e9lez, ha sido confirmada por las Fuerzas Armadas Revolucionarias de  Colombia-Ej\u00e9rcito del Pueblo (FARC-EP).<\/p>\n<p>&#13;<\/p>\n<p align=\"justify\" class=\"text1noticias\">Una sentida, dolorosa e impactante p\u00e9rdida: la  desaparici\u00f3n f\u00edsica -ocasionada por el peso inexorable de los a\u00f1os, de la entrega  y el sacrificio sin par- de quien simboliz\u00f3 toda una gran leyenda guerrillera,  del constructor eficaz de un gran ej\u00e9rcito popular y del audaz conductor de la  guerra revolucionaria m\u00e1s prolongada de la era moderna; siempre desde una  profunda\u00a0 convicci\u00f3n bolivariana,  antiimperialista, socialista, comunista\u2026desde una moral inconmovible, un valor  espartano y una modestia ejemplar.<\/p>\n<p>&#13;<\/p>\n<p align=\"justify\" class=\"text1noticias\">\u00a1Nos conmueve y nos convoca este hecho  estremecedor!<\/p>\n<p>&#13;<\/p>\n<p align=\"justify\" class=\"text1noticias\">Concluye su existencia terrenal un ser humano y  un militante revolucionario realmente extraordinario: nacido de las entra\u00f1as  del pueblo campesino, forjado desde su adolescencia en la lucha por la justicia  y la emancipaci\u00f3n de los(as) oprimidos(as), perseguido a murete durante toda  una vida (sin \u00e9xito alguno para lo verdugos de su pueblo y el mundo).  Sencillamente sabio y profundamente solidario y amoroso.<\/p>\n<p>&#13;<\/p>\n<p align=\"justify\" class=\"text1noticias\">Concluye su existencia f\u00edsica el legendario  comandante Tiro Fijo, para pasar a la eternidad de la memoria hist\u00f3rica y del  imaginario popular, a la galer\u00eda de los grandes h\u00e9roes y hero\u00ednas de nuestra  Am\u00e9rica.<br \/>&#13;<br \/>\n  <br \/> &#13;<br \/>\nPara sobrepasar su propio fallecimiento y trasformarse en fuente  permanente de inspiraci\u00f3n de ideales nobles, de conductas irreprochables, de valores  y principios trascendentales.<\/p>\n<p>&#13;<\/p>\n<p align=\"justify\" class=\"text1noticias\">Ha dejado de convivir con nosotros(as) el  dirigente revolucionario m\u00e1s calumniado y vilipendiado de la historia reciente  del planeta.<\/p>\n<p>&#13;<\/p>\n<p align=\"justify\" class=\"text1noticias\">Calumniado por sucesivas generaciones de  gobernantes, agentes de la CIA  y oligarcas despreciables, protagonistas de cr\u00edmenes de lesa humanidad, de  asociaciones para delinquir, de masacres espeluznantes, de asesinatos y  terrorismos de Estado, de repugnantes actividades mafiosas; como es ahora el  caso de de \u00c1lvaro Uribe V\u00e9lez y sus socios asociados en suciedad.<\/p>\n<p>&#13;<\/p>\n<p align=\"justify\" class=\"text1noticias\">Pero ni f\u00edsicamente, ni moralmente, pudieron  doblegarlo. Venci\u00f3 con incomparable reciedumbre todas las embestidas materiales  y espirituales. Siempre se creci\u00f3 frente a las grandes dificultades y duros embates  de la escoria de la humanidad, encabezada por el imperialismo estadounidense.<\/p>\n<p>&#13;<\/p>\n<p align=\"justify\" class=\"text1noticias\">Actualiz\u00f3 y enriqueci\u00f3 su pensamiento y m\u00e9todos  revolucionarios sin ceder \u201cni un tantito as\u00ed\u201d en los principios, sin deponer  una sola idea transformadora, ni renunciar a ning\u00fan m\u00e9todo de lucha frente a  los enemigos hist\u00f3ricos de nuestros pueblos.<\/p>\n<p>&#13;<\/p>\n<p align=\"justify\" class=\"text1noticias\">Comunista siempre y de los(as) mejores.<\/p>\n<p>&#13;<\/p>\n<p align=\"justify\" class=\"text1noticias\">Bolivariano e\u00a0  internacionalista toda la vida.<\/p>\n<p>&#13;<\/p>\n<p align=\"justify\" class=\"text1noticias\">Educador de varias generaciones revolucionarias,  convertidas hoy en garant\u00eda de la continuidad de su gran obra, que ahora el  Estado Mayor Central de las FARC-EP anuncia proseguir con renovada firmeza e  integridad.<\/p>\n<p>&#13;<\/p>\n<p align=\"justify\" class=\"text1noticias\">Educador y forjador de una conducci\u00f3n  colectiva, seguro de vida del trabajo ascendente y la valiosa unidad interna de  las FARC-EP, de sus Milicias Populares, del Partido Comunista Clandestino y del  Movimiento Bolivariano por una Nueva Colombia; pese a todos los vaticinios  mentirosos de los cobardes y pusil\u00e1nimes gobernantes de ese pa\u00eds y de los  halcones de Washington, capaces de esta reciente perversidad que presenta como  \u201ctrofeo de guerra\u201d la muerte natural de un gran revolucionario al que nunca  pudieron vencer ni doblegar.<\/p>\n<p>&#13;<\/p>\n<p align=\"justify\" class=\"text1noticias\">Salta a la vista que si hubo retraso en ofrecer  la informaci\u00f3n del doloroso deceso del camarada \u00a0Manuel Marulanda, fue por las enormes  dificultades que conlleva hacerlo con apego a normas de seguridad en medio de  un i8ntenso acoso guerrerista que incluye el empleo de sofisticadas, potentes y  mort\u00edferas tecnolog\u00edas suministradas por el Pent\u00e1gono; como tambi\u00e9n se evidenci\u00f3  el af\u00e1n de \u00c1lvaro Uribe de adelantar la informaci\u00f3n ya en curso, para montar un  teatro de baja moral y groseras manipulaciones.<\/p>\n<p>&#13;<\/p>\n<p align=\"justify\" class=\"text1noticias\">La desesperaci\u00f3n de funcionarios civiles y  militares que conviven y participan de los beneficios de la gran podredumbre  gubernamental que ya subi\u00f3 a la superficie en la sociedad colombiana y a escala  mundial, los impulsa a desviar el esc\u00e1ndalo de la narco-para-pol\u00edtica que los  ilegitima y desestabiliza, con recursos tan falaces como el de la mal llamada \u201cFARC-Pol\u00edtica\u201d  y como las mentiras que han acompa\u00f1ado de su parte el adulterado anuncio de la  muerte natural del gran l\u00edder hist\u00f3rico de la insurgencia colombiana.<\/p>\n<p>&#13;<\/p>\n<p align=\"justify\" class=\"text1noticias\">Ninguna de esas mezquindades y acciones  diversionistas habr\u00e1n de empa\u00f1ar la verdad, menos aun \u00a0impedir los merecidos reconocimientos y  honores hacia quien tiene ya inscrito su nombre en p\u00e1ginas de gloria de la  historia de la emancipaci\u00f3n continental.<\/p>\n<p>&#13;<\/p>\n<p align=\"justify\" class=\"text1noticias\">La CCB recibi\u00f3 con honores en su Presencia  Colectiva al camarada Manuel Marulanda V\u00e9lez y con m\u00e1s honores anuncia su  permanencia post-mortem en ella.<\/p>\n<p>&#13;<\/p>\n<p align=\"justify\" class=\"text1noticias\">Orgullosos(as) estamos los(as)  continuadores(as) de Bol\u00edvar y de los h\u00e9roes y hero\u00ednas de nuestra Am\u00e9rica de  esa digna compa\u00f1\u00eda. \u00a1Con decoro seguiremos su ejemplo y cuidaremos su  estimulante presencia!<\/p>\n<p>&#13;<\/p>\n<p align=\"justify\" class=\"text1noticias\">A la guerrillerada fariana, al pueblo  colombiano, a su compa\u00f1era de amor y lucha y a los queridos familiares del  camarada Manuel, nuestras sentidas condolencias y firme determinaci\u00f3n de  acompa\u00f1arles en los nuevos combates por los ideales de la nueva Colombia, la Patria Grande bolivarianay el  socialismo.<\/p>\n<p>&#13;<\/p>\n<p align=\"justify\" class=\"text1noticias\">Marulanda, como el Che, vive y vivir\u00e1  eternamente como guerrillero heroico y como gran conductor revolucionario.<\/p>\n<p>&#13;<\/p>\n<p align=\"justify\" class=\"text1noticias\"><strong>\u00a1No  hay mentira capaz de opacar su grandeza!!!<br \/>  &#13;<br \/>\n  <br \/>&#13;<br \/>\n<\/strong>\u00a1En Bol\u00edvar y los dem\u00e1s pr\u00f3ceres de Am\u00e9rica nos  encontramos todos(as)!<br \/>  &#13;<br \/>\n<br \/>&#13;<br \/>\n\u00a1Hasta la victoria siempre!<br \/>&#13;<br \/>\n<br \/>&#13;<br \/>\n\u00a1Hacia un gran Movimiento Bolivariano Continental!<br \/>&#13;<br \/>\n<br \/>&#13;<br \/>\n<strong>Comunicado Conjunto de  la Presidencia   Colectiva y de la Direcci\u00f3n Ejecutiva  de la CCB \/  Narciso Isa Conde, Coordinador de la Presidencia \/ Carlos Casanueva, Secretario  General de la Direcci\u00f3n Ejecutiva.<\/strong><\/p>\n<p>&#13;<\/p>\n<h6> 2008-05-26 21:25:09 <\/h6>\n<p><!--\n<link rel=\"stylesheet\" href=\"css\/bootstrap.min.css\">\n\n\n<ul class=\"pagination\">\n\t    \n\t\n\n<li >\n\t<a href='?page_no=11983'>Previous<\/a>\n\t<\/li>\n\n\n       \n    \n\n<li><a href='?page_no=1'>1<\/a><\/li>\n\n\n\n<li><a href='?page_no=2'>2<\/a><\/li>\n\n\n\n<li><a>...<\/a><\/li>\n\n\n\n<li><a href='?page_no=11982'>11982<\/a><\/li>\n\n\n\n<li><a href='?page_no=11983'>11983<\/a><\/li>\n\n\n\n<li class='active'><a>11984<\/a><\/li>\n\n\n\n<li><a href='?page_no=11985'>11985<\/a><\/li>\n\n\n\n<li><a href='?page_no=11986'>11986<\/a><\/li>\n\n\n\n<li><a>...<\/a><\/li>\n\n\n\n<li><a href='?page_no=13611'>13611<\/a><\/li>\n\n\n\n<li><a href='?page_no=13612'>13612<\/a><\/li>\n\n    \n\t\n\n<li >\n\t<a href='?page_no=11985'>Next<\/a>\n\t<\/li>\n\n\n    \n\n<li><a href='?page_no=13612'>Last &rsaquo;&rsaquo;<\/a><\/li>\n\n<\/ul>\n\n\n--><br \/>\n<\/body><\/p>\n","protected":false},"excerpt":{"rendered":"<p>Ante la muerte f\u00edsica del comandante Marulanda &#13; Honores y reconocimiento eterno por la gran leyenda revolucionaria que encarn\u00f3 &#13; La muerte natural, a los 78 a\u00f1os de edad y 60 a\u00f1os de combate revolucionario armado ininterrumpido, del comandante Manuel Marulanda V\u00e9lez, ha sido confirmada por las Fuerzas Armadas Revolucionarias de Colombia-Ej\u00e9rcito del Pueblo (FARC-EP). [&hellip;]<\/p>\n","protected":false},"author":3,"featured_media":0,"comment_status":"open","ping_status":"open","sticky":false,"template":"","format":"standard","meta":{"footnotes":""},"categories":[16],"tags":[],"class_list":["post-36085","post","type-post","status-publish","format-standard","hentry","category-opiniones"],"_links":{"self":[{"href":"https:\/\/diariodominicano.com\/index.php?rest_route=\/wp\/v2\/posts\/36085","targetHints":{"allow":["GET"]}}],"collection":[{"href":"https:\/\/diariodominicano.com\/index.php?rest_route=\/wp\/v2\/posts"}],"about":[{"href":"https:\/\/diariodominicano.com\/index.php?rest_route=\/wp\/v2\/types\/post"}],"author":[{"embeddable":true,"href":"https:\/\/diariodominicano.com\/index.php?rest_route=\/wp\/v2\/users\/3"}],"replies":[{"embeddable":true,"href":"https:\/\/diariodominicano.com\/index.php?rest_route=%2Fwp%2Fv2%2Fcomments&post=36085"}],"version-history":[{"count":0,"href":"https:\/\/diariodominicano.com\/index.php?rest_route=\/wp\/v2\/posts\/36085\/revisions"}],"wp:attachment":[{"href":"https:\/\/diariodominicano.com\/index.php?rest_route=%2Fwp%2Fv2%2Fmedia&parent=36085"}],"wp:term":[{"taxonomy":"category","embeddable":true,"href":"https:\/\/diariodominicano.com\/index.php?rest_route=%2Fwp%2Fv2%2Fcategories&post=36085"},{"taxonomy":"post_tag","embeddable":true,"href":"https:\/\/diariodominicano.com\/index.php?rest_route=%2Fwp%2Fv2%2Ftags&post=36085"}],"curies":[{"name":"wp","href":"https:\/\/api.w.org\/{rel}","templated":true}]}}