{"id":360845,"date":"2022-06-11T07:59:06","date_gmt":"2022-06-11T11:59:06","guid":{"rendered":"http:\/\/diariodominicano.com\/?p=360845"},"modified":"2022-06-11T08:32:57","modified_gmt":"2022-06-11T12:32:57","slug":"alejandro-vi-un-papa-valenciano","status":"publish","type":"post","link":"https:\/\/diariodominicano.com\/?p=360845","title":{"rendered":"ALEJANDRO VI, UN PAPA VALENCIANO"},"content":{"rendered":"\n<p>Papa Alejandro VI<\/p>\n\n\n\n<p><strong>POR TE\u00d3FILO LAPPOT ROBLES<\/strong><\/p>\n\n\n\n<p>Cuando el d\u00eda primero de enero del&nbsp; a\u00f1o1431 Rodrigo de Borja (luego de Borgia) naci\u00f3 en la peque\u00f1a ciudad de J\u00e1tiva, en el oriente de la pen\u00ednsula ib\u00e9rica, nadie pudo imaginarse que&nbsp; seis d\u00e9cadas despu\u00e9s se convertir\u00eda en el que ha sido considerado desde entonces como un Papa corrupto, codicioso y criminal.<\/p>\n\n\n\n<p>Como un agregado a lo anterior hay que decir que estaba dotado de una extraordinaria eficiencia para manejar los hilos del poder, los cuales usaba con diplomacia e intuici\u00f3n, cuando as\u00ed le fuera conveniente.<\/p>\n\n\n\n<p>En J\u00e1tiva y otros territorios valencianos hay una suerte de glorificaci\u00f3n hacia la familia Borja, cuyo patron\u00edmico se transform\u00f3 en Italia a Borgia.<\/p>\n\n\n\n<p>Hay monumentos, en el callejero abundan sus nombres, e incluso existe una ruta cultural para vender una historia edulcorada de los tres Papas con or\u00edgenes&nbsp; y genes valencianos: Calixto III (Alfonso de Borgia),&nbsp; Alejandro VI (Rodrigo de Borgia) e Inocencio X, quien fue tataranieto de Juan de Borgia.<\/p>\n\n\n\n<p>Vale apuntar que en esa zona de Espa\u00f1a tambi\u00e9n se maquilla la memoria del cardenal y arzobispo de Valencia C\u00e9sar Borgia, cuya capacidad para hacer maldad s\u00f3lo era comparable con su ambici\u00f3n por los bienes materiales.<\/p>\n\n\n\n<figure class=\"wp-block-image size-full\"><img loading=\"lazy\" decoding=\"async\" width=\"196\" height=\"257\" src=\"https:\/\/diariodominicano.com\/wp-content\/uploads\/2022\/06\/Alejandro-VI-3.jpg\" alt=\"\" class=\"wp-image-360849\"\/><figcaption>Alejandro VI<\/figcaption><\/figure>\n\n\n\n<p>Alejandro VI fue el nombre oficial que Rodrigo de Borgia escogi\u00f3 para ejercer de manera tenebrosa como el Papa n\u00famero 214. Durante 11 a\u00f1os fue la m\u00e1xima figura del catolicismo, con un poder que pocos tuvieron antes y despu\u00e9s de \u00e9l.<\/p>\n\n\n\n<p>Cuando \u00e9l naci\u00f3 su tierra natal formaba parte del entonces Reino de Valencia, el mismo que desde el 1982 es la Comunidad Valenciana, situada en el este de Espa\u00f1a, con el mar Mediterr\u00e1neo bordeando un amplio corredor de su hermosa geograf\u00eda.<\/p>\n\n\n\n<p>Fue Papa desde el 1492 hasta el 1503. Es decir que estuvo en el solio papal cuando el feudalismo estaba en franco deterioro, ya en ruta hacia su desaparici\u00f3n, cohabitando en parte con el renacimiento italiano.<\/p>\n\n\n\n<figure class=\"wp-block-image size-large\"><img loading=\"lazy\" decoding=\"async\" width=\"796\" height=\"1024\" src=\"https:\/\/diariodominicano.com\/wp-content\/uploads\/2022\/06\/Maquiavelo-Nicolas-11-796x1024.jpg\" alt=\"\" class=\"wp-image-360851\" srcset=\"https:\/\/diariodominicano.com\/wp-content\/uploads\/2022\/06\/Maquiavelo-Nicolas-11-796x1024.jpg 796w, https:\/\/diariodominicano.com\/wp-content\/uploads\/2022\/06\/Maquiavelo-Nicolas-11-233x300.jpg 233w, https:\/\/diariodominicano.com\/wp-content\/uploads\/2022\/06\/Maquiavelo-Nicolas-11-768x988.jpg 768w, https:\/\/diariodominicano.com\/wp-content\/uploads\/2022\/06\/Maquiavelo-Nicolas-11-1195x1536.jpg 1195w, https:\/\/diariodominicano.com\/wp-content\/uploads\/2022\/06\/Maquiavelo-Nicolas-11-816x1049.jpg 816w, https:\/\/diariodominicano.com\/wp-content\/uploads\/2022\/06\/Maquiavelo-Nicolas-11.jpg 1200w\" sizes=\"auto, (max-width: 796px) 100vw, 796px\" \/><figcaption>Nicol\u00e1s Maquiavelo<\/figcaption><\/figure>\n\n\n\n<p>El fil\u00f3sofo pol\u00edtico florentino Nicol\u00e1s Maquiavelo, contempor\u00e1neo de Rodrigo de Borja o Borgia, se expres\u00f3 de manera clara sobre ese Papa cuyas acciones no eran nada comunes:<\/p>\n\n\n\n<p>\u201cSurgi\u00f3 despu\u00e9s Alejandro VI, que, de todos los pont\u00edfices que han existido, fue el \u00fanico que mostr\u00f3 c\u00f3mo un papa se puede imponer por la fuerza del dinero.\u201d(El Pr\u00edncipe, cap\u00edtulo XI.)<\/p>\n\n\n\n<p>El grueso de los historiadores de los hechos vinculados con la c\u00fapula de la iglesia cat\u00f3lica, cuando no exist\u00eda la ciudad del Vaticano ni se hab\u00edan firmado los Pactos de Letr\u00e1n, del 1929, pero s\u00ed exist\u00eda el ritual de la fumata, coinciden en que Rodrigo de Borgia logr\u00f3 convertirse en Papa sobornando con mucho dinero y ofreciendo canonj\u00edas a cardenales electores, que son aquellos que eligen al que tambi\u00e9n se le identifica como Sumo Pont\u00edfice, desde que en el a\u00f1o 1059 el Papa Nicol\u00e1s II estableci\u00f3 que era a ellos que les correspond\u00eda dicha misi\u00f3n.<\/p>\n\n\n\n<p>Relatos de los siglos 15 y 16 contienen abundantes informaciones de que Rodrigo de Borgia, ya como Papa Alejandro VI, perfeccion\u00f3 lo que se conoc\u00eda como el veneno de acci\u00f3n lenta con el que mat\u00f3 a no pocos de los que intentaban obstaculizar su cada vez m\u00e1s demencial ambici\u00f3n por controlarlo todo en los estados pontificios y fuera de sus fronteras.<\/p>\n\n\n\n<figure class=\"wp-block-image size-large\"><img loading=\"lazy\" decoding=\"async\" width=\"754\" height=\"1024\" src=\"https:\/\/diariodominicano.com\/wp-content\/uploads\/2022\/06\/Popa_Julius_II-754x1024.jpg\" alt=\"\" class=\"wp-image-360853\" srcset=\"https:\/\/diariodominicano.com\/wp-content\/uploads\/2022\/06\/Popa_Julius_II-754x1024.jpg 754w, https:\/\/diariodominicano.com\/wp-content\/uploads\/2022\/06\/Popa_Julius_II-221x300.jpg 221w, https:\/\/diariodominicano.com\/wp-content\/uploads\/2022\/06\/Popa_Julius_II-768x1044.jpg 768w, https:\/\/diariodominicano.com\/wp-content\/uploads\/2022\/06\/Popa_Julius_II-1130x1536.jpg 1130w, https:\/\/diariodominicano.com\/wp-content\/uploads\/2022\/06\/Popa_Julius_II-1507x2048.jpg 1507w, https:\/\/diariodominicano.com\/wp-content\/uploads\/2022\/06\/Popa_Julius_II-816x1109.jpg 816w, https:\/\/diariodominicano.com\/wp-content\/uploads\/2022\/06\/Popa_Julius_II-scaled.jpg 1884w\" sizes=\"auto, (max-width: 754px) 100vw, 754px\" \/><figcaption>Papa Julio II<\/figcaption><\/figure>\n\n\n\n<p>A su muerte, llena de sospechas e intrigas, Alejandro VI fue sustituido en t\u00e9rmino pr\u00e1cticos por el belicoso Papa Julio II, conocido tambi\u00e9n como el Papa Terrible, cuyo nombre bautismal era Giuliano della Rovere.<\/p>\n\n\n\n<p>Es pertinente decir que Julio II era enemigo de los Borgia. En vez del rosario, el c\u00e1liz y los paramentos cat\u00f3licos \u00e9l usaba la espada y la armadura frente a sus enemigos. Era un guerrero nato que le gustaba participar en combates.<\/p>\n\n\n\n<p>Entre el Papado del valenciano del que trata esta cr\u00f3nica y el del combatiente nacido en Savona, dentro de Liguria, en el noroccidente de Italia, hubo un interregno de 26 d\u00edas presidido por el Papa P\u00edo III.<\/p>\n\n\n\n<p>El nombre de este papa breve era nombre era Francesco Nanni Todeschini. Fue escogido en un c\u00f3nclave urgente para apaciguar los \u00e1nimos entre las facciones que se disputaban el poder detr\u00e1s de las puertas de la Bas\u00edlica de San Pedro. Todos sab\u00edan que era un enfermo en fase terminal.<\/p>\n\n\n\n<figure class=\"wp-block-image size-full\"><img loading=\"lazy\" decoding=\"async\" width=\"238\" height=\"134\" src=\"https:\/\/diariodominicano.com\/wp-content\/uploads\/2022\/06\/Fernando-el-Catolico-11.webp\" alt=\"\" class=\"wp-image-360855\"\/><figcaption>Rey Fernando el Cat\u00f3lico<\/figcaption><\/figure>\n\n\n\n<p>Es importante se\u00f1alar que Rodrigo de Borgia, con su nombre papal de Alejandro VI, emiti\u00f3 el 25 de septiembre de 1493 la Bula Inter Caetera, en la cual estableci\u00f3 que el mundo ten\u00eda que repartirse entre Espa\u00f1a y Portugal. Esa decisi\u00f3n la tom\u00f3 agreg\u00e1ndose una supuesta calidad de \u201cSe\u00f1or del Orbe\u201d y en confabulaci\u00f3n con el rey espa\u00f1ol Fernando el Cat\u00f3lico, quien lo colm\u00f3 de beneficios econ\u00f3micos.<\/p>\n\n\n\n<figure class=\"wp-block-image size-large\"><img loading=\"lazy\" decoding=\"async\" width=\"836\" height=\"1024\" src=\"https:\/\/diariodominicano.com\/wp-content\/uploads\/2022\/06\/Francisco-I-de-Francia-836x1024.jpg\" alt=\"\" class=\"wp-image-360857\" srcset=\"https:\/\/diariodominicano.com\/wp-content\/uploads\/2022\/06\/Francisco-I-de-Francia-836x1024.jpg 836w, https:\/\/diariodominicano.com\/wp-content\/uploads\/2022\/06\/Francisco-I-de-Francia-245x300.jpg 245w, https:\/\/diariodominicano.com\/wp-content\/uploads\/2022\/06\/Francisco-I-de-Francia-768x940.jpg 768w, https:\/\/diariodominicano.com\/wp-content\/uploads\/2022\/06\/Francisco-I-de-Francia-1255x1536.jpg 1255w, https:\/\/diariodominicano.com\/wp-content\/uploads\/2022\/06\/Francisco-I-de-Francia-1673x2048.jpg 1673w, https:\/\/diariodominicano.com\/wp-content\/uploads\/2022\/06\/Francisco-I-de-Francia-816x999.jpg 816w\" sizes=\"auto, (max-width: 836px) 100vw, 836px\" \/><figcaption>Rey Francisco 1<\/figcaption><\/figure>\n\n\n\n<p>Esa Bula dio motivo a que el Rey de Francia, Francisco I, reclamara que le presentaran pruebas b\u00edblicas de esa facultad de reparto del mundo que se atribu\u00eda Alejandro VI.<\/p>\n\n\n\n<p>Las consecuencias de dicha Bula no se hicieron esperar. El historiador mexicano Fernando Ben\u00edtez (quien fue embajador de su pa\u00eds en la Rep\u00fablica Dominicana) se\u00f1ala sobre eso lo siguiente:<\/p>\n\n\n\n<p>\u201cLegaliz\u00f3 los derechos de Espa\u00f1a a las Indias. Origin\u00f3 una larga lucha entre espa\u00f1oles y portugueses. Franceses, ingleses y holandeses organizaron en gran escala la pirater\u00eda: las naves corsarias esclavizaban&nbsp; negros en \u00c1frica\u2026De ese modo se llevaron parte del enorme pastel regalado por el Papa Borgia a los dos imperios.\u201d (1992.\u00bfQu\u00e9 celebramos, qu\u00e9 lamentamos?\u201dP26.<\/p>\n\n\n\n<p>El ya referido escritor Nicol\u00e1s Maquiavelo describi\u00f3 con pruebas a la vista tres de los elementos caracter\u00edsticos del Papa Alejandro VI: su propensi\u00f3n a la lujuria (incluyendo escenas de org\u00edas), su consumada pr\u00e1ctica de hacer lucrativos negocios con los asuntos religiosos y una crueldad que no conoci\u00f3 l\u00edmites.<\/p>\n\n\n\n<p>Alejandro VI actuaba como si su manchado b\u00e1culo papal hubiera estado formado por un tridente y en cada punta sobresalieran las palabras latinas: Iussuria, Simoniae, crudeltate. &nbsp;Sin ninguna duda \u00e9l fue un resumen del barro humano en su m\u00e1xima expresi\u00f3n de maldad.<\/p>\n\n\n\n<p>De no haberse escrito antes La Divina Comedia, el Papa Alejandro VI hubiera sido un morador del segundo c\u00edrculo del infierno por su lujuria, del cuarto c\u00edrculo por su avaricia y del s\u00e9ptimo c\u00edrculo por su violencia, pues en \u00e9l brotaban esas condiciones impropias de un religioso que con a\u00f1agazas y m\u00faltiples artima\u00f1as lleg\u00f3 a lo m\u00e1s alto del poder religioso y pol\u00edtico de su \u00e9poca.<\/p>\n\n\n\n<p>El escritor franc\u00e9s Alejandro Dumas, en la serie Los Borgia, de su colecci\u00f3n Cr\u00edmenes C\u00e9lebres, no escatima esfuerzos para destacar que el Papa Alejandro VI y sus hijos C\u00e9sar, (quien adem\u00e1s de reconocido mat\u00f3n fue&nbsp; Cardenal y Arzobispo de Valencia) la renombrada Lucrecia; Juan, segundo duque de Gand\u00eda y Giuffredo, pr\u00edncipe de Squilace, procreados con su m\u00e1s famosa amante, Vannozza Cattanei, ocupan un lugar importante en el tramo hist\u00f3rico en que les toc\u00f3 desenvolver sus actividades como adultos, en medio del renacimiento europeo.<\/p>\n\n\n\n<p>El novelista y dramaturgo Dumas destaca que esa familia de origen valenciano cometi\u00f3 las peores villan\u00edas para escalar el poder y sostenerse en el mismo, incluyendo asesinatos de enemigos&nbsp; y de muchos que no lo eran, simples v\u00edctimas colaterales de intrigas.<\/p>\n\n\n\n<p>Si hubieran coincidido en el tiempo de sus respectivas existencias el Papa Alejandro VI y algunos de sus hijos bien pudieron haber formado un circuito de lujuriosos con el famoso personaje Esa\u00fa, aquel cazador cananeo que figura en la historia b\u00edblica por lo de la progenitura y lo del plato de lentejas.(G\u00e9nesis 25y 36.Romano 9:13.Hebreos12:16).<\/p>\n\n\n\n<figure class=\"wp-block-image size-full\"><img loading=\"lazy\" decoding=\"async\" width=\"195\" height=\"258\" src=\"https:\/\/diariodominicano.com\/wp-content\/uploads\/2022\/06\/Alejandro_VI.jpg\" alt=\"\" class=\"wp-image-360858\"\/><figcaption>Papa Alejandro VI<\/figcaption><\/figure>\n\n\n\n<p>La muerte de Alejandro VI, un hombre mundano que caus\u00f3 un inmenso da\u00f1o a la historia de la iglesia cat\u00f3lica, se ha mantenido envuelta en el misterio.<\/p>\n\n\n\n<p>Los bi\u00f3grafos de Alejandro VI coinciden en se\u00f1alar que pat\u00f3logos, tanat\u00f3logos, antrop\u00f3logos forenses, bi\u00f3logos, genetistas, y otros especialistas versados sobre temas de la muerte, no se han puesto de acuerdo con relaci\u00f3n a lo que provoc\u00f3 la s\u00fabita defunci\u00f3n de ese siniestro personaje.<\/p>\n\n\n\n<p>Lo que s\u00ed se comprob\u00f3 fue que el 5 de agosto de 1503 entr\u00f3 con aparente excelente salud junto a su hijo C\u00e9sar a disfrutar de una cena cuyo anfitri\u00f3n era el cardenal Adriano di Corneto. Al d\u00eda siguiente entr\u00f3 en una agon\u00eda de 13 d\u00edas. Cuando \u00a0falleci\u00f3 su cuerpo presentaba algunas de las caracter\u00edsticas exteriores de envenenamiento.<\/p>\n\n\n\n<p>Te\u00f3filo Lappot<a target=\"_blank\" href=\"mailto:teofilolappot@hotmail.com\" rel=\"noreferrer noopener\">teofilolappot@hotmail.com<\/a><\/p>\n","protected":false},"excerpt":{"rendered":"<p>Papa Alejandro VI POR TE\u00d3FILO LAPPOT ROBLES Cuando el d\u00eda primero de enero del&nbsp; a\u00f1o1431 Rodrigo de Borja (luego de Borgia) naci\u00f3 en la peque\u00f1a ciudad de J\u00e1tiva, en el oriente de la pen\u00ednsula ib\u00e9rica, nadie pudo imaginarse que&nbsp; seis d\u00e9cadas despu\u00e9s se convertir\u00eda en el que ha sido considerado desde entonces como un Papa [&hellip;]<\/p>\n","protected":false},"author":28,"featured_media":360847,"comment_status":"closed","ping_status":"","sticky":true,"template":"","format":"standard","meta":{"footnotes":""},"categories":[21,26,27],"tags":[],"class_list":["post-360845","post","type-post","status-publish","format-standard","has-post-thumbnail","hentry","category-cultura","category-efemerides","category-portada"],"_links":{"self":[{"href":"https:\/\/diariodominicano.com\/index.php?rest_route=\/wp\/v2\/posts\/360845","targetHints":{"allow":["GET"]}}],"collection":[{"href":"https:\/\/diariodominicano.com\/index.php?rest_route=\/wp\/v2\/posts"}],"about":[{"href":"https:\/\/diariodominicano.com\/index.php?rest_route=\/wp\/v2\/types\/post"}],"author":[{"embeddable":true,"href":"https:\/\/diariodominicano.com\/index.php?rest_route=\/wp\/v2\/users\/28"}],"replies":[{"embeddable":true,"href":"https:\/\/diariodominicano.com\/index.php?rest_route=%2Fwp%2Fv2%2Fcomments&post=360845"}],"version-history":[{"count":6,"href":"https:\/\/diariodominicano.com\/index.php?rest_route=\/wp\/v2\/posts\/360845\/revisions"}],"predecessor-version":[{"id":360860,"href":"https:\/\/diariodominicano.com\/index.php?rest_route=\/wp\/v2\/posts\/360845\/revisions\/360860"}],"wp:featuredmedia":[{"embeddable":true,"href":"https:\/\/diariodominicano.com\/index.php?rest_route=\/wp\/v2\/media\/360847"}],"wp:attachment":[{"href":"https:\/\/diariodominicano.com\/index.php?rest_route=%2Fwp%2Fv2%2Fmedia&parent=360845"}],"wp:term":[{"taxonomy":"category","embeddable":true,"href":"https:\/\/diariodominicano.com\/index.php?rest_route=%2Fwp%2Fv2%2Fcategories&post=360845"},{"taxonomy":"post_tag","embeddable":true,"href":"https:\/\/diariodominicano.com\/index.php?rest_route=%2Fwp%2Fv2%2Ftags&post=360845"}],"curies":[{"name":"wp","href":"https:\/\/api.w.org\/{rel}","templated":true}]}}