{"id":36084,"date":"2008-05-27T23:21:44","date_gmt":"2008-05-27T23:21:44","guid":{"rendered":"http:\/\/diariodominicano.ddns.net\/?p=36084"},"modified":"2008-05-27T23:21:44","modified_gmt":"2008-05-27T23:21:44","slug":"el-crecimiento-poblacional-aumenta-el-desorden","status":"publish","type":"post","link":"https:\/\/diariodominicano.com\/?p=36084","title":{"rendered":"El crecimiento poblacional aumenta el desorden"},"content":{"rendered":"<p><body><\/p>\n<p align=\"justify\"><strong>Moradores de diferentes sectores piden a las autoridades que hagan  cumplir las normas municipales, a fin de enfrentar los parqueos en las aceras,  talleres, materiales de contrucci\u00f3n, dealer y otros negocios que ocupan las  calles. Las paradas de guaguas contribuyen al desorden y largos taponamientos <\/strong><\/p>\n<p>&#13;<\/p>\n<p><strong>La ciudad se torna ca\u00f3tica <\/strong><\/p>\n<p>&#13;<\/p>\n<p class=\"titulogrande1\"><strong>El crecimiento poblacional aumenta el desorden <\/strong><\/p>\n<p>&#13;<\/p>\n<p align=\"justify\" class=\"text1noticias\">Con el crecimiento poblacional desorganizado, la expansi\u00f3n del sector  construcci\u00f3n la ciudad de Santo Domingo se torna ca\u00f3tica y desordenada. En  cualquier lugar se improvisan y se instalan los talleres de mec\u00e1nica, mercados,  vendedores ambulantes y parqueos veh\u00edculos privados y del transporte p\u00fablico.<br \/>&#13;<br \/>\n  <br \/>&#13;<br \/>\n  Hay lugares, como debajo del elevado de la Nicol\u00e1s de Ovando con M\u00e1ximo  G\u00f3mez, que las aceras por donde deben caminar los transe\u00fantes fueron \u201cborradas\u201d  por completo. Se ha instalado un mercado de venta de fruta, pl\u00e1tano, yuca,  adem\u00e1s de un parqueo para las paradas de guaguas. <br \/>&#13;<br \/>\n  <br \/>&#13;<br \/>\n  Esto obliga a que los ciudadanos tengan que arriesgar su vida caminando  por el centro de la calle. <br \/>&#13;<br \/>\n  <br \/>&#13;<br \/>\n  \u201cCruzar por la Ovando a la hora pico es un peligro  para cualquier persona, en medio de este l\u00edo, este desorden no nos dejan  espacio para caminar por la acera\u201d, se quej\u00f3 Juana Acosta de Torres, mientras  con su hijo agarrado del brazo trataba de cruzar la esquina de la avenida Los  M\u00e1rtires con Nicol\u00e1s de Ovando. \u00a0\u00a0\u00a0<br \/>&#13;<br \/>\n  \u00a0\u00a0<br \/>&#13;<br \/>\n  El mal afecta a toda la ciudad en sentido general sectores exclusivos  del pol\u00edgono central de las avenidas 27 de Febrero, Lincoln, Jhon Kennedy, Lope  de Vega y Tiradentes. Tambi\u00e9n el centro hist\u00f3rico como la zona colonial, que es  una de zona afectada por el desorden en el parqueo. \u201cEn la zona colonial no se  puede vivir, esto es un infierno por los parqueos, la delincuencia, los  negocios en las calles\u201d, dijo Josefina Disla Garc\u00eda, abogada y residente en el  lugar.\u00a0 <br \/>&#13;<br \/>\n  <br \/>&#13;<br \/>\n  Tienen una gran  responsabilidad en el caos, en el desorden, en la falta de organizaci\u00f3n que  vive la capital los choferes del transporte de pasajeros, organizado en los  diferentes sindicatos, que le sirven como aval para violentar las leyes  municipales. Esto queda demostrado cuando se hace un recorrido por las paradas  la Federaci\u00f3n Nacional del Transporte la Nueva Opci\u00f3n (FENATRANO), la Central  Nacional de Transportistas Unificados (CNTU), la Confederaci\u00f3n Nacional del  Transporte (CONATRA) y la Central de Movimiento de Choferes del Transporte  (MOCHOTRAN). Estos se parquean desorganizadamente, provocando taponamiento en  el tr\u00e1nsito, ocupan adem\u00e1s las aceras, contenes y \u00e1reas verdes. Se tornan  intransitables pr\u00e1cticamente todas las calles donde funcionan las paradas de  estos sindicatos, tales como el Kil\u00f3metro 9 de la Autopista Duarte, Jos\u00e9 Mart\u00ed,  pr\u00f3ximo a la avenida M\u00e9jico, y varios puntos de la avenida Duarte.\u00a0 <br \/>&#13;<br \/>\n  <br \/>&#13;<br \/>\n  Otro problema son los vendedores de veh\u00edculos que improvisan sus  negocios en cualquier lugar. En las calles, \u00e1reas verdes, aceras y contenes.  Otros que hacen sus negocios en las calles, ocupando el lugar por donde deben  pasar los transe\u00fantes son los vendedores de gomas, en sectores como Villa Juana  (Calle Moca), Villas Agr\u00edcolas. <br \/>&#13;<br \/>\n  <br \/>&#13;<br \/>\n  En muchas calles, como la Reyes Cat\u00f3licos, adem\u00e1s de los talleres de  mec\u00e1nica y desabolladura que ocupan las calles, se contaron alrededor de tres  vertederos ocupando las calles y aceras. Uno de los parqueos en las aceras  funciona justo al lado y al frente del destacamento de El Caliche de Cristo  Rey.\u00a0\u00a0 <\/p>\n<p>&#13;<\/p>\n<p align=\"justify\" class=\"text1noticias\"><strong>\u00a01-Eduvige Mosquete <\/strong><br \/>&#13;<br \/>\n    <strong>Ama de casa <\/strong><br \/>&#13;<br \/>\n    <strong>\u201cHay que poner orden con los obst\u00e1culos, basureros en las calles,  aceras, es una amenaza para la salud de ni\u00f1os y adultos, hay que instalar  contenedores de basura\u201d.<\/strong><\/p>\n<p>&#13;<\/p>\n<p align=\"justify\" class=\"text1noticias\"><strong>2-Santiago Molvan de Le\u00f3n <\/strong><br \/>&#13;<br \/>\n  <strong>Mec\u00e1nico <\/strong><br \/>&#13;<br \/>\n  <strong>\u201cLa ciudad est\u00e1 muy desorganizada, todo est\u00e1 vuelto un caos,  \u00a0esperemos que haya cambio, todo est\u00e1 malo, hay muchos desordenes,  esperamos que los problemas se corrijan\u201d. \u00a0<\/strong><br \/>&#13;<br \/>\n<strong>\u00a0\u00a0<\/strong><\/p>\n<p>&#13;<\/p>\n<p align=\"justify\" class=\"text1noticias\"><strong>3-Jos\u00e9 N\u00fa\u00f1ez <\/strong><br \/>&#13;<br \/>\n  <strong>Comerciante <\/strong><br \/>&#13;<br \/>\n<strong>\u201cLos veh\u00edculos encima de las aceras, el peat\u00f3n no puede caminar, madres  que vienen con un ni\u00f1o y se bajan a las calles y lo han estado al matar\u201d.\u00a0 <\/strong><\/p>\n<p>&#13;<\/p>\n<p align=\"justify\" class=\"text1noticias\"><strong>Roberto Cuevas <\/strong><br \/>&#13;<br \/>\n  <strong>Chofer <\/strong><br \/>&#13;<br \/>\n<strong>4-\u201cEstamos cansados de pedir que se organice el tr\u00e1nsito, aqu\u00ed no se  sabe organizar, aqu\u00ed no se cumplen las normas, lo \u00fanico que hacen es darnos  mucha carpeta\u2026\u201d. <\/strong><\/p>\n<p>&#13;<\/p>\n<h6> 2008-05-27 23:21:44 <\/h6>\n<p><!--\n<link rel=\"stylesheet\" href=\"css\/bootstrap.min.css\">\n\n\n<ul class=\"pagination\">\n\t    \n\t\n\n<li >\n\t<a href='?page_no=11982'>Previous<\/a>\n\t<\/li>\n\n\n       \n    \n\n<li><a href='?page_no=1'>1<\/a><\/li>\n\n\n\n<li><a href='?page_no=2'>2<\/a><\/li>\n\n\n\n<li><a>...<\/a><\/li>\n\n\n\n<li><a href='?page_no=11981'>11981<\/a><\/li>\n\n\n\n<li><a href='?page_no=11982'>11982<\/a><\/li>\n\n\n\n<li class='active'><a>11983<\/a><\/li>\n\n\n\n<li><a href='?page_no=11984'>11984<\/a><\/li>\n\n\n\n<li><a href='?page_no=11985'>11985<\/a><\/li>\n\n\n\n<li><a>...<\/a><\/li>\n\n\n\n<li><a href='?page_no=13611'>13611<\/a><\/li>\n\n\n\n<li><a href='?page_no=13612'>13612<\/a><\/li>\n\n    \n\t\n\n<li >\n\t<a href='?page_no=11984'>Next<\/a>\n\t<\/li>\n\n\n    \n\n<li><a href='?page_no=13612'>Last &rsaquo;&rsaquo;<\/a><\/li>\n\n<\/ul>\n\n\n--><br \/>\n<\/body><\/p>\n","protected":false},"excerpt":{"rendered":"<p>Moradores de diferentes sectores piden a las autoridades que hagan cumplir las normas municipales, a fin de enfrentar los parqueos en las aceras, talleres, materiales de contrucci\u00f3n, dealer y otros negocios que ocupan las calles. Las paradas de guaguas contribuyen al desorden y largos taponamientos &#13; La ciudad se torna ca\u00f3tica &#13; El crecimiento poblacional [&hellip;]<\/p>\n","protected":false},"author":3,"featured_media":0,"comment_status":"open","ping_status":"open","sticky":false,"template":"","format":"standard","meta":{"footnotes":""},"categories":[16],"tags":[],"class_list":["post-36084","post","type-post","status-publish","format-standard","hentry","category-opiniones"],"_links":{"self":[{"href":"https:\/\/diariodominicano.com\/index.php?rest_route=\/wp\/v2\/posts\/36084","targetHints":{"allow":["GET"]}}],"collection":[{"href":"https:\/\/diariodominicano.com\/index.php?rest_route=\/wp\/v2\/posts"}],"about":[{"href":"https:\/\/diariodominicano.com\/index.php?rest_route=\/wp\/v2\/types\/post"}],"author":[{"embeddable":true,"href":"https:\/\/diariodominicano.com\/index.php?rest_route=\/wp\/v2\/users\/3"}],"replies":[{"embeddable":true,"href":"https:\/\/diariodominicano.com\/index.php?rest_route=%2Fwp%2Fv2%2Fcomments&post=36084"}],"version-history":[{"count":0,"href":"https:\/\/diariodominicano.com\/index.php?rest_route=\/wp\/v2\/posts\/36084\/revisions"}],"wp:attachment":[{"href":"https:\/\/diariodominicano.com\/index.php?rest_route=%2Fwp%2Fv2%2Fmedia&parent=36084"}],"wp:term":[{"taxonomy":"category","embeddable":true,"href":"https:\/\/diariodominicano.com\/index.php?rest_route=%2Fwp%2Fv2%2Fcategories&post=36084"},{"taxonomy":"post_tag","embeddable":true,"href":"https:\/\/diariodominicano.com\/index.php?rest_route=%2Fwp%2Fv2%2Ftags&post=36084"}],"curies":[{"name":"wp","href":"https:\/\/api.w.org\/{rel}","templated":true}]}}