{"id":360839,"date":"2022-06-10T23:31:41","date_gmt":"2022-06-11T03:31:41","guid":{"rendered":"http:\/\/diariodominicano.com\/?p=360839"},"modified":"2022-06-10T23:31:41","modified_gmt":"2022-06-11T03:31:41","slug":"juan-pablo-duarte-llega-a-gran-cayo-venezuela-2","status":"publish","type":"post","link":"https:\/\/diariodominicano.com\/?p=360839","title":{"rendered":"Juan Pablo Duarte llega a Gran Cayo, Venezuela"},"content":{"rendered":"\n<p> <\/p>\n\n\n\n<p>GRAN&nbsp; CAYO, Venezuela, el&nbsp; 11 de marzo de 1864, el patricio Juan Pablo Duarte lleg\u00f3 a Gran Cayo, Venezuela, en su viaje con destino a la Rep\u00fablica Dominicana, donde se desarrollaba la Guerra de la Restauraci\u00f3n.<\/p>\n\n\n\n<p>&nbsp;&nbsp;&nbsp;&nbsp;&nbsp;&nbsp;&nbsp;&nbsp;&nbsp; Duarte ten\u00eda el prop\u00f3sito de llegar a Rep\u00fablica Dominicana para unirse a las tropas restauradoras.<\/p>\n\n\n\n<p>&nbsp;&nbsp;&nbsp;&nbsp;&nbsp;&nbsp;&nbsp;&nbsp;&nbsp; El creador de la nacionalidad dominicana se encontraba exiliado en Caracas, Venezuela, pero al enterarse de la lucha de los restauradores, tom\u00f3 la decisi\u00f3n de regresar al territorio nacional para apoyar la lucha por la Restauraci\u00f3n de la Rep\u00fablica Dominicana.<\/p>\n","protected":false},"excerpt":{"rendered":"<p>GRAN&nbsp; CAYO, Venezuela, el&nbsp; 11 de marzo de 1864, el patricio Juan Pablo Duarte lleg\u00f3 a Gran Cayo, Venezuela, en su viaje con destino a la Rep\u00fablica Dominicana, donde se desarrollaba la Guerra de la Restauraci\u00f3n. &nbsp;&nbsp;&nbsp;&nbsp;&nbsp;&nbsp;&nbsp;&nbsp;&nbsp; Duarte ten\u00eda el prop\u00f3sito de llegar a Rep\u00fablica Dominicana para unirse a las tropas restauradoras. &nbsp;&nbsp;&nbsp;&nbsp;&nbsp;&nbsp;&nbsp;&nbsp;&nbsp; El creador [&hellip;]<\/p>\n","protected":false},"author":28,"featured_media":327185,"comment_status":"closed","ping_status":"","sticky":true,"template":"","format":"standard","meta":{"footnotes":""},"categories":[26,27],"tags":[],"class_list":["post-360839","post","type-post","status-publish","format-standard","has-post-thumbnail","hentry","category-efemerides","category-portada"],"_links":{"self":[{"href":"https:\/\/diariodominicano.com\/index.php?rest_route=\/wp\/v2\/posts\/360839","targetHints":{"allow":["GET"]}}],"collection":[{"href":"https:\/\/diariodominicano.com\/index.php?rest_route=\/wp\/v2\/posts"}],"about":[{"href":"https:\/\/diariodominicano.com\/index.php?rest_route=\/wp\/v2\/types\/post"}],"author":[{"embeddable":true,"href":"https:\/\/diariodominicano.com\/index.php?rest_route=\/wp\/v2\/users\/28"}],"replies":[{"embeddable":true,"href":"https:\/\/diariodominicano.com\/index.php?rest_route=%2Fwp%2Fv2%2Fcomments&post=360839"}],"version-history":[{"count":1,"href":"https:\/\/diariodominicano.com\/index.php?rest_route=\/wp\/v2\/posts\/360839\/revisions"}],"predecessor-version":[{"id":360840,"href":"https:\/\/diariodominicano.com\/index.php?rest_route=\/wp\/v2\/posts\/360839\/revisions\/360840"}],"wp:featuredmedia":[{"embeddable":true,"href":"https:\/\/diariodominicano.com\/index.php?rest_route=\/wp\/v2\/media\/327185"}],"wp:attachment":[{"href":"https:\/\/diariodominicano.com\/index.php?rest_route=%2Fwp%2Fv2%2Fmedia&parent=360839"}],"wp:term":[{"taxonomy":"category","embeddable":true,"href":"https:\/\/diariodominicano.com\/index.php?rest_route=%2Fwp%2Fv2%2Fcategories&post=360839"},{"taxonomy":"post_tag","embeddable":true,"href":"https:\/\/diariodominicano.com\/index.php?rest_route=%2Fwp%2Fv2%2Ftags&post=360839"}],"curies":[{"name":"wp","href":"https:\/\/api.w.org\/{rel}","templated":true}]}}