{"id":360835,"date":"2022-06-10T23:23:33","date_gmt":"2022-06-11T03:23:33","guid":{"rendered":"http:\/\/diariodominicano.com\/?p=360835"},"modified":"2022-06-11T07:51:42","modified_gmt":"2022-06-11T11:51:42","slug":"francia-rompe-cerco-haitiano-en-la-ciudad-santo-domingo","status":"publish","type":"post","link":"https:\/\/diariodominicano.com\/?p=360835","title":{"rendered":"Francia rompe cerco haitiano en la ciudad Santo Domingo"},"content":{"rendered":"\n<p> Las tropas haitianas eran comandadas por los generales Enrique Crist\u00f3bal, y Jacques Dessalines.<\/p>\n\n\n\n<p>SANTO DOMINGO, el 11 de marzo de 1805, las tropas francesas al mando del General Eugene Ferrand intentaron romper el cerco que hab\u00eda tendido a la ciudad Santo Domingo con 21 mil hombres el Ej\u00e9rcito de Hait\u00ed.<\/p>\n\n\n\n<p>Las tropas haitianas eran comandadas por los generales Enrique Crist\u00f3bal, y Jacques Dessalines, quienes ten\u00edan el prop\u00f3sito de desalojar de la isla a las fuerzas de Francia que comandaba el general Eugene Ferrand.<\/p>\n\n\n\n<figure class=\"wp-block-image size-full\"><img loading=\"lazy\" decoding=\"async\" width=\"199\" height=\"253\" src=\"https:\/\/diariodominicano.com\/wp-content\/uploads\/2022\/03\/Ferrand.jpg\" alt=\"\" class=\"wp-image-336888\"\/><figcaption>General Eugene Ferrand<\/figcaption><\/figure>\n\n\n\n<p>&nbsp;&nbsp;&nbsp;&nbsp;&nbsp;&nbsp;&nbsp;&nbsp;&nbsp; El Ej\u00e9rcito haitiano hab\u00eda rodeado la ciudad Santo Domingo, el 8 de marzo de 1805.F<\/p>\n\n\n\n<p>En el momento que se produjo la entrada de los haitianos, los franceses estaban listos para la resistencia. El&nbsp; general Ferrand hab\u00eda preparado la defensa de la plaza e incendi\u00f3 el poblado de San Carlos y elev\u00f3 la muralla.<\/p>\n\n\n\n<p>&nbsp;&nbsp;&nbsp;&nbsp;&nbsp;&nbsp;&nbsp;&nbsp;&nbsp; Adem\u00e1s, el jefe militar Franc\u00e9s hizo acopio de v\u00edveres y arm\u00f3 para la guerra a la poblaci\u00f3n h\u00e1bil, la cual lleg\u00f3 a dos mil hombres.<\/p>\n\n\n\n<p>\u00a0\u00a0\u00a0\u00a0\u00a0\u00a0\u00a0\u00a0\u00a0 Los haitianos mantuvieron el cerco durante tres semanas, pero no lograron la rendici\u00f3n de los franceses, quienes se mantuvieron en pie hasta que llegaron refuerzos de Francia, lo que oblig\u00f3 a los comandantes haitianos a retornar sus tropas a la Rep\u00fablica Hait\u00ed, porque temieron las escuadras francesas se dirigieran hacia el Oeste a retomar su antigua colonia.<\/p>\n\n\n\n<figure class=\"wp-block-embed is-type-wp-embed is-provider-diario-dominicano wp-block-embed-diario-dominicano\"><div class=\"wp-block-embed__wrapper\">\n<blockquote class=\"wp-embedded-content\" data-secret=\"WaB4W3ooUg\"><a href=\"https:\/\/diariodominicano.com\/?p=360839\">Juan Pablo Duarte llega a Gran Cayo, Venezuela<\/a><\/blockquote><iframe loading=\"lazy\" class=\"wp-embedded-content\" sandbox=\"allow-scripts\" security=\"restricted\" style=\"position: absolute; visibility: hidden;\" title=\"\u00abJuan Pablo Duarte llega a Gran Cayo, Venezuela\u00bb \u2014 Diario Dominicano\" src=\"https:\/\/diariodominicano.com\/?p=360839&#038;embed=true#?secret=ITB3gAiw1H#?secret=WaB4W3ooUg\" data-secret=\"WaB4W3ooUg\" width=\"600\" height=\"338\" frameborder=\"0\" marginwidth=\"0\" marginheight=\"0\" scrolling=\"no\"><\/iframe>\n<\/div><\/figure>\n\n\n\n<p><\/p>\n","protected":false},"excerpt":{"rendered":"<p>Las tropas haitianas eran comandadas por los generales Enrique Crist\u00f3bal, y Jacques Dessalines. SANTO DOMINGO, el 11 de marzo de 1805, las tropas francesas al mando del General Eugene Ferrand intentaron romper el cerco que hab\u00eda tendido a la ciudad Santo Domingo con 21 mil hombres el Ej\u00e9rcito de Hait\u00ed. Las tropas haitianas eran comandadas [&hellip;]<\/p>\n","protected":false},"author":28,"featured_media":277310,"comment_status":"closed","ping_status":"","sticky":true,"template":"","format":"standard","meta":{"footnotes":""},"categories":[26,27],"tags":[],"class_list":["post-360835","post","type-post","status-publish","format-standard","has-post-thumbnail","hentry","category-efemerides","category-portada"],"_links":{"self":[{"href":"https:\/\/diariodominicano.com\/index.php?rest_route=\/wp\/v2\/posts\/360835","targetHints":{"allow":["GET"]}}],"collection":[{"href":"https:\/\/diariodominicano.com\/index.php?rest_route=\/wp\/v2\/posts"}],"about":[{"href":"https:\/\/diariodominicano.com\/index.php?rest_route=\/wp\/v2\/types\/post"}],"author":[{"embeddable":true,"href":"https:\/\/diariodominicano.com\/index.php?rest_route=\/wp\/v2\/users\/28"}],"replies":[{"embeddable":true,"href":"https:\/\/diariodominicano.com\/index.php?rest_route=%2Fwp%2Fv2%2Fcomments&post=360835"}],"version-history":[{"count":3,"href":"https:\/\/diariodominicano.com\/index.php?rest_route=\/wp\/v2\/posts\/360835\/revisions"}],"predecessor-version":[{"id":360844,"href":"https:\/\/diariodominicano.com\/index.php?rest_route=\/wp\/v2\/posts\/360835\/revisions\/360844"}],"wp:featuredmedia":[{"embeddable":true,"href":"https:\/\/diariodominicano.com\/index.php?rest_route=\/wp\/v2\/media\/277310"}],"wp:attachment":[{"href":"https:\/\/diariodominicano.com\/index.php?rest_route=%2Fwp%2Fv2%2Fmedia&parent=360835"}],"wp:term":[{"taxonomy":"category","embeddable":true,"href":"https:\/\/diariodominicano.com\/index.php?rest_route=%2Fwp%2Fv2%2Fcategories&post=360835"},{"taxonomy":"post_tag","embeddable":true,"href":"https:\/\/diariodominicano.com\/index.php?rest_route=%2Fwp%2Fv2%2Ftags&post=360835"}],"curies":[{"name":"wp","href":"https:\/\/api.w.org\/{rel}","templated":true}]}}