{"id":36077,"date":"2008-05-28T02:32:44","date_gmt":"2008-05-28T02:32:44","guid":{"rendered":"http:\/\/diariodominicano.ddns.net\/?p=36077"},"modified":"2008-05-28T02:32:44","modified_gmt":"2008-05-28T02:32:44","slug":"la-falacia-del-desarrollo-sin-freno-en-la-amazonia","status":"publish","type":"post","link":"https:\/\/diariodominicano.com\/?p=36077","title":{"rendered":"La falacia del \u201cdesarrollo\u201d sin freno en la Amazonia"},"content":{"rendered":"<p><body><\/p>\n<p align=\"right\" class=\"text1noticias\">An\u00e1lisis Pol\u00edtico y  Social Nacional e Internacional<br \/>&#13;<br \/>\n  <br \/>&#13;<br \/>\n\u00a0\u00a0\u00a0\u00a0\u00a0\u00a0\u00a0\u00a0\u00a0\u00a0\u00a0\u00a0\u00a0\u00a0\u00a0\u00a0\u00a0\u00a0\u00a0\u00a0\u00a0\u00a0\u00a0\u00a0\u00a0\u00a0\u00a0\u00a0\u00a0\u00a0\u00a0\u00a0\u00a0\u00a0\u00a0\u00a0\u00a0\u00a0\u00a0\u00a0\u00a0\u00a0\u00a0\u00a0\u00a0\u00a0\u00a0\u00a0\u00a0\u00a0\u00a0\u00a0\u00a0\u00a0\u00a0\u00a0\u00a0\u00a0\u00a0\u00a0\u00a0\u00a0\u00a0\u00a0\u00a0\u00a0\u00a0\u00a0\u00a0\u00a0\u00a0\u00a0\u00a0\u00a0\u00a0\u00a0\u00a0\u00a0\u00a0\u00a0\u00a0\u00a0 De  Venezuela y el Resto del Mundo.<br \/>&#13;<br \/>\n<br \/>&#13;<br \/>\n\u00a0\u00a0\u00a0\u00a0\u00a0\u00a0\u00a0\u00a0\u00a0\u00a0\u00a0 Director:  Diego Olivera. Jefe de Redacci\u00f3n: Miguel Guaglianone<\/p>\n<p>&#13;<\/p>\n<p><span class=\"text1noticias\"><strong>Bar\u00f3metro Internacional<\/strong><br \/>&#13;<br \/>\n  <br \/>&#13;<br \/>\n  Brasil  <\/span><br \/>&#13;<br \/>\n  <br \/>&#13;<br \/>\n<strong class=\"titulogrande1\">La  falacia del \u201cdesarrollo\u201d sin freno en la Amazonia<\/strong><\/p>\n<p>&#13;<\/p>\n<p align=\"justify\" class=\"text1noticias\">Por Bruno Lima  Rocha (desde Porto Alegre)<\/p>\n<p>&#13;<\/p>\n<p align=\"justify\" class=\"text1noticias\"><img loading=\"lazy\" decoding=\"async\" src=\"http:\/\/10.0.0.82:8080\/img\/marina.jpg\" width=\"375\" height=\"482\" hspace=\"4\" align=\"left\" \/>La  salida de Marina Silva del Ministerio del Medio Ambiente de Brasil, militante  hist\u00f3rica del estado de Acre, contempor\u00e1nea de Chico Mendes, trajo al centro de  la atenci\u00f3n la cuesti\u00f3n llamada \u201cdesarrollo sustentable\u201d. El problema es  siempre analizado de forma parcial y desde el punto de vista \u201cecon\u00f3mico\u201d.<br \/>&#13;<br \/>\n  <br \/>  &#13;<br \/>\nSiguiendo una l\u00f3gica ilusoria de econom\u00eda pura, nada ser\u00eda m\u00e1s antiecon\u00f3mico  que la estupidez de proponer un crecimiento de las capacidades de producci\u00f3n y  de circulaci\u00f3n de riquezas y medios, sin un c\u00e1lculo de la longevidad de estos  mismos recursos.<\/p>\n<p>&#13;<\/p>\n<p align=\"justify\" class=\"text1noticias\">Se  aproxima el fin de la primera d\u00e9cada del siglo XXI sin solucionar  conceptualmente un problema estructural del Brasil y de toda la Amazonia. En el m\u00e1s  grande pa\u00eds latinoamericano, la legislaci\u00f3n m\u00e1s avanzada del mundo en defensa  del medio ambiente, se ve desprotegida frente a la furia \u201cdesarrollista\u201d. <br \/>&#13;<br \/>\n  <br \/>&#13;<br \/>\nEn  verdad, el avance de la frontera agr\u00edcola y exploratoria es una cuesti\u00f3n  ideol\u00f3gica de fondo.<br \/>&#13;<br \/>\n<br \/> &#13;<br \/>\nDerrumbar el \u00e1rbol de pie significa una fuente de riqueza  inmediata y un \u201cdesterritorializaci\u00f3n\u201d de los pueblos del \u201cbosque\u201d. Al final,  sin bosque, no existen los \u201cpueblos del bosque\u201d.<\/p>\n<p>&#13;<\/p>\n<p align=\"justify\" class=\"text1noticias\">El  problema es de fondo. M\u00e1s de la mitad del \u00e1rea agrocultivable en el pa\u00eds es  usada para la especulaci\u00f3n bovina. Con una medida de un buey adulto por  hect\u00e1rea, los latifundistas nacionales m\u00e1s improductivos juegan hoy en segundo  lugar en el juego del desbrozamiento. Al frente est\u00e1n los plantadores de soya,  apoyados en la falta de barreras arancelarias chinas, y todos regiamente  financiados por el Ministro de Agricultura, correligionario del ARENA (el  partido de sustentaci\u00f3n de la dictadura militar). Vale la pena recordar la  trayectoria pol\u00edtica del funcionario p\u00fablico del gobierno de Paran\u00e1, Reinhold  Stephanes, economista y militante hist\u00f3rico del mismo partido ARENA. Staphanes,  as\u00ed como otros colaboradores y operadores pol\u00edticos de la dictadura (como el  economista Delfim Netto) act\u00faan por dentro y por fuera del gobierno de Lu\u00eds  Ignacio (Lula) Da Silva, que para muestra fue puntero pol\u00edtico de Fernando  Enrique Cardoso en la campa\u00f1a de 1978.<\/p>\n<p>&#13;<\/p>\n<p align=\"justify\" class=\"text1noticias\">Esta  mara\u00f1a de capitulaciones de las metas hist\u00f3ricas de la izquierda ecol\u00f3gica y de  los pueblos del bosque refleja la barbarie conceptual aplicada por un gobierno  de \u201ccentro izquierda no clasista\u201d seg\u00fan los analistas neoliberales m\u00e1s l\u00facidos.  Esto porque en t\u00e9rminos econ\u00f3micos, el avance de la \u201cproducci\u00f3n\u201d en la Amazonia es absolutamente  IMPRODUCTIVO en el plazo de una o dos d\u00e9cadas. Pero eso poco importa para  aquellos que se regocijan con la falta de planeaci\u00f3n econ\u00f3mica y la ausencia de  estrategia y objetivos. Sin planificar dentro de un esquema l\u00f3gico y con metas  determinadas, cualquier t\u00e9rmino de \u201cplaneamiento estrat\u00e9gico\u201d no pasa de ser un  mal uso del concepto. En otras palabras, una mentira sistem\u00e1tica aplicada como  \u201cjustificaci\u00f3n intelectual\u201d.<\/p>\n<p>&#13;<\/p>\n<p align=\"justify\" class=\"text1noticias\">Un  \u201ccuello\u201d de desarrollo sustentable est\u00e1 a la orden del lenguaje. El arsenal de  aliados de Dilma Roussef (Primera Ministra y Jefa de la Casa Civil) y de Blairo  Maggi (Gobernador de Matto Grosso, el mayor plantador de soya en el mundo y  campe\u00f3n del desmantelamiento de la   Amazonia) utilizan eufemismos tales como: cuello energ\u00e9tico,  agilizaci\u00f3n de las licencias ambientales, destrabar a los sectores productivos  de la \u201cvigilancia de los eco-ladillas\u201d y otros t\u00e9rminos neoliberales en nombre  de un supuesto desarrollo. M\u00e1s que de sem\u00e1ntica, es una crisis de paradigma. Me  explico, no existe desarrollo posible sin el manejo racional de los recursos no  renovables. As\u00ed, o el desarrollo es sustentable, o no \u201cdesarrolla\u201d casi nada,  apenas extrae riqueza y destruye lo que tiene al frente.<\/p>\n<p>&#13;<\/p>\n<p align=\"justify\" class=\"text1noticias\">El  ex-guerrillero Carlos Minc tom\u00f3 la posta, asumiendo la defensa del medio  ambiente. No tengo duda alguna de que su presencia ser\u00e1 determinante, aunque no  tan leg\u00edtima en la Amazonia  como la de Marina Silva. La ex-militante del Acre dej\u00f3 el barco a la deriva y  navegando en aguas turbias. Qued\u00f3 en su trayectoria la quiebra de Ibama, el  asesinato de la monja Doroty Stang (misionera estadounidense radicada en Brasil  desde 1966, asesinada en la ciudad de Anapu, estado de Par\u00e1, el 15 de febrero  de 2005) y la s\u00faper exposici\u00f3n de un gobierno local como el de Par\u00e1, con Ana  Julia del PT, madereros, pistoleros (sicarios) y otros destacados \u201cagentes del  desarrollo econ\u00f3mico no-sustentable\u201d:<\/p>\n<p>&#13;<\/p>\n<p align=\"justify\" class=\"text1noticias\">El  absurdo es tan grande, que tenemos que debatir hasta la \u201csem\u00e1ntica  anti-ecol\u00f3gica\u201d. En ausencia de una pol\u00edtica p\u00fablica contundente, queda la  infelicidad de un debate est\u00e9ril. No existen atajos en pol\u00edtica, en cualquier  pol\u00edtica, incluyendo la pol\u00edtica ambiental. Cabe a los protagonistas de esta  novela escribir su destino, aunque muchas veces el lenguaje empleado sea de  violencia, como la acci\u00f3n de los pueblos originarios en la audiencia p\u00fablica de  Altamira, d\u00f3nde hirieron a golpes de machete a un ingeniero de Petrobr\u00e1s.<\/p>\n<p>&#13;<\/p>\n<p align=\"justify\" class=\"text1noticias\">Crean  que ese episodio volver\u00e1 a repetirse, tal como el embrollo de Roraima y la  posibilidad de una reserva del tama\u00f1o de un pa\u00eds y bajo sospecha de tener una  gesti\u00f3n internacionalizada. Repito nuevamente el concepto. La autonom\u00eda de los  pueblos originarios y el protagonismo ind\u00edgena deben ser prioritarios para  cualquier r\u00e9gimen que se presente como \u201cdemocr\u00e1tico\u201d. Cuando estos derechos no  sean protegidos por la v\u00eda legal, lo ser\u00e1n por v\u00eda de los hechos. Hasta porque  los \u201cagentes econ\u00f3micos\u201d operando en la Amazonia, no encuentran barreras de veto ni  represi\u00f3n estatal a la altura de los cr\u00edmenes cometidos por estos \u201cinmaculados  emprendedores\u201d.<br \/>&#13;<br \/>\n  \u00a0<br \/>&#13;<br \/>\n  E-mail: blimarocha@via-rs.net<\/p>\n<p>&#13;<\/p>\n<h6> 2008-05-28 02:32:44 <\/h6>\n<p><!--\n<link rel=\"stylesheet\" href=\"css\/bootstrap.min.css\">\n\n\n<ul class=\"pagination\">\n\t    \n\t\n\n<li >\n\t<a href='?page_no=11976'>Previous<\/a>\n\t<\/li>\n\n\n       \n    \n\n<li><a href='?page_no=1'>1<\/a><\/li>\n\n\n\n<li><a href='?page_no=2'>2<\/a><\/li>\n\n\n\n<li><a>...<\/a><\/li>\n\n\n\n<li><a href='?page_no=11975'>11975<\/a><\/li>\n\n\n\n<li><a href='?page_no=11976'>11976<\/a><\/li>\n\n\n\n<li class='active'><a>11977<\/a><\/li>\n\n\n\n<li><a href='?page_no=11978'>11978<\/a><\/li>\n\n\n\n<li><a href='?page_no=11979'>11979<\/a><\/li>\n\n\n\n<li><a>...<\/a><\/li>\n\n\n\n<li><a href='?page_no=13611'>13611<\/a><\/li>\n\n\n\n<li><a href='?page_no=13612'>13612<\/a><\/li>\n\n    \n\t\n\n<li >\n\t<a href='?page_no=11978'>Next<\/a>\n\t<\/li>\n\n\n    \n\n<li><a href='?page_no=13612'>Last &rsaquo;&rsaquo;<\/a><\/li>\n\n<\/ul>\n\n\n--><br \/>\n<\/body><\/p>\n","protected":false},"excerpt":{"rendered":"<p>An\u00e1lisis Pol\u00edtico y Social Nacional e Internacional&#13; &#13; \u00a0\u00a0\u00a0\u00a0\u00a0\u00a0\u00a0\u00a0\u00a0\u00a0\u00a0\u00a0\u00a0\u00a0\u00a0\u00a0\u00a0\u00a0\u00a0\u00a0\u00a0\u00a0\u00a0\u00a0\u00a0\u00a0\u00a0\u00a0\u00a0\u00a0\u00a0\u00a0\u00a0\u00a0\u00a0\u00a0\u00a0\u00a0\u00a0\u00a0\u00a0\u00a0\u00a0\u00a0\u00a0\u00a0\u00a0\u00a0\u00a0\u00a0\u00a0\u00a0\u00a0\u00a0\u00a0\u00a0\u00a0\u00a0\u00a0\u00a0\u00a0\u00a0\u00a0\u00a0\u00a0\u00a0\u00a0\u00a0\u00a0\u00a0\u00a0\u00a0\u00a0\u00a0\u00a0\u00a0\u00a0\u00a0\u00a0\u00a0\u00a0\u00a0 De Venezuela y el Resto del Mundo.&#13; &#13; \u00a0\u00a0\u00a0\u00a0\u00a0\u00a0\u00a0\u00a0\u00a0\u00a0\u00a0 Director: Diego Olivera. Jefe de Redacci\u00f3n: Miguel Guaglianone &#13; Bar\u00f3metro Internacional&#13; &#13; Brasil &#13; &#13; La falacia del \u201cdesarrollo\u201d sin freno en la Amazonia &#13; Por Bruno Lima Rocha (desde Porto Alegre) &#13; La salida de Marina [&hellip;]<\/p>\n","protected":false},"author":3,"featured_media":0,"comment_status":"open","ping_status":"open","sticky":false,"template":"","format":"standard","meta":{"footnotes":""},"categories":[16],"tags":[],"class_list":["post-36077","post","type-post","status-publish","format-standard","hentry","category-opiniones"],"_links":{"self":[{"href":"https:\/\/diariodominicano.com\/index.php?rest_route=\/wp\/v2\/posts\/36077","targetHints":{"allow":["GET"]}}],"collection":[{"href":"https:\/\/diariodominicano.com\/index.php?rest_route=\/wp\/v2\/posts"}],"about":[{"href":"https:\/\/diariodominicano.com\/index.php?rest_route=\/wp\/v2\/types\/post"}],"author":[{"embeddable":true,"href":"https:\/\/diariodominicano.com\/index.php?rest_route=\/wp\/v2\/users\/3"}],"replies":[{"embeddable":true,"href":"https:\/\/diariodominicano.com\/index.php?rest_route=%2Fwp%2Fv2%2Fcomments&post=36077"}],"version-history":[{"count":0,"href":"https:\/\/diariodominicano.com\/index.php?rest_route=\/wp\/v2\/posts\/36077\/revisions"}],"wp:attachment":[{"href":"https:\/\/diariodominicano.com\/index.php?rest_route=%2Fwp%2Fv2%2Fmedia&parent=36077"}],"wp:term":[{"taxonomy":"category","embeddable":true,"href":"https:\/\/diariodominicano.com\/index.php?rest_route=%2Fwp%2Fv2%2Fcategories&post=36077"},{"taxonomy":"post_tag","embeddable":true,"href":"https:\/\/diariodominicano.com\/index.php?rest_route=%2Fwp%2Fv2%2Ftags&post=36077"}],"curies":[{"name":"wp","href":"https:\/\/api.w.org\/{rel}","templated":true}]}}