{"id":36076,"date":"2008-05-28T02:37:51","date_gmt":"2008-05-28T02:37:51","guid":{"rendered":"http:\/\/diariodominicano.ddns.net\/?p=36076"},"modified":"2008-05-28T02:37:51","modified_gmt":"2008-05-28T02:37:51","slug":"nace-unasur","status":"publish","type":"post","link":"https:\/\/diariodominicano.com\/?p=36076","title":{"rendered":"Nace UNASUR"},"content":{"rendered":"<p><body><\/p>\n<p align=\"right\" class=\"text1noticias\">An\u00e1lisis Pol\u00edtico y  Social Nacional e Internacional<br \/>&#13;<br \/>\n  <br \/>&#13;<br \/>\n\u00a0\u00a0\u00a0\u00a0\u00a0\u00a0\u00a0\u00a0\u00a0\u00a0\u00a0\u00a0\u00a0\u00a0\u00a0\u00a0\u00a0\u00a0\u00a0\u00a0\u00a0\u00a0\u00a0\u00a0\u00a0\u00a0\u00a0\u00a0\u00a0\u00a0\u00a0\u00a0\u00a0\u00a0\u00a0\u00a0\u00a0\u00a0\u00a0\u00a0\u00a0\u00a0\u00a0\u00a0\u00a0\u00a0\u00a0\u00a0\u00a0\u00a0\u00a0\u00a0\u00a0\u00a0\u00a0\u00a0\u00a0\u00a0\u00a0\u00a0\u00a0\u00a0\u00a0\u00a0\u00a0\u00a0\u00a0\u00a0\u00a0\u00a0\u00a0\u00a0\u00a0\u00a0\u00a0\u00a0\u00a0\u00a0\u00a0\u00a0\u00a0\u00a0 De  Venezuela y el Resto del Mundo.<br \/>&#13;<br \/>\n<br \/>&#13;<br \/>\n\u00a0\u00a0\u00a0\u00a0\u00a0\u00a0\u00a0\u00a0\u00a0\u00a0\u00a0 Director:  Diego Olivera. Jefe de Redacci\u00f3n: Miguel Guaglianone<\/p>\n<p>&#13;<\/p>\n<p class=\"text1noticias\"><strong>Bar\u00f3metro Internacional <\/strong><br \/>&#13;<br \/>\n  <br \/>&#13;<br \/>\nUna cumbre en  la que Uribe no tuvo mucho que  hacer.<\/p>\n<p>&#13;<\/p>\n<p class=\"titulogrande1\"><strong>Nace UNASUR <\/strong><\/p>\n<p>&#13;<\/p>\n<p align=\"justify\"><strong class=\"text1noticias\">Por  Roberto Romero<\/strong><br \/>&#13;<br \/>\n  <br \/>&#13;<br \/>\n    <span class=\"text1noticias\"><img loading=\"lazy\" decoding=\"async\" src=\"http:\/\/10.0.0.82:8080\/img\/unasur.jpg\" width=\"375\" height=\"375\" hspace=\"4\" align=\"left\" \/>En  el largo camino de Am\u00e9rica Latina en defensa de la soberan\u00eda y en v\u00edsperas de  los 200 a\u00f1os del grito de independencia en toda la regi\u00f3n, la \u00faltima cumbre de  presidentes apunta a sentar las bases de la integraci\u00f3n sin Estados Unidos. <br \/>&#13;<br \/>\n    <br \/>&#13;<br \/>\n    Se  trata en verdad de un hecho hist\u00f3rico.<br \/>&#13;<br \/>\n    <br \/> &#13;<br \/>\n    Este 23 de mayo, los jefes de Estado de  12 naciones firmaron en Brasilia el Acuerdo Constitutivo de la Uni\u00f3n de Naciones  Suram\u00e9ricanas UNASUR, cuyas bases se vienen estableciendo desde 2004 a instancias de  Venezuela, Uruguay, Argentina, Brasil, Bolivia y Ecuador y que deja atr\u00e1s la  inoperante Comunidad Suramericana de Naciones. <br \/>&#13;<br \/>\n    <br \/>&#13;<br \/>\n    Sus  \u00e1reas de acci\u00f3n, definidas en la   Cumbre de Brasilia del 30 de septiembre de 2005, son el  di\u00e1logo pol\u00edtico, la integraci\u00f3n f\u00edsica, el medio ambiente, la integraci\u00f3n energ\u00e9tica,  los mecanismos financieros suramericanos, las asimetr\u00eda, la promoci\u00f3n de la  cohesi\u00f3n social, la inclusi\u00f3n social, la justicia social y las  telecomunicaciones. Y una alianza militar sin EE.UU.&#13;<br \/>\n    <!--  D([\"mb\",\"u003c\/fontu003eu003c\/pu003en      u003cpu003eu003cfont faceu003d\"Arial, Helvetica, sans-serif\" sizeu003d\"2\"u003ePero ser&iacute;a en la I n      Cumbre Energ&eacute;tica Suramericana en Isla de Margarita, Venezuela, el 16 de n      abril de 2007, y llamada por el presidente Ch&aacute;vez u0026quot;la cumbre perfectau0026quot; por n      sus determinaciones concretas en el camino de la integraci&oacute;n, la que n      pusiera las bases definitivas para UNASUR. All&iacute; se acord&oacute; encaminarse n      hacia la cumbre de jefes de Estado done se firmar&iacute;a el tratado final, n      fij&aacute;ndose a Colombia como el pa&iacute;s anfitri&oacute;n y a realizarse en diciembre de n      2007. u003c\/fontu003eu003c\/pu003en      u003cpu003eu003cfont faceu003d\"Georgia, Times New Roman, Times, serif\" sizeu003d\"3\"u003eu003cbu003eUribe da n      largas u003c\/bu003eu003c\/fontu003eu003cbu003eu003cfont faceu003d\"Georgia, Times New Roman, Times, serif\" sizeu003d\"3\"u003eu003c\/fontu003eu003c\/bu003eu003c\/pu003eu003c\/tdu003eu003c\/tru003en  u003ctru003en    u003ctd colspanu003d\"2\" heightu003d\"2\"u003en      u003cpu003eu003cfont faceu003d\"Arial, Helvetica, sans-serif\" sizeu003d\"2\"u003eVendr&iacute;an entonces los n      tires y aflojes de la Casa de Nari&ntilde;o. Aplaz&oacute; la cita de diciembre y una n      posterior en enero. La situaci&oacute;n se hizo tan insostenible que el canciller n      venezolano, Nicol&aacute;s Maduro, exigi&oacute; el 19 de enero u0026quot;que se le ponga fecha n      de manera inmediata a la cumbre presidencial de pa&iacute;ses de Suram&eacute;ricau0026quot;, n      a&ntilde;adiendo que la cita deb&iacute;a haberse establecido desde hace bastantes n      semanas, u0026quot;pero se ha ido corriendo la arruga y ha habido varios n      aplazamientosu0026quot;. u003c\/fontu003eu003c\/pu003en      u003cpu003eu003cfont faceu003d\"Arial, Helvetica, sans-serif\" sizeu003d\"2\"u003eMaduro opin&oacute; que esa n      indefinici&oacute;n u0026quot;tiene que ver con intentos para que UNASUR no avance. Estos n      proyectos siempre tienen obst&aacute;culos en quienes no creen en la uni&oacute;n de n      Suram&eacute;rica porque siguen pensando que el futuro del continente es ser n      vasallos de los intereses del poder norteamericanou0026quot;. El presidente Ch&aacute;vez n      fue m&aacute;s directo se&ntilde;alando que Uribe le pone obst&aacute;culos a la reuni&oacute;n por n      orden de Washington. u003c\/fontu003eu003c\/pu003en      u003cpu003eu003cfont faceu003d\"Arial, Helvetica, sans-serif\" sizeu003d\"2\"u003ePosteriormente la n      canciller&iacute;a colombiana fijo el encuentro para el 28 y 29 de marzo en n      Cartagena. Pero la agresi&oacute;n al Ecuador enturbi&oacute; de nuevo el ambiente. n      Brasil, entonces, movi&oacute; todos sus hilos para salvar la iniciativa logrando n      un consenso para reunir a los 12 presidentes de Suram&eacute;rica este 23 de n      mayo. \",1]  );    \/\/-->&#13;<br \/>\n    <br \/>&#13;<br \/>\n    <br \/>&#13;<br \/>\n    Pero  ser\u00eda en la I Cumbre  Energ\u00e9tica Suramericana en Isla de Margarita, Venezuela, el 16 de abril de  2007, y llamada por el presidente Ch\u00e1vez \u00abla cumbre perfecta\u00bb por sus  determinaciones concretas en el camino de la integraci\u00f3n, la que pusiera las  bases definitivas para UNASUR. All\u00ed se acord\u00f3 encaminarse hacia la cumbre de  jefes de Estado done se firmar\u00eda el tratado final, fij\u00e1ndose a Colombia como el  pa\u00eds anfitri\u00f3n y a realizarse en diciembre de 2007. <br \/>&#13;<br \/>\n    <br \/>&#13;<br \/>\n    <strong>Uribe da largas.<\/strong> <br \/>&#13;<br \/>\n    <br \/>&#13;<br \/>\n  Vendr\u00edan  entonces los tires y aflojes de la   Casa de Nari\u00f1o. Aplaz\u00f3 la cita de diciembre y una posterior  en enero. La situaci\u00f3n se hizo tan insostenible que el canciller venezolano,  Nicol\u00e1s Maduro, exigi\u00f3 el 19 de enero \u00abque se le ponga fecha de manera  inmediata a la cumbre presidencial de pa\u00edses de Suram\u00e9rica\u00bb, a\u00f1adiendo que  la cita deb\u00eda haberse establecido desde hace bastantes semanas, \u00abpero se  ha ido corriendo la arruga y ha habido varios aplazamientos\u00bb.<\/span><\/p>\n<p>&#13;<\/p>\n<p align=\"justify\" class=\"text1noticias\">Maduro  opin\u00f3 que esa indefinici\u00f3n \u00abtiene que ver con intentos para que UNASUR no  avance. Estos proyectos siempre tienen obst\u00e1culos en quienes no creen en la  uni\u00f3n de Suram\u00e9rica porque siguen pensando que el futuro del continente es ser  vasallos de los intereses del poder norteamericano\u00bb. El presidente Ch\u00e1vez  fue m\u00e1s directo se\u00f1alando que Uribe le pone obst\u00e1culos a la reuni\u00f3n por orden de  Washington. <br \/>&#13;<br \/>\n  <br \/>&#13;<br \/>\n  Posteriormente  la canciller\u00eda colombiana fijo el encuentro para el 28 y 29 de marzo en  Cartagena. Pero la agresi\u00f3n al Ecuador enturbi\u00f3 de nuevo el ambiente. Brasil,  entonces, movi\u00f3 todos sus hilos para salvar la iniciativa logrando un consenso  para reunir a los 12 presidentes de Suram\u00e9rica este 23 de mayo.&#13;<br \/>\n  <!--  D([\"mb\",\"u003c\/fontu003eu003c\/pu003en      u003cpu003eu003cfont faceu003d\"Arial, Helvetica, sans-serif\" sizeu003d\"2\"u003eAm&eacute;rica del Sur es una n      regi&oacute;n que presenta un enorme potencial. Posee una extensi&oacute;n de 17.6 n      millones de km2. La diversidad de su territorio abriga ecosistemas n      diversos, como el Caribe, la Amazonia, la Cordillera andina, el Pantanal, n      la Pampa, el Cerrado o las regiones heladas del sur del continente. Su n      poblaci&oacute;n es de 377 millones de habitantes y su producto bruto interno es n      de US$ 1,5 bill&oacute;n. u003c\/fontu003eu003c\/pu003en      u003cpu003eu003cfont faceu003d\"Arial, Helvetica, sans-serif\" sizeu003d\"2\"u003eAdem&aacute;s, la regi&oacute;n es n      fundamental para el futuro de la humanidad pues posee abundantes recursos n      energ&eacute;ticos renovables y no renovables, grandes reservas minerales, n      significativos manantiales de agua, un enorme potencial de producci&oacute;n de n      alimentos y riqu&iacute;sima biodiversidad. Dispone adem&aacute;s de un importante y n      diversificado parque industrial, universidades y centros de investigaci&oacute;n n      cient&iacute;fica y tecnol&oacute;gica de excelencia. Qu&eacute; duda cabe, entonces, que las n      potencias y en especial, EE.UU., se aferren a extender su dominio en la n      regi&oacute;n. u003c\/fontu003eu003c\/pu003en      u003cpu003eu003cfont faceu003d\"Georgia, Times New Roman, Times, serif\" sizeu003d\"3\"u003eu003cbu003eLa OEA no n      da la talla u003c\/bu003eu003c\/fontu003eu003c\/pu003eu003c\/tdu003eu003c\/tru003en  u003ctru003en    u003ctd colspanu003d\"2\" heightu003d\"2\"u003en      u003cpu003eu003cfont faceu003d\"Arial, Helvetica, sans-serif\" sizeu003d\"2\"u003ePor otra parte, no han n      sido pocos los intentos en el pasado por afianzar la independencia n      org&aacute;nica de Am&eacute;rica Latina. Pero la coyunda norteamericana ha terminado n      por imponerse atando los destinos de estos pueblos a los dictados de n      Norteam&eacute;rica. Por eso es dif&iacute;cil entender que no exista en el continente n      una organizaci&oacute;n que agrupe a todos los pa&iacute;ses latinoamericanos y a trav&eacute;s n      de ella, resuelva sus problemas pol&iacute;ticos, econ&oacute;micos, sociales y de n      defensa, diametralmente opuestos a los intereses de Washington. nu003c\/fontu003eu003c\/pu003en      u003cpu003eu003cfont faceu003d\"Arial, Helvetica, sans-serif\" sizeu003d\"2\"u003eLa Organizaci&oacute;n de n      Estados Americanos OEA, no ha sido el foro apropiado para que los pueblos n      hermanos del hemisferio puedan dialogar y entenderse. All&iacute; siempre ha n      primado el ruido del m&aacute;s fuerte, que orquestado por gobiernos cipayos, n      hist&oacute;ricamente ha conducido a la OEA a ponerse de espaldas a la realidad. n      \",1]  );    \/\/-->&#13;<br \/>\n  <br \/>&#13;<br \/>\n  <br \/>&#13;<br \/>\n  Am\u00e9rica  del Sur es una regi\u00f3n que presenta un enorme potencial. Posee una extensi\u00f3n de  17.6 millones de km2. La diversidad de su territorio abriga ecosistemas  diversos, como el Caribe, la   Amazonia, la   Cordillera andina, el Pantanal, la Pampa, el Cerrado o las  regiones heladas del sur del continente. Su poblaci\u00f3n es de 377 millones de  habitantes y su producto bruto interno es de US$ 1,5 bill\u00f3n. <br \/>&#13;<br \/>\n  <br \/>&#13;<br \/>\n  Adem\u00e1s,  la regi\u00f3n es fundamental para el futuro de la humanidad pues posee abundantes  recursos energ\u00e9ticos renovables y no renovables, grandes reservas minerales,  significativos manantiales de agua, un enorme potencial de producci\u00f3n de  alimentos y riqu\u00edsima biodiversidad. Dispone adem\u00e1s de un importante y diversificado  parque industrial, universidades y centros de investigaci\u00f3n cient\u00edfica y  tecnol\u00f3gica de excelencia. Qu\u00e9 duda cabe, entonces, que las potencias y en  especial, EE.UU., se aferren a extender su dominio en la regi\u00f3n.<br \/>&#13;<br \/>\n  <br \/>&#13;<br \/>\n  <strong>La OEA no da la talla. <\/strong> <br \/>&#13;<br \/>\n  <br \/>&#13;<br \/>\n  Por  otra parte, no han sido pocos los intentos en el pasado por afianzar la  independencia org\u00e1nica de Am\u00e9rica Latina. Pero la coyunda norteamericana ha  terminado por imponerse atando los destinos de estos pueblos a los dictados de  Norteam\u00e9rica. Por eso es dif\u00edcil entender que no exista en el continente una  organizaci\u00f3n que agrupe a todos los pa\u00edses latinoamericanos y a trav\u00e9s de ella,  resuelva sus problemas pol\u00edticos, econ\u00f3micos, sociales y de defensa,  diametralmente opuestos a los intereses de Washington. <br \/>&#13;<br \/>\n  <br \/>&#13;<br \/>\n  La Organizaci\u00f3n de Estados Americanos OEA, no ha sido  el foro apropiado para que los pueblos hermanos del hemisferio puedan dialogar  y entenderse. All\u00ed siempre ha primado el ruido del m\u00e1s fuerte, que orquestado  por gobiernos cipayos, hist\u00f3ricamente ha conducido a la OEA a ponerse de espaldas a la  realidad.&#13;<br \/>\n  <!--  D([\"mb\",\"u003c\/fontu003eu003c\/pu003en      u003cpu003eu003cfont faceu003d\"Arial, Helvetica, sans-serif\" sizeu003d\"2\"u003eBaste recordar algunos n      casos protuberantes. Frente las agresiones armadas de EE.UU. en Rep&uacute;blica n      Dominicana, en 1963 y Panam&aacute;, 1989, la OEA escogi&oacute; el camino de la n      complicidad criminal y abandon&oacute; a la Argentina, cuando en un gesto de n      soberan&iacute;a, retom&oacute; las Islas Malvinas en manos inglesas. u003c\/fontu003eu003c\/pu003en      u003cpu003eu003cfont faceu003d\"Arial, Helvetica, sans-serif\" sizeu003d\"2\"u003eY m&aacute;s recientemente, n      fue incapaz de condenar a Colombia por el ataque a Ecuador como lo exig&iacute;a n      dignamente el pa&iacute;s agredido. Lo que conllev&oacute; a que resonara nuevamente la n      necesidad de una organizaci&oacute;n de Estados latinoamericanos. u003c\/fontu003eu003c\/pu003en      u003cpu003eu003cfont faceu003d\"Georgia, Times New Roman, Times, serif\" sizeu003d\"3\"u003eu003cbu003eIntegraci&oacute;n militar sin USA u003c\/bu003eu003c\/fontu003eu003c\/pu003eu003c\/tdu003eu003c\/tru003en  u003ctru003en    u003ctd colspanu003d\"2\" heightu003d\"2\"u003en      u003cpu003eu003cfont faceu003d\"Arial, Helvetica, sans-serif\" sizeu003d\"2\"u003ePunto crucial de la n      cumbre fundacional de UNASUR ser&aacute; sin duda la creaci&oacute;n de un Consejo n      Suramericano de Defensa, en momentos en que Estados Unidos decide n      restablecer la IV flota militar en los mares de Am&eacute;rica Latina y que n      entrar&aacute; a operar plenamente en julio pr&oacute;ximo. Dicha flota naci&oacute; en 1943, n      durante Segunda Guerra Mundial, para reforzar la defensa del continente n      contra ataques de aviones y submarinos alemanes y japoneses, pero fue n      disuelta cinco a&ntilde;os despu&eacute;s de terminado el conflicto. u003c\/fontu003eu003c\/pu003en      u003cpu003eu003cfont faceu003d\"Arial, Helvetica, sans-serif\" sizeu003d\"2\"u003eEl ministro brasile&ntilde;o n      de Defensa, Nelson Jobim, autor de la iniciativa y que en las &uacute;ltimas n      semanas visit&oacute; todos los pa&iacute;ses suramericanos para exponer la propuesta de n      integraci&oacute;n militar, ya anticip&oacute; que el presidente Lula da Silva someter&aacute; n      la propuesta a los dem&aacute;s jefes de Estado UNASUR. El Consejo Suramericano n      de Defensa, seg&uacute;n lo concibe Brasil, no supone una alianza militar n      convencional, como la Organizaci&oacute;n del Tratado del Atl&aacute;ntico Norte (OTAN), n      sino un foro para promover el di&aacute;logo entre los ministerios de Defensa de n      la regi&oacute;n. \",1]  );    \/\/-->&#13;<br \/>\n  <br \/>&#13;<br \/>\n  <br \/>&#13;<br \/>\n  Baste  recordar algunos casos protuberantes. Frente las agresiones armadas de EE.UU.  en Rep\u00fablica Dominicana, en 1963 y Panam\u00e1, 1989, la OEA escogi\u00f3 el camino de la  complicidad criminal y abandon\u00f3 a la Argentina, cuando en un gesto de soberan\u00eda,  retom\u00f3 las Islas Malvinas en manos inglesas. <br \/>&#13;<br \/>\n  <br \/>&#13;<br \/>\n  Y  m\u00e1s recientemente, fue incapaz de condenar a Colombia por el ataque a Ecuador  como lo exig\u00eda dignamente el pa\u00eds agredido. Lo que conllev\u00f3 a que resonara  nuevamente la necesidad de una organizaci\u00f3n de Estados latinoamericanos.<br \/>&#13;<br \/>\n  <br \/>&#13;<br \/>\n  <strong>Integraci\u00f3n militar sin  USA. <\/strong> <br \/>&#13;<br \/>\n  <br \/>&#13;<br \/>\n  Punto  crucial de la cumbre fundacional de UNASUR fue sin duda la creaci\u00f3n de un  Consejo Suramericano de Defensa, en momentos en que Estados Unidos decide  restablecer la IV  flota militar en los mares de Am\u00e9rica Latina y que entrar\u00e1 a operar plenamente  en julio pr\u00f3ximo. Dicha flota naci\u00f3 en 1943, durante Segunda Guerra Mundial,  para reforzar la defensa del continente contra ataques de aviones y submarinos  alemanes y japoneses, pero fue disuelta cinco a\u00f1os despu\u00e9s de terminado el  conflicto.<br \/>&#13;<br \/>\n  <br \/>&#13;<br \/>\n  El  ministro brasile\u00f1o de Defensa, Nelson Jobim, autor de la iniciativa y que en  las \u00faltimas semanas visit\u00f3 todos los pa\u00edses suramericanos para exponer la propuesta  de integraci\u00f3n militar. El Consejo Suramericano de Defensa, seg\u00fan lo concibe  Brasil, no supone una alianza militar convencional, como la Organizaci\u00f3n del  Tratado del Atl\u00e1ntico Norte (OTAN), sino un foro para promover el di\u00e1logo entre  los ministerios de Defensa de la regi\u00f3n.&#13;<br \/>\n  <!--  D([\"mb\",\"u003c\/fontu003eu003c\/pu003en      u003cpu003eu003cfont faceu003d\"Arial, Helvetica, sans-serif\" sizeu003d\"2\"u003eLa propuesta es crear n      un mecanismo de integraci&oacute;n que permita discutir las realidades y n      necesidades de Defensa de los pa&iacute;ses suramericanos; reducir los conflictos n      y desconfianzas, y sentar las bases para la futura formulaci&oacute;n de una n      pol&iacute;tica com&uacute;n de Defensa. u003c\/fontu003eu003c\/pu003en      u003cpu003eu003cfont faceu003d\"Arial, Helvetica, sans-serif\" sizeu003d\"2\"u003eJobim, al ser n      interrogado por el secretario de defensa norteamericano sobre qu&eacute; pudieran n      hacer los EE.UU. frente a la creaci&oacute;n del comando de defensa suramericano, n      contest&oacute; sin pesta&ntilde;ear: u0026quot;mantenerse a distanciau0026quot;. u003c\/fontu003eu003c\/pu003en      u003cpu003eu003cfont faceu003d\"Arial, Helvetica, sans-serif\" sizeu003d\"2\"u003eEl mecanismo, seg&uacute;n el n      ministro, puede garantizar la estabilidad en una regi&oacute;n codiciada por sus n      importantes reservas de agua, recursos energ&eacute;ticos y alimentos, as&iacute; como n      u0026quot;preveniru0026quot; situaciones como la crisis provocada por la reciente incursi&oacute;n n      de tropas de Colombia en territorio ecuatoriano. u003c\/fontu003eu003c\/pu003en      u003cpu003eu003cfont faceu003d\"Arial, Helvetica, sans-serif\" sizeu003d\"2\"u003eEn cuanto a la n      receptividad de la idea, Jobim dijo que ha recibido respuestas entusiastas n      de pa&iacute;ses como Venezuela, Ecuador y Chile, especialmente de los n      presidentes Hugo Ch&aacute;vez y Michele Bachelet, pero tambi&eacute;n dudas de otros. n      u003c\/fontu003eu003c\/pu003en      u003cpu003eu003cfont faceu003d\"Georgia, Times New Roman, Times, serif\" sizeu003d\"3\"u003eu003cbu003eLas n      cautelas de Uribe suenan a rechazo u003c\/bu003eu003c\/fontu003eu003c\/pu003eu003c\/tdu003eu003c\/tru003en  u003ctru003en    u003ctd colspanu003d\"2\" heightu003d\"2\"u003en      u003cpu003eu003cfont faceu003d\"Arial, Helvetica, sans-serif\" sizeu003d\"2\"u003eIndic&oacute; que el n      presidente de Colombia, &Aacute;lvaro Uribe, aunque fue u0026quot;muy cautelosou0026quot;, u0026quot;no n      rechaz&oacute; propuestau0026quot; y prometi&oacute; u0026quot;estudiarla detenidamenteu0026quot;, y agreg&oacute; que el n      pa&iacute;s andino tiene que tener en cuenta de que podr&iacute;a quedar aislado. n      u003c\/fontu003eu003c\/pu003en      u003cpu003eu003cfont faceu003d\"Arial, Helvetica, sans-serif\" sizeu003d\"2\"u003eLa presencia de Uribe, n      quien decidi&oacute; asistir a &uacute;ltima hora a la cumbre, quiz&aacute; para no deso&iacute;r el n      consejo de Jobim, va a ser muy inc&oacute;moda, sobre todo de cara a la creaci&oacute;n n      de este mecanismo de defensa. Prefiere mantenerse en la OEA y echar mano n      al desprestigiado Tratado Interamericano de Asistencia Rec&iacute;proca TIAR, n      creado en 1947, fruto de la guerra fr&iacute;a y al que M&eacute;xico renunci&oacute; en n      septiembre de 2002 sin que otras naciones siguieran el sabio paso. n      \",1]  );    \/\/-->&#13;<br \/>\n  <br \/>&#13;<br \/>\n  <br \/>&#13;<br \/>\n  La  propuesta es crear un mecanismo de integraci\u00f3n que permita discutir las  realidades y necesidades de Defensa de los pa\u00edses suramericanos; reducir los  conflictos y desconfianzas, y sentar las bases para la futura formulaci\u00f3n de  una pol\u00edtica com\u00fan de Defensa. <br \/>&#13;<br \/>\n  <br \/>&#13;<br \/>\n  Jobim,  al ser interrogado por el secretario de defensa norteamericano sobre qu\u00e9  pudieran hacer los EE.UU. frente a la creaci\u00f3n del comando de defensa  suramericano, contest\u00f3 sin pesta\u00f1ear: \u00abmantenerse a distancia\u00bb. <br \/>&#13;<br \/>\n  <br \/>&#13;<br \/>\n  El  mecanismo, seg\u00fan el ministro, puede garantizar la estabilidad en una regi\u00f3n  codiciada por sus importantes reservas de agua, recursos energ\u00e9ticos y  alimentos, as\u00ed como \u00abprevenir\u00bb situaciones como la crisis provocada  por la reciente incursi\u00f3n de tropas de Colombia en territorio ecuatoriano. <br \/>&#13;<br \/>\n  <br \/>&#13;<br \/>\n  En  cuanto a la receptividad de la idea, Jobim dijo que ha recibido respuestas  entusiastas de pa\u00edses como Venezuela, Ecuador y Chile, especialmente de los  presidentes Hugo Ch\u00e1vez y Michele Bachelet, pero tambi\u00e9n dudas de otros.<br \/>&#13;<br \/>\n  <br \/>&#13;<br \/>\n  Presentada  la propuesta brasilera por parte del presidente Lula da Silva la cumbre decidi\u00f3  la creaci\u00f3n de una comisi\u00f3n multilateral, para ajustar a un consenso de  criterios entre todos los pa\u00edses miembros de tan importante iniciativa. Esta  comisi\u00f3n debe elaborar en 90 d\u00edas un informe a ser presentado a la  consideraci\u00f3n de la pr\u00f3xima reuni\u00f3n de la UNASUR, para tomar la decisi\u00f3n de la creaci\u00f3n  del\u00a0 Consejo Suramericano de Defensa.<\/p>\n<p>&#13;<\/p>\n<p align=\"justify\" class=\"text1noticias\"><strong>Las cautelas de Uribe  suenan a rechazo. <\/strong> <br \/>&#13;<br \/>\n  <br \/>&#13;<br \/>\n  Antes  de llegar a la cumbre, el presidente de Colombia, \u00c1lvaro Uribe, aunque fue  \u00abmuy cauteloso\u00bb, \u00abno rechaz\u00f3 propuesta\u00bb y prometi\u00f3  \u00abestudiarla detenidamente\u00bb, y agreg\u00f3 que el pa\u00eds andino tiene que  tener en cuenta de que podr\u00eda quedar aislado. <br \/>&#13;<br \/>\n  <br \/>&#13;<br \/>\n  La  presencia de Uribe, quien decidi\u00f3 asistir a \u00faltima hora a la cumbre, quiz\u00e1 para  no deso\u00edr el consejo de Jobim, fue muy inc\u00f3moda, sobre todo de cara a la  creaci\u00f3n de este mecanismo de defensa. Prefiere mantenerse en la OEA y echar mano al  desprestigiado Tratado Interamericano de Asistencia Rec\u00edproca TIAR, creado en  1947, fruto de la guerra fr\u00eda y al que M\u00e9xico renunci\u00f3 en septiembre de 2002  sin que otras naciones siguieran el sabio paso.&#13;<br \/>\n  <!--  D([\"mb\",\"u003c\/fontu003eu003c\/pu003en      u003cpu003eu003cfont faceu003d\"Arial, Helvetica, sans-serif\" sizeu003d\"2\"u003eEn una entrevista n      publicada por The Miami Herald, el 22 de septiembre de 2002, apenas se n      conoci&oacute; la decisi&oacute;n azteca, Uribe consider&oacute; necesario modernizar el TIAR, n      centr&aacute;ndolo en la lucha contra el terrorismo y el narcotr&aacute;fico, ya que, n      seg&uacute;n su punto de vista, la mayor amenaza para la regi&oacute;n es en la n      actualidad la violenta oposici&oacute;n interna. u003c\/fontu003eu003c\/pu003en      u003cpu003eu003cfont faceu003d\"Arial, Helvetica, sans-serif\" sizeu003d\"2\"u003eDos a&ntilde;os m&aacute;s tarde, el n      19 de noviembre de 2004 en Quito, en la VI Conferencia de ministros de n      defensa de las Am&eacute;ricas, que cont&oacute; con presencia del secretario n      norteamericano Donald Rumsfeld, el mismo que dirigi&oacute; la invasi&oacute;n a Irak, n      Jorge Alberto Uribe, ministro de defensa de Colombia, retom&oacute; la iniciativa n      de su mentor cosechando el mayor aislamiento en un foro de esa naturaleza. n      u003c\/fontu003eu003c\/pu003en      u003cpu003eu003cfont faceu003d\"Arial, Helvetica, sans-serif\" sizeu003d\"2\"u003eLos ministros evitaron n      que EE.UU. y Colombia impusieran el criterio de convertir al continente en n      un bloque antiterrorista con el aporte militar de todos los pa&iacute;ses. Y n      menos tuvo eco la propuesta de Uribe de confeccionar una lista de n      organizaciones terroristas de la regi&oacute;n que deb&iacute;an ser combatidas con el n      esfuerzo militar conjunto. u003c\/fontu003eu003c\/pu003en      u003cpu003eu003cfont faceu003d\"Arial, Helvetica, sans-serif\" sizeu003d\"2\"u003eBrasil, y que hay que n      ver ahora como un antecedente de su actual iniciativa, se&ntilde;al&oacute; en aquella n      ocasi&oacute;n a trav&eacute;s de su vicepresidente, Jos&eacute; Alencar, que u0026quot;las Fuerzas n      Armadas no pueden cambiar su papel constitucional de defensa de la n      soberan&iacute;a para dedicarse al combate al terrorismo y los il&iacute;citos n      transnacionales como el narcotr&aacute;fico. u0026quot;Es necesario que se mantenga el n      derecho de cada Estado de identificar sus prioridadesu0026quot;, recalc&oacute;. n      u003c\/fontu003eu003c\/pu003en      u003cpu003eu003cfont faceu003d\"Arial, Helvetica, sans-serif\" sizeu003d\"2\"u003e&iquest;Qu&eacute; va hacer Uribe en n      la cumbre de UNASUR cuando se fije el punto en cuesti&oacute;n y cuando acaba de n      expresar el 21 de mayo que no descarta que la base militar norteamericana n      de Manta, Ecuador, se traslade a Colombia, corroborando lo que afirmara el n      embajador de EE.UU. en Bogot&aacute; hace un par de semanas en el mismo sentido? n      \",1]  );    \/\/-->&#13;<br \/>\n  <br \/>&#13;<br \/>\n  <br \/>&#13;<br \/>\n  En  una entrevista publicada por The Miami Herald, el 22 de septiembre de 2002,  apenas se conoci\u00f3 la decisi\u00f3n azteca, Uribe consider\u00f3 necesario modernizar el  TIAR, centr\u00e1ndolo en la lucha contra el terrorismo y el narcotr\u00e1fico, ya que,  seg\u00fan su punto de vista, la mayor amenaza para la regi\u00f3n es en la actualidad la  violenta oposici\u00f3n interna. <br \/>&#13;<br \/>\n  <br \/>&#13;<br \/>\n  Dos  a\u00f1os m\u00e1s tarde, el 19 de noviembre de 2004 en Quito, en la VI Conferencia de  ministros de defensa de las Am\u00e9ricas, que cont\u00f3 con presencia del secretario  norteamericano Donald Rumsfeld, el mismo que dirigi\u00f3 la invasi\u00f3n a Irak, Jorge  Alberto Uribe, ministro de defensa de Colombia, retom\u00f3 la iniciativa de su  mentor cosechando el mayor aislamiento en un foro de esa naturaleza. <br \/>&#13;<br \/>\n  <br \/>&#13;<br \/>\n  Los  ministros evitaron que EE.UU. y Colombia impusieran el criterio de convertir al  continente en un bloque antiterrorista con el aporte militar de todos los  pa\u00edses. Y menos tuvo eco la propuesta de Uribe de confeccionar una lista de  organizaciones terroristas de la regi\u00f3n que deb\u00edan ser combatidas con el  esfuerzo militar conjunto. <br \/>&#13;<br \/>\n  <br \/>&#13;<br \/>\n  Brasil,  y que hay que ver ahora como un antecedente de su actual iniciativa, se\u00f1al\u00f3 en  aquella ocasi\u00f3n a trav\u00e9s de su vicepresidente, Jos\u00e9 Alencar, que \u00ablas  Fuerzas Armadas no pueden cambiar su papel constitucional de defensa de la  soberan\u00eda para dedicarse al combate al terrorismo y los il\u00edcitos  transnacionales como el narcotr\u00e1fico. \u00abEs necesario que se mantenga el  derecho de cada Estado de identificar sus prioridades\u00bb, recalc\u00f3. <br \/>&#13;<br \/>\n  <br \/>&#13;<br \/>\n\u00bfQu\u00e9  va hacer Uribe en la pr\u00f3xima cumbre de UNASUR cuando se fije el punto en  cuesti\u00f3n y cuando acaba de expresar el 21 de mayo que no descarta que la base  militar norteamericana de Manta, Ecuador, se traslade a Colombia, corroborando  lo que afirmara el embajador de EE.UU. en Bogot\u00e1 hace un par de semanas en el  mismo sentido?.&#13;<br \/>\n<!--  D([\"mb\",\"u003c\/fontu003eu003c\/pu003en      u003cpu003eu003cfont faceu003d\"Arial, Helvetica, sans-serif\" sizeu003d\"2\"u003e&iquest;Pondr&aacute; su firma en un n      tratado que descarta totalmente una alianza militar sin EE.UU., que ha n      puesto todos sus ojos para el dominio en la regi&oacute;n a trav&eacute;s del Plan n      Colombia, y con una u0026quot;ayudau0026quot; militar pasa en la &uacute;ltima d&eacute;cada de los 6.000 n      millones de d&oacute;lares? u003c\/fontu003eu003c\/pu003en      u003cpu003eu003cfont faceu003d\"Arial, Helvetica, sans-serif\" sizeu003d\"2\"u003e&iquest;Y qu&eacute; va hacer Uribe, n      signatario del acuerdo, con el millar de asesores y militares n      norteamericanos que se mueven como Pedro por su casa en bases y n      guarniciones de Colombia sabiendo que el eje doctrinal expuesto por n      Brasil, con el respaldo casi un&aacute;nime de las canciller&iacute;as de Suram&eacute;rica, no n      es integrar las fuerzas armadas de los dos pa&iacute;ses, sino de converger en n      una estrategia defensiva regional com&uacute;n, que tiene como uno de sus n      principales objetivos mantener a los militares de EEUU fuera de la regi&oacute;n? n      u003c\/fontu003eu003c\/pu003en      u003cpu003eu003cfont faceu003d\"Arial, Helvetica, sans-serif\" sizeu003d\"2\"u003ePues tom&oacute; el atajo del n      aislamiento. Un d&iacute;a antes de viajar a una cumbre donde no ser&aacute; arte ni n      parte, declar&oacute; que Colombia no integrar&aacute; el Consejo Suramericano de n      Defensa, ni tampoco asumir&aacute; la Presidencia de ese bloque regional, como n      estaba previsto. Y pensar que el inefable Jos&eacute; Obdulio, el a&ntilde;o pasado lo n      catalogaba a Uribe como el principal l&iacute;der de Am&eacute;rica Latina. u003c\/fontu003eu003c\/pu003en      u003cpu003eu003cfont faceu003d\"Arial, Helvetica, sans-serif\" sizeu003d\"2\"u003eSin embargo, no n      pondr&iacute;a obst&aacute;culos a la instalaci&oacute;n de una base militar estadounidense en n      su territorio, si Washington lo requiere para u0026quot;derrotar el narcotr&aacute;ficou0026quot;. n      u003c\/fontu003eu003c\/pu003en      u003cpu003eu003cfont faceu003d\"Arial, Helvetica, sans-serif\" sizeu003d\"2\"u003eu0026quot;Colombia tiene n      dificultades para participaru0026quot;, justific&oacute;. u0026quot;Colombia, en las presentes n      circunstancias tiene que dejar unos puntos de vista claros y no es el n      momento para que Colombia participe en esa oficina de seguridadu0026quot;, asever&oacute; n      el mandatario. Prefiere no enemistarse con Washington y seguir recibiendo n      sus generosas d&aacute;divas. \",1]  );    \/\/--><br \/>&#13;<br \/>\n  <br \/>&#13;<br \/>\n\u00bfPondr\u00e1  su firma en un tratado que descarta totalmente una alianza militar sin EE.UU.,  que ha puesto todos sus ojos para el dominio en la regi\u00f3n a trav\u00e9s del Plan  Colombia, y con una \u00abayuda\u00bb militar pasa en la \u00faltima d\u00e9cada de los  6.000 millones de d\u00f3lares?. <br \/>&#13;<br \/>\n<br \/>&#13;<br \/>\n\u00bfY  qu\u00e9 va hacer Uribe, signatario del acuerdo, con el millar de asesores y  militares norteamericanos que se mueven como Pedro por su casa en bases y  guarniciones de Colombia sabiendo que el eje doctrinal expuesto por Brasil, con  el respaldo casi un\u00e1nime de las canciller\u00edas de Suram\u00e9rica, no es integrar las  fuerzas armadas de los dos pa\u00edses, sino de converger en una estrategia  defensiva regional com\u00fan, que tiene como uno de sus principales objetivos  mantener a los militares de EEUU fuera de la regi\u00f3n? <br \/>&#13;<br \/>\n<br \/>&#13;<br \/>\nPues  tom\u00f3 el atajo del aislamiento. Un d\u00eda antes de viajar a una cumbre donde no fue  arte ni parte, declar\u00f3 que Colombia no integrar\u00eda el Consejo Suramericano de  Defensa, ni tampoco asumir\u00e1 la   Presidencia de ese bloque regional, como estaba previsto. Ante  la propuesta brasilera, declar\u00f3 en la cumbre que le gustar\u00eda, en caso que se  formara este Consejo Suramericano de Defensa, que reconociera en sus criterios  la necesidad de calificar como \u201cterroristas\u201d a todo grupo armado que intente  derrocar a los gobiernos democr\u00e1ticos constituidos. Mostrando de esta manera su  resistencia a la creaci\u00f3n del organismo.<br \/>&#13;<br \/>\n<br \/>&#13;<br \/>\nSin  embargo, no pondr\u00eda obst\u00e1culos a la instalaci\u00f3n de una base militar  estadounidense en su territorio, si Washington lo requiere para \u00abderrotar  el narcotr\u00e1fico\u00bb. <br \/>&#13;<br \/>\n<br \/>&#13;<br \/>\n\u00abColombia  tiene dificultades para participar\u00bb, justific\u00f3. \u00abColombia, en las  presentes circunstancias tiene que dejar unos puntos de vista claros y no es el  momento para que Colombia participe en esa oficina de seguridad\u00bb, asever\u00f3  el mandatario. Prefiere no enemistarse con Washington y seguir recibiendo sus  generosas d\u00e1divas.&#13;<br \/>\n<!--  D([\"mb\",\"u003c\/fontu003eu003c\/pu003en      u003cpu003eu003cfont faceu003d\"Arial, Helvetica, sans-serif\" sizeu003d\"2\"u003eColombia, el primer n      ej&eacute;rcito de la regi&oacute;n, por su tropa y flota de helic&oacute;pteros, con m&aacute;s de n      400 mil hombres en armas y el mayor presupuesto de guerra del mundo per n      c&aacute;pita, &iquest;har&aacute; parte de un consenso que va contra su propia doctrina n      guerrerista, reafirmada tras vulnerar la soberan&iacute;a de otros Estado, --el n      territorio ecuatoriano-- con el argumento de u0026quot;actuar en de defensa propiau0026quot; n      y solo respaldado por Washington, que salv&oacute; su voto en la OEA cuando n      rechaz&oacute; la agresi&oacute;n? u003c\/fontu003eu003c\/pu003en      u003cpu003eu003cfont faceu003d\"Arial, Helvetica, sans-serif\" sizeu003d\"2\"u003eNo hay duda que la n      propuesta brasile&ntilde;a, que tom&oacute; forma a ra&iacute;z de la agresi&oacute;n colombiana a n      Ecuador, apunta a aislar a&uacute;n m&aacute;s a Uribe sabiendo que as&iacute; se golpea los n      intereses norteamericanos en la regi&oacute;n. Sin dejar de lado que Brasil, como n      principal proveedor de aviones de guerra en Am&eacute;rica Latina, afianza su n      jugoso mercado. Acaba de firmar un contrato para la venta de 24 Tucanos a n      Ecuador y no tardar&aacute; de desenvolatar la venta de naves de guerra a n      Venezuela superando el boicot de Washington. u003c\/fontu003eu003c\/pu003en      u003cpu003eu003cfont faceu003d\"Arial, Helvetica, sans-serif\" sizeu003d\"2\"u003eEn todo caso, la n      iniciativa de Jobim, en cierta forma le da carne y hueso a la propuesta n      reciente de Ch&aacute;vez de formar un Consejo de Defensa y Fuerzas Militares de n      la Alternativa Bolivariana para los Pueblos de nuestra Am&eacute;rica ALBA y que n      solo recibiera el espaldarazo de Nicaragua. u003c\/fontu003eu003c\/pu003en      u003cpu003eu003cfont faceu003d\"Arial, Helvetica, sans-serif\" sizeu003d\"2\"u003eCon la ventaja de que n      ya no se trata del u0026quot;ineludibleu0026quot; debate sobre el problema de la defensa n      colectiva de los pa&iacute;ses de la regi&oacute;n, de cara a los cambios estructurales n      que se est&aacute;n dando, sino la expresi&oacute;n concreta de afianzar por primera vez n      en Am&eacute;rica Latina un mecanismo de protecci&oacute;n que disuada, e incluso n      rechace, a la potencia imperial de intervenir en sus asuntos soberanos. n      \",1]  );    \/\/-->&#13;<br \/>\n  <br \/>&#13;<br \/>\n  <br \/>&#13;<br \/>\n  Colombia,  el primer ej\u00e9rcito de la regi\u00f3n, por su tropa y flota de helic\u00f3pteros, con m\u00e1s  de 400 mil hombres en armas y el mayor presupuesto de guerra del mundo per  c\u00e1pita, \u00bfhar\u00e1 parte de un consenso que va contra su propia doctrina  guerrerista, reafirmada tras vulnerar la soberan\u00eda de otro Estado &#8211;el  territorio ecuatoriano&#8211; con el argumento de \u00abactuar en de defensa  propia\u00bb y solo respaldado por Washington, que salv\u00f3 su voto en la OEA cuando rechaz\u00f3 la  agresi\u00f3n? <br \/>&#13;<br \/>\n  <br \/>&#13;<br \/>\n  No  hay duda que la propuesta brasile\u00f1a, que tom\u00f3 forma a ra\u00edz de la agresi\u00f3n  colombiana a Ecuador, apunta a aislar a\u00fan m\u00e1s a Uribe sabiendo que as\u00ed se  golpea los intereses norteamericanos en la regi\u00f3n.<br \/>&#13;<br \/>\n  <br \/> &#13;<br \/>\n  Sin dejar de lado que  Brasil, como principal proveedor de aviones de guerra en Am\u00e9rica Latina,  afianza su jugoso mercado. Acaba de firmar un contrato para la venta de 24  Tucanos a Ecuador y no tardar\u00e1 de destrabar la venta de naves de guerra a  Venezuela superando el boicot de Washington. <br \/>&#13;<br \/>\n  <br \/>&#13;<br \/>\n  En  todo caso, la iniciativa de Jobim, propuesta por Lula, en cierta forma le da  carne y hueso a la propuesta reciente de Ch\u00e1vez de formar un Consejo de Defensa  y Fuerzas Militares de la Alternativa Bolivariana para los Pueblos de  nuestra Am\u00e9rica ALBA y que solo recibiera el espaldarazo de Nicaragua. <br \/>&#13;<br \/>\n  <br \/>&#13;<br \/>\n  Con la ventaja de que ya no se trata del \u00abineludible\u00bb  debate sobre el problema de la defensa colectiva de los pa\u00edses de la regi\u00f3n, de  cara a los cambios estructurales que se est\u00e1n dando, sino la expresi\u00f3n concreta  de afianzar por primera vez en Am\u00e9rica Latina un mecanismo de protecci\u00f3n que  disuada, e incluso rechace, a la potencia imperial de intervenir en sus asuntos  soberanos. <\/p>\n<p>&#13;<\/p>\n<h6> 2008-05-28 02:37:51 <\/h6>\n<p><!--\n<link rel=\"stylesheet\" href=\"css\/bootstrap.min.css\">\n\n\n<ul class=\"pagination\">\n\t    \n\t\n\n<li >\n\t<a href='?page_no=11975'>Previous<\/a>\n\t<\/li>\n\n\n       \n    \n\n<li><a href='?page_no=1'>1<\/a><\/li>\n\n\n\n<li><a href='?page_no=2'>2<\/a><\/li>\n\n\n\n<li><a>...<\/a><\/li>\n\n\n\n<li><a href='?page_no=11974'>11974<\/a><\/li>\n\n\n\n<li><a href='?page_no=11975'>11975<\/a><\/li>\n\n\n\n<li class='active'><a>11976<\/a><\/li>\n\n\n\n<li><a href='?page_no=11977'>11977<\/a><\/li>\n\n\n\n<li><a href='?page_no=11978'>11978<\/a><\/li>\n\n\n\n<li><a>...<\/a><\/li>\n\n\n\n<li><a href='?page_no=13611'>13611<\/a><\/li>\n\n\n\n<li><a href='?page_no=13612'>13612<\/a><\/li>\n\n    \n\t\n\n<li >\n\t<a href='?page_no=11977'>Next<\/a>\n\t<\/li>\n\n\n    \n\n<li><a href='?page_no=13612'>Last &rsaquo;&rsaquo;<\/a><\/li>\n\n<\/ul>\n\n\n--><br \/>\n<\/body><\/p>\n","protected":false},"excerpt":{"rendered":"<p>An\u00e1lisis Pol\u00edtico y Social Nacional e Internacional&#13; &#13; \u00a0\u00a0\u00a0\u00a0\u00a0\u00a0\u00a0\u00a0\u00a0\u00a0\u00a0\u00a0\u00a0\u00a0\u00a0\u00a0\u00a0\u00a0\u00a0\u00a0\u00a0\u00a0\u00a0\u00a0\u00a0\u00a0\u00a0\u00a0\u00a0\u00a0\u00a0\u00a0\u00a0\u00a0\u00a0\u00a0\u00a0\u00a0\u00a0\u00a0\u00a0\u00a0\u00a0\u00a0\u00a0\u00a0\u00a0\u00a0\u00a0\u00a0\u00a0\u00a0\u00a0\u00a0\u00a0\u00a0\u00a0\u00a0\u00a0\u00a0\u00a0\u00a0\u00a0\u00a0\u00a0\u00a0\u00a0\u00a0\u00a0\u00a0\u00a0\u00a0\u00a0\u00a0\u00a0\u00a0\u00a0\u00a0\u00a0\u00a0\u00a0\u00a0 De Venezuela y el Resto del Mundo.&#13; &#13; \u00a0\u00a0\u00a0\u00a0\u00a0\u00a0\u00a0\u00a0\u00a0\u00a0\u00a0 Director: Diego Olivera. Jefe de Redacci\u00f3n: Miguel Guaglianone &#13; Bar\u00f3metro Internacional &#13; &#13; Una cumbre en la que Uribe no tuvo mucho que hacer. &#13; Nace UNASUR &#13; Por Roberto Romero&#13; &#13; En el largo camino de [&hellip;]<\/p>\n","protected":false},"author":3,"featured_media":0,"comment_status":"open","ping_status":"open","sticky":false,"template":"","format":"standard","meta":{"footnotes":""},"categories":[16],"tags":[],"class_list":["post-36076","post","type-post","status-publish","format-standard","hentry","category-opiniones"],"_links":{"self":[{"href":"https:\/\/diariodominicano.com\/index.php?rest_route=\/wp\/v2\/posts\/36076","targetHints":{"allow":["GET"]}}],"collection":[{"href":"https:\/\/diariodominicano.com\/index.php?rest_route=\/wp\/v2\/posts"}],"about":[{"href":"https:\/\/diariodominicano.com\/index.php?rest_route=\/wp\/v2\/types\/post"}],"author":[{"embeddable":true,"href":"https:\/\/diariodominicano.com\/index.php?rest_route=\/wp\/v2\/users\/3"}],"replies":[{"embeddable":true,"href":"https:\/\/diariodominicano.com\/index.php?rest_route=%2Fwp%2Fv2%2Fcomments&post=36076"}],"version-history":[{"count":0,"href":"https:\/\/diariodominicano.com\/index.php?rest_route=\/wp\/v2\/posts\/36076\/revisions"}],"wp:attachment":[{"href":"https:\/\/diariodominicano.com\/index.php?rest_route=%2Fwp%2Fv2%2Fmedia&parent=36076"}],"wp:term":[{"taxonomy":"category","embeddable":true,"href":"https:\/\/diariodominicano.com\/index.php?rest_route=%2Fwp%2Fv2%2Fcategories&post=36076"},{"taxonomy":"post_tag","embeddable":true,"href":"https:\/\/diariodominicano.com\/index.php?rest_route=%2Fwp%2Fv2%2Ftags&post=36076"}],"curies":[{"name":"wp","href":"https:\/\/api.w.org\/{rel}","templated":true}]}}