{"id":36073,"date":"2008-05-28T02:51:34","date_gmt":"2008-05-28T02:51:34","guid":{"rendered":"http:\/\/diariodominicano.ddns.net\/?p=36073"},"modified":"2008-05-28T02:51:34","modified_gmt":"2008-05-28T02:51:34","slug":"italia-el-pais-del-desamparo","status":"publish","type":"post","link":"https:\/\/diariodominicano.com\/?p=36073","title":{"rendered":"Italia: el pa\u00eds del desamparo"},"content":{"rendered":"<p><body><\/p>\n<p align=\"right\" class=\"text1noticias\">An\u00e1lisis Pol\u00edtico y  Social Nacional e Internacional<br \/>&#13;<br \/>\n  <br \/>&#13;<br \/>\n\u00a0\u00a0\u00a0\u00a0\u00a0\u00a0\u00a0\u00a0\u00a0\u00a0\u00a0\u00a0\u00a0\u00a0\u00a0\u00a0\u00a0\u00a0\u00a0\u00a0\u00a0\u00a0\u00a0\u00a0\u00a0\u00a0\u00a0\u00a0\u00a0\u00a0\u00a0\u00a0\u00a0\u00a0\u00a0\u00a0\u00a0\u00a0\u00a0\u00a0\u00a0\u00a0\u00a0\u00a0\u00a0\u00a0\u00a0\u00a0\u00a0\u00a0\u00a0\u00a0\u00a0\u00a0\u00a0\u00a0\u00a0\u00a0\u00a0\u00a0\u00a0\u00a0\u00a0\u00a0\u00a0\u00a0\u00a0\u00a0\u00a0\u00a0\u00a0\u00a0\u00a0\u00a0\u00a0\u00a0\u00a0\u00a0\u00a0\u00a0\u00a0\u00a0 De  Venezuela y el Resto del Mundo.<br \/>&#13;<br \/>\n<br \/>&#13;<br \/>\n\u00a0\u00a0\u00a0\u00a0\u00a0\u00a0\u00a0\u00a0\u00a0\u00a0\u00a0 Director:  Diego Olivera. Jefe de Redacci\u00f3n: Miguel Guaglianone<\/p>\n<p>&#13;<\/p>\n<h1 class=\"text1noticias\"><span class=\"text1noticias\"><strong>Bar\u00f3metro Internacional <\/strong><\/span><br \/>&#13;<br \/>\n  <br \/>&#13;<br \/>\nPersecuci\u00f3n  a inmigrantes.<\/h1>\n<p>&#13;<\/p>\n<h1 class=\"titulogrande1\">Italia: el pa\u00eds del desamparo <\/h1>\n<p>&#13;<\/p>\n<p align=\"justify\" class=\"text1noticias\">Gennaro Carotenuto (desde Roma)<\/p>\n<p>&#13;<\/p>\n<p align=\"justify\" class=\"text1noticias\"><img loading=\"lazy\" decoding=\"async\" src=\"http:\/\/10.0.0.82:8080\/img\/desamparo.jpg\" width=\"375\" height=\"418\" hspace=\"4\" align=\"left\" \/>En Italia, con apoyo masivo, el gobierno de Berlusconi  lanza una brutal campa\u00f1a contra la inmigraci\u00f3n \u201cilegal\u201d y coloca en el \u00edndex a  rumanos y gitanos. Hubo pogromos en zonas pobres del pa\u00eds. En Iowa, Estados  Unidos, con la bendici\u00f3n de la poblaci\u00f3n local, se produjo la mayor redada en  a\u00f1os contra inmigrantes latinos. En M\u00e9xico se caza a los centroamericanos, y en  Sud\u00e1frica a los inmigrantes tambi\u00e9n negros de Zimbabue\u2026 En todos lados, pobres  contra pobres. <\/p>\n<p>&#13;<\/p>\n<p align=\"justify\" class=\"text1noticias\">El inicio del nuevo gobierno de Silvio  Berlusconi es peor que las peores pesadillas. Los medios soplan sobre el fuego  e instan al racismo, especialmente contra gitanos y rumanos. Desde hoy, tras la  aprobaci\u00f3n de una nueva ley de inmigraci\u00f3n, m\u00e1s de 630 mil extranjeros podr\u00edan  ir presos.<\/p>\n<p>&#13;<\/p>\n<p align=\"justify\" class=\"text1noticias\">En el pa\u00eds que pobl\u00f3 varios  continentes, enviando a decenas de millones de hambrientos a encontrar pan,  techo y trabajo desde Montevideo a Londres, desde Nueva York a Melbourne, nadie  quiere a los extranjeros. <\/p>\n<p>&#13;<\/p>\n<p align=\"justify\" class=\"text1noticias\">Lo atestiguan al menos dos  acontecimientos producidos en estos d\u00edas. Por un lado, el hecho de que la  primera medida del nuevo gobierno de derecha presidido por Silvio Berlusconi es  la invenci\u00f3n del hasta ahora inexistente (y probablemente inaplicable) crimen  de ingreso ilegal al pa\u00eds. Desde la publicaci\u00f3n en la gaceta oficial de la  nueva ley, impulsada por el ministro del Interior, Roberto Maroni, de la Liga Norte, entre 600  mil y 700 mil personas que se calcula viven y trabajan en Italia indocumentadas  podr\u00edan simplemente ir presas hasta por cuatro a\u00f1os. Un disparate que, si  llegara a ser aplicado, cuadruplicar\u00eda la poblaci\u00f3n carcelaria del pa\u00eds,  sancionando a las v\u00edctimas de empresarios inescrupulosos que prefieren  contratar mano de obra barata en negro, o a los que se toparon con las  complicaciones de leyes estrictas y paralizantes aprobadas en las \u00faltimas dos  d\u00e9cadas, que nunca intentaron regular la inmigraci\u00f3n y siempre buscaron  limitarla y penalizarla, obligando a menudo a los inmigrantes a la  clandestinidad. Estas leyes son tan discriminatorias que, por ejemplo, un ni\u00f1o  nacido en Italia de una pareja inmigrante regularmente establecida no s\u00f3lo no  es italiano, sino que al cumplir 18 a\u00f1os pierde su derecho de residencia en el  pa\u00eds y hasta podr\u00eda ir preso. Esta disposici\u00f3n integraba el programa con el  cual la derecha gan\u00f3 las elecciones los pasados 12 y 13 de abril. <\/p>\n<p>&#13;<\/p>\n<p align=\"justify\" class=\"text1noticias\"><strong>Gitanos  en la mira.<\/strong><\/p>\n<p>&#13;<\/p>\n<p align=\"justify\" class=\"text1noticias\">El segundo problema son las campa\u00f1as  de odio lanzadas contra los rom (gitanos). Se trata de unas pocas decenas de  miles de personas que por lo general viven aqu\u00ed desde hace d\u00e9cadas, en condiciones  mucho peores que las que encuentran en otros pa\u00edses de la Uni\u00f3n Europea. Cada  tanto a los rom se los criminaliza y se los acusa de cr\u00edmenes como el rapto de  ni\u00f1os, que jam\u00e1s han podido ser probados en ning\u00fan tribunal nacional. Producto  de una convivencia dif\u00edcil, fricciones o incidentes, se ha llegado a una locura  sancionatoria por la cual el derecho de los gitanos a ser respetados como seres  humanos pasa a un segundo plano, frente a una opini\u00f3n p\u00fablica sensible a las  campa\u00f1as emprendidas por los medios de comunicaci\u00f3n masivos. <\/p>\n<p>&#13;<\/p>\n<p align=\"justify\" class=\"text1noticias\">Tanto antes de las elecciones como  despu\u00e9s ha habido verdaderos pogromos que s\u00f3lo por casualidad no se han cobrado  vidas. Cuando en la regi\u00f3n de las Marcas, una de las m\u00e1s tranquilas de Italia,  un chico rom borracho atropell\u00f3 con un cami\u00f3n a cuatro j\u00f3venes, todo el pueblo  quem\u00f3 el campamento donde los rom viv\u00edan. Luego de que un delincuente rumano  violara y asesinara a una mujer en Roma, se levant\u00f3 una campa\u00f1a de rechazo sin  precedentes, no en protesta por el crimen sino gen\u00e9ricamente contra los  rumanos. La semana pasada, despu\u00e9s de que una chica rom de 16 a\u00f1os fuera  arrestada tras un intento de robo en un barrio pobre de las afueras de N\u00e1poles,  una muchedumbre quem\u00f3 el campamento donde viv\u00eda y exigi\u00f3 la expulsi\u00f3n de los rom.  A la chica la acusaban tambi\u00e9n de haber querido secuestrar a un ni\u00f1o que viv\u00eda  en la casa asaltada. \u201cEs normal que la gente est\u00e9 enojada e intente hacerse  justicia\u201d, repiten los medios hasta la saciedad.<\/p>\n<p>&#13;<\/p>\n<p align=\"justify\" class=\"text1noticias\">Para el gobierno, todos los problemas  que aquejan al pa\u00eds tienen que ver con la seguridad: es un problema de  seguridad la inmigraci\u00f3n, pero tambi\u00e9n la recolecci\u00f3n de residuos (N\u00e1poles est\u00e1  hoy cubierta de basura como consecuencia de una huelga). El primer Consejo de  Ministros de la nueva era Berlusconi transform\u00f3 los vertederos de residuos en  zonas militares, y quienes se arriesguen a protestar en sus innmediaciones  (muchos de estos dep\u00f3sitos fueron o ser\u00e1n instalados contra la voluntad de la  poblaci\u00f3n local) pueden ser arrestados como culpables del delito de violaci\u00f3n  de zona militar.<\/p>\n<p>&#13;<\/p>\n<p align=\"justify\" class=\"text1noticias\"><strong>\u00a1Hay  que echarlos! <\/strong><\/p>\n<p>&#13;<\/p>\n<p align=\"justify\" class=\"text1noticias\">Los dif\u00edciles problemas de convivencia  e integraci\u00f3n que en Par\u00eds o en Madrid, en Berl\u00edn o en Ginebra parecen tener  soluci\u00f3n, en Italia no: los pol\u00edticos no quieren solucionarlos, para mantener  abierta una cuesti\u00f3n que por un lado crea consenso y por el otro lo destruye.  Crea por derecha, destruye por izquierda. Los italianos, apabullados,  aterrorizados, desinformados por el sistema medi\u00e1tico, fueron convencidos de  que los inmigrantes son el problema, y la represi\u00f3n y expulsi\u00f3n masiva la  respuesta m\u00e1s adecuada. Un sondeo del diario La Repubblica de la pasada  semana fue bien representativo en ese sentido: para el 68 por ciento de los  italianos la mejor soluci\u00f3n al \u201cproblema gitano\u201d ser\u00eda la expulsi\u00f3n masiva. No  importa que sean o no culpables de los delitos de que se los acusa, no importa  qu\u00e9 pase con ellos despu\u00e9s.<\/p>\n<p>&#13;<\/p>\n<p align=\"justify\" class=\"text1noticias\">La primera conclusi\u00f3n que se podr\u00eda  sacar de este sondeo es que seguramente pocos de ese 68 por ciento de italianos  se cruz\u00f3 con un gitano en su vida, puesto que \u00e9stos viven sobre todo  concentrados en las periferias de las metr\u00f3polis. La segunda es que quienes  defienden \u201csoluciones\u201d xen\u00f3fobas trascienden al electorado de Berlusconi, que  no supera el 47 por ciento. Planteado de esta manera, el problema no son los  gitanos, sino los italianos y su p\u00e9rdida de cultura c\u00edvica y conciencia  pol\u00edtica y social, un proceso que los llev\u00f3 a elegir nuevamente como jefe de  gobierno a un Berlusconi que no oculta su entorno de mafiosos, fascistas,  corruptos y modelos guap\u00edsimas inventadas como ministras para alimentar el  show.<\/p>\n<p>&#13;<\/p>\n<p align=\"justify\" class=\"text1noticias\">Durante a\u00f1os, en la \u00e9poca de la  \u201cguerra al terrorismo\u201d (otra campa\u00f1a de desinformaci\u00f3n ahora moment\u00e1neamente  dejada de lado), los inmigrantes problem\u00e1ticos eran los musulmanes. Hab\u00eda que prohibir  la construcci\u00f3n de mezquitas, impedir la libertad de culto, porque ser devoto  de Al\u00e1 y pretender rezar mirando hacia la Meca equival\u00eda a ser terrorista. Mejor ser\u00eda,  dec\u00edan obispos y cardenales, que los inmigrantes fueran cristianos (polacos,  latinoamericanos, rumanos). Ahora, v\u00edctimas de otra campa\u00f1a medi\u00e1tica, los  cristianos rumanos concentran el grueso del odio, aun siendo ya ciudadanos de la Uni\u00f3n Europea y  gozando en principio del derecho a la libertad de circulaci\u00f3n y de residencia.  El italiano de cultura media no sabe distinguir entre rom y rumanos, no sabe  que es mentira que los gitanos roben ni\u00f1os o que todos los \u00edndices de  microcriminalidad italianos son m\u00e1s bajos que en los dem\u00e1s pa\u00edses occidentales.  Vive en el terror fomentado por la tev\u00e9. Y vota a la derecha. <\/p>\n<p>&#13;<\/p>\n<p align=\"justify\" class=\"text1noticias\">E-mail: posta@gennarocarotenuto.it<\/p>\n<p>&#13;<\/p>\n<h6> 2008-05-28 02:51:34 <\/h6>\n<p><!--\n<link rel=\"stylesheet\" href=\"css\/bootstrap.min.css\">\n\n\n<ul class=\"pagination\">\n\t    \n\t\n\n<li >\n\t<a href='?page_no=11972'>Previous<\/a>\n\t<\/li>\n\n\n       \n    \n\n<li><a href='?page_no=1'>1<\/a><\/li>\n\n\n\n<li><a href='?page_no=2'>2<\/a><\/li>\n\n\n\n<li><a>...<\/a><\/li>\n\n\n\n<li><a href='?page_no=11971'>11971<\/a><\/li>\n\n\n\n<li><a href='?page_no=11972'>11972<\/a><\/li>\n\n\n\n<li class='active'><a>11973<\/a><\/li>\n\n\n\n<li><a href='?page_no=11974'>11974<\/a><\/li>\n\n\n\n<li><a href='?page_no=11975'>11975<\/a><\/li>\n\n\n\n<li><a>...<\/a><\/li>\n\n\n\n<li><a href='?page_no=13611'>13611<\/a><\/li>\n\n\n\n<li><a href='?page_no=13612'>13612<\/a><\/li>\n\n    \n\t\n\n<li >\n\t<a href='?page_no=11974'>Next<\/a>\n\t<\/li>\n\n\n    \n\n<li><a href='?page_no=13612'>Last &rsaquo;&rsaquo;<\/a><\/li>\n\n<\/ul>\n\n\n--><br \/>\n<\/body><\/p>\n","protected":false},"excerpt":{"rendered":"<p>An\u00e1lisis Pol\u00edtico y Social Nacional e Internacional&#13; &#13; \u00a0\u00a0\u00a0\u00a0\u00a0\u00a0\u00a0\u00a0\u00a0\u00a0\u00a0\u00a0\u00a0\u00a0\u00a0\u00a0\u00a0\u00a0\u00a0\u00a0\u00a0\u00a0\u00a0\u00a0\u00a0\u00a0\u00a0\u00a0\u00a0\u00a0\u00a0\u00a0\u00a0\u00a0\u00a0\u00a0\u00a0\u00a0\u00a0\u00a0\u00a0\u00a0\u00a0\u00a0\u00a0\u00a0\u00a0\u00a0\u00a0\u00a0\u00a0\u00a0\u00a0\u00a0\u00a0\u00a0\u00a0\u00a0\u00a0\u00a0\u00a0\u00a0\u00a0\u00a0\u00a0\u00a0\u00a0\u00a0\u00a0\u00a0\u00a0\u00a0\u00a0\u00a0\u00a0\u00a0\u00a0\u00a0\u00a0\u00a0\u00a0\u00a0 De Venezuela y el Resto del Mundo.&#13; &#13; \u00a0\u00a0\u00a0\u00a0\u00a0\u00a0\u00a0\u00a0\u00a0\u00a0\u00a0 Director: Diego Olivera. Jefe de Redacci\u00f3n: Miguel Guaglianone &#13; Bar\u00f3metro Internacional &#13; &#13; Persecuci\u00f3n a inmigrantes. &#13; Italia: el pa\u00eds del desamparo &#13; Gennaro Carotenuto (desde Roma) &#13; En Italia, con apoyo masivo, el gobierno de Berlusconi [&hellip;]<\/p>\n","protected":false},"author":3,"featured_media":0,"comment_status":"open","ping_status":"open","sticky":false,"template":"","format":"standard","meta":{"footnotes":""},"categories":[16],"tags":[],"class_list":["post-36073","post","type-post","status-publish","format-standard","hentry","category-opiniones"],"_links":{"self":[{"href":"https:\/\/diariodominicano.com\/index.php?rest_route=\/wp\/v2\/posts\/36073","targetHints":{"allow":["GET"]}}],"collection":[{"href":"https:\/\/diariodominicano.com\/index.php?rest_route=\/wp\/v2\/posts"}],"about":[{"href":"https:\/\/diariodominicano.com\/index.php?rest_route=\/wp\/v2\/types\/post"}],"author":[{"embeddable":true,"href":"https:\/\/diariodominicano.com\/index.php?rest_route=\/wp\/v2\/users\/3"}],"replies":[{"embeddable":true,"href":"https:\/\/diariodominicano.com\/index.php?rest_route=%2Fwp%2Fv2%2Fcomments&post=36073"}],"version-history":[{"count":0,"href":"https:\/\/diariodominicano.com\/index.php?rest_route=\/wp\/v2\/posts\/36073\/revisions"}],"wp:attachment":[{"href":"https:\/\/diariodominicano.com\/index.php?rest_route=%2Fwp%2Fv2%2Fmedia&parent=36073"}],"wp:term":[{"taxonomy":"category","embeddable":true,"href":"https:\/\/diariodominicano.com\/index.php?rest_route=%2Fwp%2Fv2%2Fcategories&post=36073"},{"taxonomy":"post_tag","embeddable":true,"href":"https:\/\/diariodominicano.com\/index.php?rest_route=%2Fwp%2Fv2%2Ftags&post=36073"}],"curies":[{"name":"wp","href":"https:\/\/api.w.org\/{rel}","templated":true}]}}