{"id":36072,"date":"2008-05-29T02:21:11","date_gmt":"2008-05-29T02:21:11","guid":{"rendered":"http:\/\/diariodominicano.ddns.net\/?p=36072"},"modified":"2008-05-29T02:21:11","modified_gmt":"2008-05-29T02:21:11","slug":"el-tiro-rapido-246","status":"publish","type":"post","link":"https:\/\/diariodominicano.com\/?p=36072","title":{"rendered":"EL TIRO R\u00c1PIDO"},"content":{"rendered":"<p><body><\/p>\n<p align=\"center\"><span class=\"titulogrande1\">EL TIRO R\u00c1PIDO<\/span><br \/>&#13;<br \/>\n  <br \/>&#13;<br \/>\n    <strong>de<\/strong><br \/>&#13;<br \/>\n  <br \/>&#13;<br \/>\n  <span class=\"textogrande\">Mario Rivadulla<\/span><\/p>\n<p>&#13;<\/p>\n<p align=\"justify\" class=\"text1noticias\">A  no dudarlo, en la cargad\u00ecsima agenda de problemas a los que hoy se enfrenta el  pa\u00ecs, el alza desenfrenada del petr\u00f3leo, y por consiguiente de todos los  combustibles derivados, constituye el m\u00e0s apremiante, agobiante y costoso reto.  Cada d\u00f2lar que sube el petr\u00f3leo en el mercado internacional hace subir tambi\u00e8n  de manera muy significativa el monto de la factura que debemos pagar por la  importaci\u00f3n del crudo, que ya va camino de los cinco mil millones de d\u00f2lares en  el supuesto de que detenga su desbocada carrera en la franja de los ciento  cuarenta el barril.\u00a0 Pero adem\u00e0s, tiene  un valor de multiplicaci\u00f3n negativa por cuanto afecta los costos de la  industria, el comercio, los servicios p\u00f9blicos, el manejo del Estado y el presupuesto  de cada hogar.<\/p>\n<p>&#13;<\/p>\n<p align=\"justify\" class=\"text1noticias\">De  ah\u00ec, la importancia de la reuni\u00f2n anunciada para el pr\u00f2ximo jueves en el  Palacio Nacional encabezada por el Presidente Leonel Fern\u00e0ndez con la  participaci\u00f3n de los respectivos integrantes de los gabinetes econ\u00f2mico y  energ\u00e8tico de su gobierno.\u00a0 En ella, se  adelanta, ser\u00e0n puestas a discusi\u00f3n todas las posibles opciones que se han ido  presentado hasta ahora para enfrentar la crisis. \u00a0<\/p>\n<p>&#13;<\/p>\n<p align=\"justify\" class=\"text1noticias\">Adquisici\u00f3n  de las acciones de la Shell  en la Refiner\u00eca.\u00a0 Compras conjuntas de  carburantes.\u00a0<br \/>&#13;<br \/>\n  <br \/> &#13;<br \/>\nRacionamiento del servicio  energ\u00e8tico (posiblemente aumentar los apagones aunque en forma programada).  Abaratar los costos de generaci\u00f2n. \u00a0La  conversi\u00f3n de unidades generadoras a combustibles m\u00e0s econ\u00f2micos.\u00a0 Ejecutar un plan de ahorro para reducir el  consumo tanto en el sector p\u00f9blico como privado.\u00a0\u00a0\u00a0 <\/p>\n<p>&#13;<\/p>\n<p align=\"justify\" class=\"text1noticias\">Son  algunas de las medidas que se mencionan dentro de un abanico muy variado de  propuestas y posibilidades, donde ninguna por s\u00ec sola puede considerarse como  posible soluci\u00f2n, la panacea que nos libere de la cada vez m\u00e0s asfixiante  camisa de fuerza en que se han convertido los precios del petr\u00f3leo.<\/p>\n<p>&#13;<\/p>\n<p align=\"justify\" class=\"text1noticias\">Importante  a nuestro juicio destacar dos aspectos fundamentales.<\/p>\n<p>&#13;<\/p>\n<p align=\"justify\" class=\"text1noticias\">El  primero es la adopci\u00f3n de una pol\u00ectica energ\u00e8tica integral.\u00a0 El problema es de tanta complejidad e  incidencia negativa que no podemos tratarlo con medidas aisladas y respuestas  coyunturales.\u00a0 Tenemos que elaborar una  estrategia al corto, mediano y largo plazo para no solo salir del presente  atolladero con la menos cantidad de lastimaduras posible, sino tambi\u00e8n para  poder planificar el futuro del pa\u00ecs con razonable estabilidad.<\/p>\n<p>&#13;<\/p>\n<p align=\"justify\" class=\"text1noticias\">Y  el segundo es que tenemos que cobrar conciencia de que no se trata de un  problema de gobierno sino de una cuesti\u00f3n de Estado y un desaf\u00eco de naci\u00f2n. Una  situaci\u00f3n que, como antes se\u00f1alamos, afecta y trastorna todas las actividades  del pa\u00ecs y la vida misma de la gente.\u00a0  Por consiguiente, que se precisa del concurso de todos los sectores  colocados en una actitud preactiva.\u00a0 Es  decir, en plano de proponer y cooperar.<\/p>\n<p>&#13;<\/p>\n<p align=\"justify\" class=\"text1noticias\">En  este sentido, son de destacar las positivas propuestas que han surgido del\u00a0 empresariado, a partir de su visi\u00f2n abogando  por un compromiso-pa\u00ecs por parte de todos los sectores de la vida nacional.<\/p>\n<p>&#13;<\/p>\n<p align=\"justify\" class=\"text1noticias\">El  m\u00e0s reciente aporte en este sentido, ha partido del seno de la Asociaci\u00f3n Nacional  de J\u00f3venes Empresarios,cuyo Presidente, Pablo Piantini, plantea algunas ideas  valiosas para poner cara a la crisis.\u00a0<br \/>&#13;<br \/>\n  <br \/>  &#13;<br \/>\nEntre \u00e8stas figuran promover una cultura de ahorro, la aprobaci\u00f3n del  Reglamento de la Ley  de Energ\u00ecas no Renovables para franquear la ejecuci\u00f3n de los diferentes  proyectos de inversi\u00f2n que existen en este campo, la fuerte penalizaci\u00f2n del  robo y el fraude energ\u00e8ticos y la focalizaci\u00f2n de los subsidios en los sectores  m\u00e0s necesitados de la poblaci\u00f3n.<\/p>\n<p>&#13;<\/p>\n<p align=\"justify\" class=\"text1noticias\">Son  planteamientos interesantes y valiosos al tiempo que una alentadora disposici\u00f3n  a unir esfuerzos y hacer causa com\u00f9n en la inaplazable tarea de enfrentar la  crisis con medidas que, reiteramos, deben contar con la activa intervenci\u00f3n de  todos los sectores de la vida nacional,\u00a0  ser parte de una pol\u00ectica general y sostenida y no, como en tantas  ocasiones y situaciones anteriores, adoptadas coyunturalmente para salir del  paso, que es tanto como ir juntando la basura debajo de la alfombra.<\/p>\n<p>&#13;<\/p>\n<h6> 2008-05-29 02:21:11 <\/h6>\n<p><!--\n<link rel=\"stylesheet\" href=\"css\/bootstrap.min.css\">\n\n\n<ul class=\"pagination\">\n\t    \n\t\n\n<li >\n\t<a href='?page_no=11971'>Previous<\/a>\n\t<\/li>\n\n\n       \n    \n\n<li><a href='?page_no=1'>1<\/a><\/li>\n\n\n\n<li><a href='?page_no=2'>2<\/a><\/li>\n\n\n\n<li><a>...<\/a><\/li>\n\n\n\n<li><a href='?page_no=11970'>11970<\/a><\/li>\n\n\n\n<li><a href='?page_no=11971'>11971<\/a><\/li>\n\n\n\n<li class='active'><a>11972<\/a><\/li>\n\n\n\n<li><a href='?page_no=11973'>11973<\/a><\/li>\n\n\n\n<li><a href='?page_no=11974'>11974<\/a><\/li>\n\n\n\n<li><a>...<\/a><\/li>\n\n\n\n<li><a href='?page_no=13611'>13611<\/a><\/li>\n\n\n\n<li><a href='?page_no=13612'>13612<\/a><\/li>\n\n    \n\t\n\n<li >\n\t<a href='?page_no=11973'>Next<\/a>\n\t<\/li>\n\n\n    \n\n<li><a href='?page_no=13612'>Last &rsaquo;&rsaquo;<\/a><\/li>\n\n<\/ul>\n\n\n--><br \/>\n<\/body><\/p>\n","protected":false},"excerpt":{"rendered":"<p>EL TIRO R\u00c1PIDO&#13; &#13; de&#13; &#13; Mario Rivadulla &#13; A no dudarlo, en la cargad\u00ecsima agenda de problemas a los que hoy se enfrenta el pa\u00ecs, el alza desenfrenada del petr\u00f3leo, y por consiguiente de todos los combustibles derivados, constituye el m\u00e0s apremiante, agobiante y costoso reto. Cada d\u00f2lar que sube el petr\u00f3leo en el [&hellip;]<\/p>\n","protected":false},"author":3,"featured_media":0,"comment_status":"open","ping_status":"open","sticky":false,"template":"","format":"standard","meta":{"footnotes":""},"categories":[16],"tags":[],"class_list":["post-36072","post","type-post","status-publish","format-standard","hentry","category-opiniones"],"_links":{"self":[{"href":"https:\/\/diariodominicano.com\/index.php?rest_route=\/wp\/v2\/posts\/36072","targetHints":{"allow":["GET"]}}],"collection":[{"href":"https:\/\/diariodominicano.com\/index.php?rest_route=\/wp\/v2\/posts"}],"about":[{"href":"https:\/\/diariodominicano.com\/index.php?rest_route=\/wp\/v2\/types\/post"}],"author":[{"embeddable":true,"href":"https:\/\/diariodominicano.com\/index.php?rest_route=\/wp\/v2\/users\/3"}],"replies":[{"embeddable":true,"href":"https:\/\/diariodominicano.com\/index.php?rest_route=%2Fwp%2Fv2%2Fcomments&post=36072"}],"version-history":[{"count":0,"href":"https:\/\/diariodominicano.com\/index.php?rest_route=\/wp\/v2\/posts\/36072\/revisions"}],"wp:attachment":[{"href":"https:\/\/diariodominicano.com\/index.php?rest_route=%2Fwp%2Fv2%2Fmedia&parent=36072"}],"wp:term":[{"taxonomy":"category","embeddable":true,"href":"https:\/\/diariodominicano.com\/index.php?rest_route=%2Fwp%2Fv2%2Fcategories&post=36072"},{"taxonomy":"post_tag","embeddable":true,"href":"https:\/\/diariodominicano.com\/index.php?rest_route=%2Fwp%2Fv2%2Ftags&post=36072"}],"curies":[{"name":"wp","href":"https:\/\/api.w.org\/{rel}","templated":true}]}}