{"id":36070,"date":"2008-05-29T02:27:48","date_gmt":"2008-05-29T02:27:48","guid":{"rendered":"http:\/\/diariodominicano.ddns.net\/?p=36070"},"modified":"2008-05-29T02:27:48","modified_gmt":"2008-05-29T02:27:48","slug":"oportunidades-en-medio-de-la-crisis-alimentaria","status":"publish","type":"post","link":"https:\/\/diariodominicano.com\/?p=36070","title":{"rendered":"Oportunidades en medio de la Crisis Alimentaria"},"content":{"rendered":"<p><body><\/p>\n<p align=\"center\" class=\"titulogrande1\"><strong>Oportunidades en medio de la Crisis Alimentaria <\/strong><\/p>\n<p>&#13;<\/p>\n<p align=\"justify\" class=\"text1noticias\">Se dice que los precios de los  alimentos de primera necesidad como el arroz, ma\u00edz, trigo, etc. han subido en  la regi\u00f3n en un 68% en toda la regi\u00f3n, lo que ha movido que el BID haya  decidido crear un fondo para la producci\u00f3n de alimentos de US$500,000.00 y que  la FAO contemple invertir en Rep\u00fablica Dominicana entre US$800,000.00 y  US$1000,000.00 para la producci\u00f3n de alimentos para abastecer la regi\u00f3n. En  Europa, al momento de escribir estas notas, las ciudades de Londres, Paris,  Madrid, entre otras ciudades, han sido paralizadas por los sindicatos de  camioneros en protesta por las continuas subida del precio del barril de  petr\u00f3leo, que el d\u00eda de ayer descendi\u00f3 a algo mas de US$138.00, ya que esto se  esta reflejando negativamente en el costo del transporte de mercanc\u00edas y  personas. <\/p>\n<p>&#13;<\/p>\n<p align=\"justify\" class=\"text1noticias\">Lo que deja en claro que la  situaci\u00f3n del abasto de los alimentos es algo de tomar muy en serio para la  poblaci\u00f3n de la Rep\u00fablica Dominicana, en lo que el liderazgo se despierta, la  oposici\u00f3n recupera de los resultados desfavorables del reci\u00e9n pasado tornero  electoral y los oficialistas recuperan la cordura por el reciente triunfo.<\/p>\n<p>&#13;<\/p>\n<p align=\"justify\" class=\"text1noticias\">Mientras tanto cada bio-andante homo  sapiens de esta tan querida media isla debe tener muy en claro que habr\u00e1 que  hacer reajuste presupuestales y de estilo de vida mientras se mantengan las  condiciones que a puntan hacia un gran desabasto y hambruna a nivel mundial.  Podr\u00edamos, y por qu\u00e9 no:<\/p>\n<p>&#13;<\/p>\n<div align=\"justify\">&#13;<\/p>\n<ul>&#13;<\/p>\n<li class=\"text1noticias\">utilizar  cada c\u00e1ntaro o envase de pl\u00e1stico, metal,\u00a0  barro, etc. para plantar verduras y hortalizas y colgarlos al rededor de  las paredes externas de la casa, en los techos, en los canteros, en los mismos  \u00e1rboles y arbustos,\u00a0 y hasta en las  herrer\u00edas de los apartamentos;<br \/>&#13;<br \/>\n      <br \/>&#13;\n    <\/li>\n<p>&#13;<\/p>\n<li class=\"text1noticias\">\u00a0racionalizar el consumo de agua, arreglando  los desperfectos de fontaner\u00eda de las viviendas;<br \/>&#13;<br \/>\n      <br \/>&#13;\n    <\/li>\n<p>&#13;<\/p>\n<li class=\"text1noticias\">\u00a0comprarse algunas gallinitas  ponedoras, codornices, conejo, etc. y \u00a0colocarlas  en un rej\u00f3n colgado en una pared; <br \/>&#13;<br \/>\n      <br \/>&#13;\n    <\/li>\n<p>&#13;<\/p>\n<li class=\"text1noticias\">Es tiempo de aprender las antiguas t\u00e9cnicas de  conservas de alimentos y verduras para una mayor durabilidad; \u00a0<br \/>&#13;<br \/>\n      <br \/>&#13;\n    <\/li>\n<p>&#13;<\/p>\n<li class=\"text1noticias\">Si  tiene un patio y\/o jard\u00edn es tiempo de que aprendamos a sacarle el m\u00e1ximo de provecho  combinando la siembra inteligente con la crianza de aves de corral; <br \/>&#13;<br \/>\n      <br \/>&#13;\n    <\/li>\n<p>&#13;<\/p>\n<li class=\"text1noticias\">Tal  vez es tiempo de que vayamos aprendiendo realmente a alimentarnos seleccionando  a aquellos alimentos que vayan a tono con nuestro estilo de vida y en la  cantidad adecuada con \u00e9ste;<br \/>&#13;<br \/>\n      <br \/>&#13;\n    <\/li>\n<p>&#13;<\/p>\n<li class=\"text1noticias\">Invertir en lo \u00fatil y necesario evitando el  dispendio, tan innecesario evitando la adquisici\u00f3n de bienes no prioritarios y  la utilizaci\u00f3n de los servicios prescindibles por el momento.<\/li>\n<p>&#13;\n  <\/ul>\n<p>&#13;\n<\/p><\/div>\n<p>&#13;<\/p>\n<p align=\"justify\" class=\"text1noticias\">\u00bfPor qu\u00e9? Porque \u00a0la crisis es real, es el tema de todos los  grandes c\u00edrculos a nivel mundial y debe ser el tema de toda la poblaci\u00f3n no  para entrar en p\u00e1nico o por el contrario no prestarle atenci\u00f3n, \u00e9sta debe servir  para algo y tal vez es buena oportunidad para resolver los problemas de  ansiedad que provocan desordenes alimenticios que a la ves son causas de sobre  peso y enfermedades colaterales. Romper con esquemas alimenticios incorporando  a nuestra dieta elementos verdaderamente ricos en prote\u00ednas y vitaminas que  podamos cultivar nosotros mismos, lo que se traducir\u00e1 en un ahorro. <br \/>&#13;<br \/>\n  <br \/>&#13;<br \/>\nUn problema grave del mundo occidental moderno  es la gran dependencia de la poblaci\u00f3n, casi absoluta, de los alimentos  industrializados y mercadeados, olvidando que cada quien puede tener sus  propios huertos en casa que permitan algunos ahorros y darle sentido distinto a  la vida, sentirnos orgullosos de poder lograr romper algo de la dependencia y  escapar un poco de la r\u00edtmica cotidianidad. Recordemos que una forma de \u00b4\u00b4desestresarse\u00b4\u00b4\u00a0 de los japoneses, los mismo que pidieron un  horario de trabajo mas largo de 8 horas, es que al llegar a sus hogares se  dedican a la creaci\u00f3n de los bons\u00e1i (miniaturalizaci\u00f3n de \u00e1rboles).<\/p>\n<p>&#13;<\/p>\n<p align=\"justify\" class=\"text1noticias\">O sea\u00a0\u00a0  que tal vez deba ser tiempo de dedicar un tiempo menor a los \u00b4\u00b4colmadones\u00b4\u00b4  y sus afines, a la TV, e integrar a nuestra familia a la construcci\u00f3n y  mantenimiento de nuestro propio huerto sin que esto parezca un castigo, mas  bien una actividad de regocijo familiar. Tal vez hasta haya quienes en ves de  hablar de su \u00b4\u00b4yipeta\u00b4\u00b4 nueva, de los continuos viajes o los Resort que  frecuentan,, de la capacidad de laptop o Apple \u00a0empiecen a hablar de lo bien que la familia se  est\u00e1 integrando y de los orgulloso que se sienten del huerto familiar.\u00a0\u00a0\u00a0 \u00a0\u00a0<\/p>\n<p>&#13;<\/p>\n<p align=\"justify\" class=\"text1noticias\"><strong>Muchas gracias.<\/strong><\/p>\n<p>&#13;<\/p>\n<p align=\"justify\" class=\"text1noticias\"><strong>DR. RANSES BENJAMIN DIAZ BELLIARD\u00a0 <\/strong><br \/>&#13;<br \/>\n  <br \/>&#13;<br \/>\n  <strong> ABOGADO<\/strong><br \/>&#13;<br \/>\n    <br \/>&#13;<br \/>\n  <strong>TEL. (829) 322-7182 cel.<\/strong><br \/>&#13;<br \/>\n    <br \/>&#13;<br \/>\n   <strong>(809 567-5049 ext. 3098<\/strong><br \/>&#13;<br \/>\n  <br \/>&#13;<br \/>\n    <strong>ransesdiaz@hotmail.com<\/strong><\/p>\n<p>&#13;<\/p>\n<h6> 2008-05-29 02:27:48 <\/h6>\n<p><!--\n<link rel=\"stylesheet\" href=\"css\/bootstrap.min.css\">\n\n\n<ul class=\"pagination\">\n\t    \n\t\n\n<li >\n\t<a href='?page_no=11969'>Previous<\/a>\n\t<\/li>\n\n\n       \n    \n\n<li><a href='?page_no=1'>1<\/a><\/li>\n\n\n\n<li><a href='?page_no=2'>2<\/a><\/li>\n\n\n\n<li><a>...<\/a><\/li>\n\n\n\n<li><a href='?page_no=11968'>11968<\/a><\/li>\n\n\n\n<li><a href='?page_no=11969'>11969<\/a><\/li>\n\n\n\n<li class='active'><a>11970<\/a><\/li>\n\n\n\n<li><a href='?page_no=11971'>11971<\/a><\/li>\n\n\n\n<li><a href='?page_no=11972'>11972<\/a><\/li>\n\n\n\n<li><a>...<\/a><\/li>\n\n\n\n<li><a href='?page_no=13611'>13611<\/a><\/li>\n\n\n\n<li><a href='?page_no=13612'>13612<\/a><\/li>\n\n    \n\t\n\n<li >\n\t<a href='?page_no=11971'>Next<\/a>\n\t<\/li>\n\n\n    \n\n<li><a href='?page_no=13612'>Last &rsaquo;&rsaquo;<\/a><\/li>\n\n<\/ul>\n\n\n--><br \/>\n<\/body><\/p>\n","protected":false},"excerpt":{"rendered":"<p>Oportunidades en medio de la Crisis Alimentaria &#13; Se dice que los precios de los alimentos de primera necesidad como el arroz, ma\u00edz, trigo, etc. han subido en la regi\u00f3n en un 68% en toda la regi\u00f3n, lo que ha movido que el BID haya decidido crear un fondo para la producci\u00f3n de alimentos de [&hellip;]<\/p>\n","protected":false},"author":3,"featured_media":0,"comment_status":"open","ping_status":"open","sticky":false,"template":"","format":"standard","meta":{"footnotes":""},"categories":[16],"tags":[],"class_list":["post-36070","post","type-post","status-publish","format-standard","hentry","category-opiniones"],"_links":{"self":[{"href":"https:\/\/diariodominicano.com\/index.php?rest_route=\/wp\/v2\/posts\/36070","targetHints":{"allow":["GET"]}}],"collection":[{"href":"https:\/\/diariodominicano.com\/index.php?rest_route=\/wp\/v2\/posts"}],"about":[{"href":"https:\/\/diariodominicano.com\/index.php?rest_route=\/wp\/v2\/types\/post"}],"author":[{"embeddable":true,"href":"https:\/\/diariodominicano.com\/index.php?rest_route=\/wp\/v2\/users\/3"}],"replies":[{"embeddable":true,"href":"https:\/\/diariodominicano.com\/index.php?rest_route=%2Fwp%2Fv2%2Fcomments&post=36070"}],"version-history":[{"count":0,"href":"https:\/\/diariodominicano.com\/index.php?rest_route=\/wp\/v2\/posts\/36070\/revisions"}],"wp:attachment":[{"href":"https:\/\/diariodominicano.com\/index.php?rest_route=%2Fwp%2Fv2%2Fmedia&parent=36070"}],"wp:term":[{"taxonomy":"category","embeddable":true,"href":"https:\/\/diariodominicano.com\/index.php?rest_route=%2Fwp%2Fv2%2Fcategories&post=36070"},{"taxonomy":"post_tag","embeddable":true,"href":"https:\/\/diariodominicano.com\/index.php?rest_route=%2Fwp%2Fv2%2Ftags&post=36070"}],"curies":[{"name":"wp","href":"https:\/\/api.w.org\/{rel}","templated":true}]}}