{"id":36067,"date":"2008-05-29T02:33:01","date_gmt":"2008-05-29T02:33:01","guid":{"rendered":"http:\/\/diariodominicano.ddns.net\/?p=36067"},"modified":"2008-05-29T02:33:01","modified_gmt":"2008-05-29T02:33:01","slug":"el-poder-compensatorio-y-la-corrupcion","status":"publish","type":"post","link":"https:\/\/diariodominicano.com\/?p=36067","title":{"rendered":"El Poder Compensatorio y la Corrupci\u00f3n"},"content":{"rendered":"<p><body><\/p>\n<p class=\"titulogrande1\"><strong>El Poder Compensatorio y\u00a0la Corrupci\u00f3n<\/strong><\/p>\n<p>&#13;<\/p>\n<p align=\"justify\" class=\"text1noticias\">El l\u00edder pol\u00edtico  debe asimilar que\u00a0 el castigo que se  infringe al grupo o al ciudadano, mediante la aplicaci\u00f3n del poder condigno  est\u00e1 regulado por el Estado. Esa regulaci\u00f3n existe, tambi\u00e9n, en un sentido  amplio, cuando se trata de aplicar el uso del poder compensatorio. <\/p>\n<p>&#13;<\/p>\n<p align=\"justify\" class=\"text1noticias\">Los beneficios que se  derivan de la aplicaci\u00f3n del poder condicionado frente al uso del poder  compensatorio radica en que cuando el l\u00edder o estadista utiliza la compensaci\u00f3n  para legitimar sus acciones de Estado; \u00e9sta (la compensaci\u00f3n) al tener una  expresi\u00f3n directa en dinero\u00a0 o beneficios  directos a favor del individuo, puede despertar la desaprobaci\u00f3n de la mayor  parte de la sociedad, que no simpatiza y rechaza la corrupci\u00f3n desde el  Estado.\u00a0\u00a0\u00a0 \u00a0\u00a0\u00a0\u00a0\u00a0\u00a0\u00a0\u00a0\u00a0\u00a0\u00a0\u00a0\u00a0\u00a0\u00a0\u00a0\u00a0\u00a0\u00a0\u00a0\u00a0\u00a0\u00a0\u00a0\u00a0\u00a0\u00a0\u00a0\u00a0\u00a0\u00a0\u00a0\u00a0\u00a0\u00a0\u00a0\u00a0\u00a0\u00a0\u00a0\u00a0\u00a0\u00a0\u00a0\u00a0\u00a0\u00a0\u00a0\u00a0\u00a0\u00a0\u00a0\u00a0\u00a0\u00a0\u00a0\u00a0\u00a0\u00a0\u00a0\u00a0\u00a0\u00a0\u00a0\u00a0\u00a0\u00a0\u00a0\u00a0\u00a0\u00a0\u00a0\u00a0\u00a0\u00a0\u00a0\u00a0\u00a0\u00a0\u00a0\u00a0\u00a0\u00a0<\/p>\n<p>&#13;<\/p>\n<p align=\"justify\" class=\"text1noticias\">La gente rechaza las  compras de votos que se hace en los procesos electorales, ya que entiende que  esa forma de compensaci\u00f3n en dinero es deshonesta para el l\u00edder. La poblaci\u00f3n  tambi\u00e9n rechaza el soborno a los funcionarios p\u00fablicos para influir, por  ejemplo en la aprobaci\u00f3n de un proyecto de ley. Los arreglos para procurarse  contratos ventajosos o a trav\u00e9s del gobierno, como forma de compensaci\u00f3n a sus  gentes, en algunos casos, est\u00e1 prohibido por la ley y casi siempre una parte  importante de la opini\u00f3n publica rechaza la aprobaci\u00f3n de ese tipo de  comportamiento por parte del l\u00edder u organizaci\u00f3n cuando sabe que este est\u00e1  promoviendo ese tipo de comportamiento con su actitud permisiva y favorable a  quienes desean dineros f\u00e1ciles y sin trabajar\u00a0  provenientes del Estado.<\/p>\n<p>&#13;<\/p>\n<p align=\"justify\" class=\"text1noticias\">El poder  compensatorio resulta m\u00e1s directo que el poder condicionado en su aplicaci\u00f3n y  casi siempre tiene un mayor rechazo en la poblaci\u00f3n que el poder condicionado,  que es menos directo y tiene un efecto mas sutil en la conciencia y voluntad de  la gente,\u00a0 ya que al tener una expresi\u00f3n  indirecta, esto es que quienes reciben el beneficio proveniente del l\u00edder o del  gobierno muchas veces no saben el origen de ese beneficio ni el fin u objetivo  pol\u00edtico que este persigue, que en todos los caso es condicionar a la personas  para que\u00a0 acepten\u00a0 y respalden en la coyuntura electoral al  l\u00edder que detenta el poder del Estado. En muchos casos a quienes se le aplica  el poder condicionado no perciben o no se enteran, porque no se dan cuenta, que  est\u00e1n prestando su voluntad para legitimar la acci\u00f3n pol\u00edtica y de Estado que  el l\u00edder est\u00e1 poniendo en marcha. <\/p>\n<p>&#13;<\/p>\n<p align=\"justify\" class=\"text1noticias\">El poder condicionado  no s\u00f3lo esta regulado por la ley, sino tambi\u00e9n que en las sociedades  democr\u00e1ticas est\u00e1 protegido por el Estado, y la poblaci\u00f3n lo asimila como de su  patrimonio. Si establecemos una diferencia entre el poder condigno(castigo) y  el poder condicionado (educaci\u00f3n), encontramos que en el primero al ciudadano,  entre otras cosas, se le puede privar de la libertad\u00a0 de expresi\u00f3n, sin embargo cuando vemos el  poder condicionado y su aplicaci\u00f3n, vemos que \u00e9ste sirve de base a la libre  expresi\u00f3n de las ideas y del pensamiento, en la medida que \u00e9ste se sustenta en  la formaci\u00f3n y educaci\u00f3n del individuo para que este pueda ponerse en  condiciones de asimilar los valores y creencias de la sociedad y de paso se  pone en condiciones de asimilar las ideas y valores que en el plano ideol\u00f3gico  provienen del Estado y del l\u00edder que preside el gobierno en una coyuntura  pol\u00edtico hist\u00f3rica determinada.\u00a0\u00a0\u00a0\u00a0\u00a0\u00a0\u00a0\u00a0\u00a0\u00a0\u00a0\u00a0 <br \/>&#13;<br \/>\n\u00a0\u00a0\u00a0\u00a0\u00a0\u00a0\u00a0\u00a0\u00a0\u00a0\u00a0\u00a0\u00a0\u00a0\u00a0\u00a0\u00a0\u00a0\u00a0\u00a0\u00a0\u00a0\u00a0\u00a0\u00a0\u00a0\u00a0\u00a0\u00a0\u00a0\u00a0\u00a0\u00a0\u00a0\u00a0\u00a0\u00a0\u00a0\u00a0\u00a0\u00a0\u00a0\u00a0\u00a0\u00a0\u00a0\u00a0\u00a0\u00a0\u00a0\u00a0\u00a0\u00a0\u00a0\u00a0\u00a0\u00a0 <br \/>&#13;<br \/>\nEn cuanto al poder  condigno muchas veces no s\u00f3lo recurre al castigo f\u00edsico y corporal de la gente,  sino que \u00e9ste tambi\u00e9n se expresa en calumnias e intrigas en contra de las  personas y recurre a todo tipo de violencia contra los ciudadanos. Por eso el  l\u00edder que desea encabezar un gobierno apegado al respeto de los derechos  humanos debe alejarse de la aplicaci\u00f3n del uso del poder condigno en el plano  pol\u00edtico y debe apoyarse m\u00e1s en el poder condicionado como medio de  legitimaci\u00f3n de sus ejecutorias de Estado, ya que este instrumento de poder es  mucho m\u00e1s aceptado por la poblaci\u00f3n que los dem\u00e1s medios\u00a0 de dominaci\u00f3n del individuo y de los grupos  sociales.\u00a0\u00a0\u00a0 <\/p>\n<p>&#13;<\/p>\n<p align=\"justify\" class=\"text1noticias\">En el capitalismo  como en el socialismo el l\u00edder debe estar consciente\u00a0 de que el condicionamiento educativo se  proyecta tanto al sistema econ\u00f3mico como social. Cuando, por ejemplo, el  sistema educativo inculca los principios de patriotismo y nacionalismo a sus  ciudadanos, de esa manera est\u00e1 contribuyendo a lograr la aceptaci\u00f3n de los  objetivos relacionados con el Estado y el gobierno.<\/p>\n<p>&#13;<\/p>\n<p align=\"justify\" class=\"text1noticias\">Lo mismo sucede en el  socialismo, por ejemplo, cuando ese sistema como medio de difusi\u00f3n\u00a0 de valores y creencias habla de forma  constante de las virtudes de ese sistema y de la redenci\u00f3n de los trabajadores y de la clase pobre. Aunque el  socialismo es un sistema que ha experimentado\u00a0  grandes fracasos en su evoluci\u00f3n, los mismos lucen originados en la  forma cerrada como se limita la libertad de expresi\u00f3n de las ideas y del  pensamiento, adem\u00e1s porque su mismo espacio social, es decir el socialismo ha  estado en medio de un capitalismo competitivo que deja muy poco espacio a otro  sistema en la propagaci\u00f3n de sus valores, creencias e ideas, y de esta forma  penetra el pensamiento de los ciudadanos de forma permanente y profunda, lo que  se traduce en la adquisici\u00f3n de valores ideol\u00f3gicos por parte de los ciudadanos, que de esa  manera se socializan con la cultura y los valores del capitalismo, sin importar  si \u00e9ste es desarrollado o subdesarrollado.<\/p>\n<p>&#13;<\/p>\n<p align=\"justify\" class=\"text1noticias\">La aplicaci\u00f3n del  poder condicionado para influir la conciencia\u00a0  colectiva le ha permitido al socialismo d\u00e9cadas de existencia y aunque  luce un sistema que para crecer y arraigarse necesita evolucionar hacia nuevas  formas de participaci\u00f3n social y de mayor tolerancia pol\u00edtica y cultural hacia  el ciudadano para poder reciclarse y tener niveles de vigencia aceptables en el  seno de la poblaci\u00f3n y eso, se percibe, s\u00f3lo es posible mediante el uso masivo  de los medios de comunicaci\u00f3n y del sistema educativo para poder continuar  legitim\u00e1ndose ante los ojos de la gente.\u00a0\u00a0\u00a0 <\/p>\n<p>&#13;<\/p>\n<p align=\"justify\" class=\"text1noticias\">La importancia que  tiene el poder condicionado y su aplicaci\u00f3n\u00a0  para el l\u00edder y para el Estado radica en que\u00a0 \u00e9ste permite que el grupo o el individuo vea  que la creencia o voluntad que se est\u00e1 promoviendo tiene un sentido de  justicia, por el condicionamiento social\u00a0  y cultural que incide en el individuo a trav\u00e9s de las ideas y valores que  \u00e9ste recibe por medio del sistema educativo. Cuando el l\u00edder se auxilia del  poder condicionado para\u00a0 influir e  incidir en la conciencia de las personas, \u00e9ste, de esta forma, esta llevando al  \u00e1nimo de la gente que las ideas que esta promoviendo son las adecuadas, seg\u00fan  su apreciaci\u00f3n, para la sociedad donde ejerce su liderazgo. El l\u00edder en todo el  proceso de desarrollo de\u00a0 su liderazgo  debe actuar movido por un sentido de justicia social hacia la gente porque ello  le gana simpat\u00edas y apoyo en el seno de la poblaci\u00f3n.<\/p>\n<p>&#13;<\/p>\n<p align=\"justify\" class=\"text1noticias\"><strong>Evelio Arroyo es Soci\u00f3logo, Abogado y Escritor. Estos  temas son publicados del libro \u201cLideres y Liderazgos\u201d de su autor\u00eda.\u00a0 <\/strong><\/p>\n<p>&#13;<\/p>\n<h6> 2008-05-29 02:33:01 <\/h6>\n<p><!--\n<link rel=\"stylesheet\" href=\"css\/bootstrap.min.css\">\n\n\n<ul class=\"pagination\">\n\t    \n\t\n\n<li >\n\t<a href='?page_no=11967'>Previous<\/a>\n\t<\/li>\n\n\n       \n    \n\n<li><a href='?page_no=1'>1<\/a><\/li>\n\n\n\n<li><a href='?page_no=2'>2<\/a><\/li>\n\n\n\n<li><a>...<\/a><\/li>\n\n\n\n<li><a href='?page_no=11966'>11966<\/a><\/li>\n\n\n\n<li><a href='?page_no=11967'>11967<\/a><\/li>\n\n\n\n<li class='active'><a>11968<\/a><\/li>\n\n\n\n<li><a href='?page_no=11969'>11969<\/a><\/li>\n\n\n\n<li><a href='?page_no=11970'>11970<\/a><\/li>\n\n\n\n<li><a>...<\/a><\/li>\n\n\n\n<li><a href='?page_no=13611'>13611<\/a><\/li>\n\n\n\n<li><a href='?page_no=13612'>13612<\/a><\/li>\n\n    \n\t\n\n<li >\n\t<a href='?page_no=11969'>Next<\/a>\n\t<\/li>\n\n\n    \n\n<li><a href='?page_no=13612'>Last &rsaquo;&rsaquo;<\/a><\/li>\n\n<\/ul>\n\n\n--><br \/>\n<\/body><\/p>\n","protected":false},"excerpt":{"rendered":"<p>El Poder Compensatorio y\u00a0la Corrupci\u00f3n &#13; El l\u00edder pol\u00edtico debe asimilar que\u00a0 el castigo que se infringe al grupo o al ciudadano, mediante la aplicaci\u00f3n del poder condigno est\u00e1 regulado por el Estado. Esa regulaci\u00f3n existe, tambi\u00e9n, en un sentido amplio, cuando se trata de aplicar el uso del poder compensatorio. &#13; Los beneficios que [&hellip;]<\/p>\n","protected":false},"author":3,"featured_media":0,"comment_status":"open","ping_status":"open","sticky":false,"template":"","format":"standard","meta":{"footnotes":""},"categories":[16],"tags":[],"class_list":["post-36067","post","type-post","status-publish","format-standard","hentry","category-opiniones"],"_links":{"self":[{"href":"https:\/\/diariodominicano.com\/index.php?rest_route=\/wp\/v2\/posts\/36067","targetHints":{"allow":["GET"]}}],"collection":[{"href":"https:\/\/diariodominicano.com\/index.php?rest_route=\/wp\/v2\/posts"}],"about":[{"href":"https:\/\/diariodominicano.com\/index.php?rest_route=\/wp\/v2\/types\/post"}],"author":[{"embeddable":true,"href":"https:\/\/diariodominicano.com\/index.php?rest_route=\/wp\/v2\/users\/3"}],"replies":[{"embeddable":true,"href":"https:\/\/diariodominicano.com\/index.php?rest_route=%2Fwp%2Fv2%2Fcomments&post=36067"}],"version-history":[{"count":0,"href":"https:\/\/diariodominicano.com\/index.php?rest_route=\/wp\/v2\/posts\/36067\/revisions"}],"wp:attachment":[{"href":"https:\/\/diariodominicano.com\/index.php?rest_route=%2Fwp%2Fv2%2Fmedia&parent=36067"}],"wp:term":[{"taxonomy":"category","embeddable":true,"href":"https:\/\/diariodominicano.com\/index.php?rest_route=%2Fwp%2Fv2%2Fcategories&post=36067"},{"taxonomy":"post_tag","embeddable":true,"href":"https:\/\/diariodominicano.com\/index.php?rest_route=%2Fwp%2Fv2%2Ftags&post=36067"}],"curies":[{"name":"wp","href":"https:\/\/api.w.org\/{rel}","templated":true}]}}