{"id":36064,"date":"2008-05-29T02:41:04","date_gmt":"2008-05-29T02:41:04","guid":{"rendered":"http:\/\/diariodominicano.ddns.net\/?p=36064"},"modified":"2008-05-29T02:41:04","modified_gmt":"2008-05-29T02:41:04","slug":"leonel-y-la-justicia","status":"publish","type":"post","link":"https:\/\/diariodominicano.com\/?p=36064","title":{"rendered":"Leonel y la justicia"},"content":{"rendered":"<p><body><\/p>\n<p class=\"titulogrande1\"><strong>Leonel y la justicia<\/strong><\/p>\n<p>&#13;<\/p>\n<p><strong>Por <\/strong><span class=\"textogrande\">Ricardo Rojas Le\u00f3n<\/span><\/p>\n<p>&#13;<\/p>\n<p align=\"justify\" class=\"text1noticias\">Las  administraciones del PLD han sido absolutamente respetuosas de las decisiones  de los tribunales, no produci\u00e9ndose bajo ellas los desacatos tan frecuentes, en  \u00e9pocas anteriores a la primera administraci\u00f3n de Fern\u00e1ndez.<\/p>\n<p>&#13;<\/p>\n<p align=\"justify\" class=\"text1noticias\">La denuncia formulada ayer por un miembro de la C\u00e1mara Penal  de la Suprema Corte de Justicia en el sentido de que el Gobierno del presidente  Leonel Fern\u00e1ndez presiona para controlar el m\u00e1s alto tribunal del pa\u00eds ha  causado mucha extra\u00f1eza.<br \/>&#13;<br \/>\n  <br \/>&#13;<br \/>\n  Extra\u00f1eza porque la denuncia carece de la sobriedad que generalmente  caracteriza a las intervenciones p\u00fablicas de jueces de esa investidura. Y  porque, del mismo modo, no ofrece ninguna prueba de sus afirmaciones.<br \/>&#13;<br \/>\n  <br \/>&#13;<br \/>\n  El doctor Julio Ibarra R\u00edos, un juez de muy bajo perfil, ha reaccionado a una  nota publicada por otro diario, en la que se alude a la posibilidad de que en  los meses venideros se re\u00fana el Consejo Nacional de la Magistratura, y se  produzcan cambios en la Suprema Corte.<br \/>&#13;<br \/>\n  <br \/>&#13;<br \/>\n  La nota en cuesti\u00f3n recoge versiones sobre algunos de los posibles integrantes  de una nueva Suprema Corte, incluyendo los de algunos que se barajan como  eventuales presidentes del tribunal. Ning\u00fan presidente dominicano ha  contribuido m\u00e1s que Leonel Fern\u00e1ndez al fortalecimiento y la institucionalidad  del Poder Judicial.<br \/>&#13;<br \/>\n  <br \/>&#13;<br \/>\n  Bajo los gobiernos de Leonel Fern\u00e1ndez, no s\u00f3lo se escogieron los primeros  jueces de la actual Suprema Corte de Justicia, sino que se le otorg\u00f3 la  independencia presupuestaria al m\u00e1s alto tribunal, y se ha buscado financiamiento  para\u00a0 fortalecer algunas de sus dependencias.<br \/>&#13;<br \/>\n  <br \/>&#13;<br \/>\n  Las administraciones del PLD han sido absolutamente respetuosas de las  decisiones de los tribunales, no produci\u00e9ndose bajo ellas los desacatos tan  frecuentes en \u00e9pocas anteriores a la primera administraci\u00f3n de Fern\u00e1ndez.<br \/>&#13;<br \/>\n  <br \/>&#13;<br \/>\n  Ha sido bajo los gobiernos del PLD en los que, del mismo modo, se han creado  las comisiones de revisi\u00f3n de los viejos c\u00f3digos dominicanos, y entrado en  vigencia la reforma procesal penal. <\/p>\n<p>&#13;<\/p>\n<p align=\"justify\" class=\"text1noticias\">Si se analiza lo que ha acontecido con la reforma de la  Administraci\u00f3n Financiera Gubernamental, que ha tenido lugar durante la actual  gesti\u00f3n del PLD, se constata que el Poder Ejecutivo ha cedido gran parte de su  discrecionalidad sobre una parte del gasto p\u00fablico. <\/p>\n<p>&#13;<\/p>\n<p align=\"justify\" class=\"text1noticias\">\u00bfPuede un presidente que renuncia a manejar con amplia  libertad los excedentes presupuestarios\u00a0 -es decir, que renuncia a una  cuota importante de poder-\u00a0 animar intenciones de controlar otro Poder del  Estado?\u00a0 <\/p>\n<p>&#13;<\/p>\n<p align=\"justify\" class=\"text1noticias\">Una respuesta afirmativa no parece sostenible. Leonel  Fern\u00e1ndez ha sido respetuoso de la independencia judicial y nunca ha dado  se\u00f1ales de pretender al m\u00e1s alto tribunal del pa\u00eds. <\/p>\n<p>&#13;<\/p>\n<p align=\"justify\" class=\"text1noticias\">A pesar de esto, muchos dominicanos entienden que ya lleg\u00f3  la hora de remozar a un tribunal que, bajo la \u00e9gida de un gran jurista, como  Jorge Subero Isa, la justicia dominicana ha dado pasos importantes de  independencia, cambio e institucionalizaci\u00f3n.<br \/>&#13;<br \/>\n  <br \/>&#13;<br \/>\n<strong>Ricardo Rojas Le\u00f3n es Abogado con especialidad en econom\u00eda<\/strong><\/p>\n<p>&#13;<\/p>\n<h6> 2008-05-29 02:41:04 <\/h6>\n<p><!--\n<link rel=\"stylesheet\" href=\"css\/bootstrap.min.css\">\n\n\n<ul class=\"pagination\">\n\t    \n\t\n\n<li >\n\t<a href='?page_no=11964'>Previous<\/a>\n\t<\/li>\n\n\n       \n    \n\n<li><a href='?page_no=1'>1<\/a><\/li>\n\n\n\n<li><a href='?page_no=2'>2<\/a><\/li>\n\n\n\n<li><a>...<\/a><\/li>\n\n\n\n<li><a href='?page_no=11963'>11963<\/a><\/li>\n\n\n\n<li><a href='?page_no=11964'>11964<\/a><\/li>\n\n\n\n<li class='active'><a>11965<\/a><\/li>\n\n\n\n<li><a href='?page_no=11966'>11966<\/a><\/li>\n\n\n\n<li><a href='?page_no=11967'>11967<\/a><\/li>\n\n\n\n<li><a>...<\/a><\/li>\n\n\n\n<li><a href='?page_no=13611'>13611<\/a><\/li>\n\n\n\n<li><a href='?page_no=13612'>13612<\/a><\/li>\n\n    \n\t\n\n<li >\n\t<a href='?page_no=11966'>Next<\/a>\n\t<\/li>\n\n\n    \n\n<li><a href='?page_no=13612'>Last &rsaquo;&rsaquo;<\/a><\/li>\n\n<\/ul>\n\n\n--><br \/>\n<\/body><\/p>\n","protected":false},"excerpt":{"rendered":"<p>Leonel y la justicia &#13; Por Ricardo Rojas Le\u00f3n &#13; Las administraciones del PLD han sido absolutamente respetuosas de las decisiones de los tribunales, no produci\u00e9ndose bajo ellas los desacatos tan frecuentes, en \u00e9pocas anteriores a la primera administraci\u00f3n de Fern\u00e1ndez. &#13; La denuncia formulada ayer por un miembro de la C\u00e1mara Penal de la [&hellip;]<\/p>\n","protected":false},"author":3,"featured_media":0,"comment_status":"open","ping_status":"open","sticky":false,"template":"","format":"standard","meta":{"footnotes":""},"categories":[16],"tags":[],"class_list":["post-36064","post","type-post","status-publish","format-standard","hentry","category-opiniones"],"_links":{"self":[{"href":"https:\/\/diariodominicano.com\/index.php?rest_route=\/wp\/v2\/posts\/36064","targetHints":{"allow":["GET"]}}],"collection":[{"href":"https:\/\/diariodominicano.com\/index.php?rest_route=\/wp\/v2\/posts"}],"about":[{"href":"https:\/\/diariodominicano.com\/index.php?rest_route=\/wp\/v2\/types\/post"}],"author":[{"embeddable":true,"href":"https:\/\/diariodominicano.com\/index.php?rest_route=\/wp\/v2\/users\/3"}],"replies":[{"embeddable":true,"href":"https:\/\/diariodominicano.com\/index.php?rest_route=%2Fwp%2Fv2%2Fcomments&post=36064"}],"version-history":[{"count":0,"href":"https:\/\/diariodominicano.com\/index.php?rest_route=\/wp\/v2\/posts\/36064\/revisions"}],"wp:attachment":[{"href":"https:\/\/diariodominicano.com\/index.php?rest_route=%2Fwp%2Fv2%2Fmedia&parent=36064"}],"wp:term":[{"taxonomy":"category","embeddable":true,"href":"https:\/\/diariodominicano.com\/index.php?rest_route=%2Fwp%2Fv2%2Fcategories&post=36064"},{"taxonomy":"post_tag","embeddable":true,"href":"https:\/\/diariodominicano.com\/index.php?rest_route=%2Fwp%2Fv2%2Ftags&post=36064"}],"curies":[{"name":"wp","href":"https:\/\/api.w.org\/{rel}","templated":true}]}}