{"id":360632,"date":"2022-06-09T23:56:13","date_gmt":"2022-06-10T03:56:13","guid":{"rendered":"http:\/\/diariodominicano.com\/?p=360632"},"modified":"2022-06-10T08:35:26","modified_gmt":"2022-06-10T12:35:26","slug":"asamblea-estatal-ny-y-otras-entidades-oficiales-reconocen-a-franklin-almeyda","status":"publish","type":"post","link":"https:\/\/diariodominicano.com\/?p=360632","title":{"rendered":"Asamblea Estatal NY y otras entidades oficiales reconocen a Franklin Almeyda"},"content":{"rendered":"\n<p> Al hacer su entrega, la asamble\u00edsta estatal por el distrito 86, en El Bronx, Yudelka Tapia, expres\u00f3, \u201ceste libro es contempor\u00e1neo para los j\u00f3venes nuestros que viven en Estados Unidos, descendientes de dominicanos, y en \u00e9l pueden leer la historia dominicana de una manera que se relacione con ellos\u201d. <\/p>\n\n\n\n<p><strong>Video:&nbsp;<\/strong><a href=\"https:\/\/www.youtube.com\/watch?v=1kl05mhlbTo\" rel=\"noreferrer noopener\" target=\"_blank\">https:\/\/www.youtube.com\/watch?v=1kl05mhlbTo<\/a><\/p>\n\n\n\n<p><strong>Por Ram\u00f3n Mercedes<\/strong><\/p>\n\n\n\n<p><strong>NUEVA YORK.-<\/strong>&nbsp;La Asamblea Estatal de este estado, as\u00ed como la ciudad de Westchester y el cabildo de Yonkers, reconocieron al doctor Franklin Almeyda luego de concluir la puesta en circulaci\u00f3n de su obra \u201cMarr\u00f3n Tierra &amp; Negra Noche\u201d recientemente en el Alto Manhattan.<\/p>\n\n\n\n<p>Al hacer su entrega, la asamble\u00edsta estatal por el distrito 86, en El Bronx, Yudelka Tapia, expres\u00f3, \u201ceste libro es contempor\u00e1neo para los j\u00f3venes nuestros que viven en Estados Unidos, descendientes de dominicanos, y en \u00e9l pueden leer la historia dominicana de una manera que se relacione con ellos\u201d.<\/p>\n\n\n\n<p>\u201cEste permite que no se cansen de una historia que nunca la han conocido. Es de conocimiento que los pueblos no pueden avanzar si no conocen su historia, porque siguen cometiendo los mismos errores\u201d, dijo.<\/p>\n\n\n\n<p>\u201cEntonces, no podemos pedirles a nuestros hijos y nietos que nacieron aqu\u00ed, que realmente luchen por un pa\u00eds que no conocen su historia, que luchen por avanzar ese pa\u00eds aqu\u00ed, por mantener la cultura que nos une y mantener las cosas que realmente representa a nuestros antepasados\u201d, agreg\u00f3.<\/p>\n\n\n\n<p>Hay libros muy cansones para ellos, pero este libro (Marr\u00f3n Tierra &amp; Negra Noche) viene a llenar un vac\u00edo en ellos, y como he dicho \u00bfc\u00f3mo pasamos la historia a estos j\u00f3venes que hablan espa\u00f1ol?\u201d.<\/p>\n\n\n\n<p>Dijo que se encargar\u00e1 de promoverlo entre ellos y en los eventos de su oficina, con 22 escuelas (secundaria, primaria, e intermedia) bajo su jurisdicci\u00f3n, y que har\u00e1 posible que dicha obra sea parte de la historia y estudios en los j\u00f3venes, porque el 85% de los estudiantes en El Bronx son hispanos, principalmente dominicanos.<\/p>\n\n\n\n<p>\u201cEs pertinente que conozcan la historia dominicana, la de a\u00f1os, no la reciente\u201d, precis\u00f3 Tapia.<\/p>\n\n\n\n<p><strong>El doctor Almeyda tambi\u00e9n fue reconocido por la concejal Coraz\u00f3n Pineda, del cabildo de Yonkers, en la persona de \u00c1ngel Fern\u00e1ndez<\/strong>.<\/p>\n\n\n\n<p>Asimismo, por la ciudad de Westchester en la persona de Wanda de Fern\u00e1ndez.<\/p>\n\n\n\n<p>Al recibir los reconocimientos, el doctor Almeyda expres\u00f3 sentirse muy agradecido por los mismos, calific\u00e1ndolos como un mensaje de que debemos sentirnos cada vez m\u00e1s defensores de nuestra historia.<\/p>\n","protected":false},"excerpt":{"rendered":"<p>Al hacer su entrega, la asamble\u00edsta estatal por el distrito 86, en El Bronx, Yudelka Tapia, expres\u00f3, \u201ceste libro es contempor\u00e1neo para los j\u00f3venes nuestros que viven en Estados Unidos, descendientes de dominicanos, y en \u00e9l pueden leer la historia dominicana de una manera que se relacione con ellos\u201d. Video:&nbsp;https:\/\/www.youtube.com\/watch?v=1kl05mhlbTo Por Ram\u00f3n Mercedes NUEVA YORK.-&nbsp;La [&hellip;]<\/p>\n","protected":false},"author":28,"featured_media":360633,"comment_status":"closed","ping_status":"","sticky":true,"template":"","format":"standard","meta":{"footnotes":""},"categories":[21,26,27],"tags":[],"class_list":["post-360632","post","type-post","status-publish","format-standard","has-post-thumbnail","hentry","category-cultura","category-efemerides","category-portada"],"_links":{"self":[{"href":"https:\/\/diariodominicano.com\/index.php?rest_route=\/wp\/v2\/posts\/360632","targetHints":{"allow":["GET"]}}],"collection":[{"href":"https:\/\/diariodominicano.com\/index.php?rest_route=\/wp\/v2\/posts"}],"about":[{"href":"https:\/\/diariodominicano.com\/index.php?rest_route=\/wp\/v2\/types\/post"}],"author":[{"embeddable":true,"href":"https:\/\/diariodominicano.com\/index.php?rest_route=\/wp\/v2\/users\/28"}],"replies":[{"embeddable":true,"href":"https:\/\/diariodominicano.com\/index.php?rest_route=%2Fwp%2Fv2%2Fcomments&post=360632"}],"version-history":[{"count":5,"href":"https:\/\/diariodominicano.com\/index.php?rest_route=\/wp\/v2\/posts\/360632\/revisions"}],"predecessor-version":[{"id":360640,"href":"https:\/\/diariodominicano.com\/index.php?rest_route=\/wp\/v2\/posts\/360632\/revisions\/360640"}],"wp:featuredmedia":[{"embeddable":true,"href":"https:\/\/diariodominicano.com\/index.php?rest_route=\/wp\/v2\/media\/360633"}],"wp:attachment":[{"href":"https:\/\/diariodominicano.com\/index.php?rest_route=%2Fwp%2Fv2%2Fmedia&parent=360632"}],"wp:term":[{"taxonomy":"category","embeddable":true,"href":"https:\/\/diariodominicano.com\/index.php?rest_route=%2Fwp%2Fv2%2Fcategories&post=360632"},{"taxonomy":"post_tag","embeddable":true,"href":"https:\/\/diariodominicano.com\/index.php?rest_route=%2Fwp%2Fv2%2Ftags&post=360632"}],"curies":[{"name":"wp","href":"https:\/\/api.w.org\/{rel}","templated":true}]}}