{"id":360613,"date":"2022-06-09T23:28:54","date_gmt":"2022-06-10T03:28:54","guid":{"rendered":"http:\/\/diariodominicano.com\/?p=360613"},"modified":"2022-06-09T23:41:57","modified_gmt":"2022-06-10T03:41:57","slug":"deciden-destituir-al-general-pedro-santana-del-mando-del-ejercito-del-sur-3","status":"publish","type":"post","link":"https:\/\/diariodominicano.com\/?p=360613","title":{"rendered":"Deciden destituir al general Pedro Santana del mando del Ej\u00e9rcito del Sur"},"content":{"rendered":"\n<p>General Pedro Santana<\/p>\n\n\n\n<p>Por HTN<\/p>\n\n\n\n<p>Diariodominicano.com<\/p>\n\n\n\n<p>SANTO DOMINGO, el \u00a010 de junio de 1844, los trinitarios,\u00a0 que tomaron\u00a0 el control de la Junta Central\u00a0 Gubernativa el d\u00eda anterior, el 9 de junio de 1844, aprobaron un plan para destituir al general Pedro Santana del mando del Ej\u00e9rcito del Sur.<\/p>\n\n\n\n<p>&nbsp;&nbsp;&nbsp; En la ocasi\u00f3n, el Ej\u00e9rcito del Sur, era el principal contingente armado que ten\u00eda la naciente Rep\u00fablica.<\/p>\n\n\n\n<p>&nbsp;&nbsp;&nbsp;&nbsp; La Junta Central Gubernativa, presidida por el pr\u00f3cer Francisco del Rosario S\u00e1nchez, tambi\u00e9n aprob\u00f3 enviar al general Juan Pablo Duarte a las provincias del Cibao, a fin de que orientara a la poblaci\u00f3n que se encontraba muy inquieta por las versiones que daban cuenta de la existencia de planes para convertir el pa\u00eds en un protectorado de Francia.<\/p>\n\n\n\n<p>&nbsp;&nbsp; Los planes en procura del protectorado de Francia, dividieron a los dominicanos.&nbsp; En consecuencia, cuando Juan Pablo Duarte, lleg\u00f3 al Cibao, ten\u00eda la misi\u00f3n de \u201cintervenir en las discordias intestinas y restablecer la paz y el orden necesarios para la prosperidad p\u00fablica\u201d.<\/p>\n\n\n\n<p>&nbsp;&nbsp; La salida del General Duarte con destino al Cibao, se produjo el 20 de junio de 1844.<\/p>\n\n\n\n<p>&nbsp;&nbsp; &nbsp;Los trinitarios tomaron el poder el d\u00eda&nbsp; 9 de junio de 1844, cuando dieron&nbsp; un golpe de Estado para quitar el poder a los conservadores que controlaban la Junta Central Gubernativa, presidida por Tom\u00e1s Bobadilla. El grupo conservador deseaba convertir a la naciente Rep\u00fablica Dominicana en un protectorado de Francia.<\/p>\n\n\n\n<p>&nbsp;&nbsp;&nbsp; El plan de los trinitarios&nbsp; se inici\u00f3 en la Fortaleza Ozama, en Santo Domingo, donde recibieron apoyo de un grupo de oficiales.<\/p>\n\n\n\n<p>&nbsp;&nbsp;&nbsp;&nbsp; Los trinitarios estimaban que Tom\u00e1s Bobadilla y los miembros de la Junta Central Gubernativa, Jos\u00e9 Mar\u00eda Caminero, Francisco Javier Abr\u00e9u y Francisco Ru\u00edz, eran culpables de conspirar contra la soberan\u00eda nacional al mantener negociaciones encaminadas a obtener la protecci\u00f3n de los franceses.<\/p>\n\n\n\n<p>&nbsp;&nbsp;&nbsp;&nbsp;&nbsp; Al consumarse el golpe de Estado contra la Junta Central&nbsp; Gubernativa, el pr\u00f3cer Francisco del Rosario S\u00e1nchez, fue escogido Presidente en lugar de Tom\u00e1s Bobadilla.<\/p>\n\n\n\n<p>&nbsp;&nbsp;&nbsp;&nbsp; Para completar la Junta Central Gubernativa, fueron designados los trinitarios Pedro Alejandro Pina, Manuel Mar\u00eda Valverde y Juan Isidro P\u00e9rez.<\/p>\n\n\n\n<p>&nbsp;&nbsp; El pr\u00f3cer Juan Pablo Duarte, quien ostentaba el rango de general, miembro de la Junta, fue designado Comandante Militar de Santo Domingo, la principal guarnici\u00f3n militar de Rep\u00fablica Dominicana.<\/p>\n\n\n\n<p>&nbsp;&nbsp;&nbsp; Los trinitarios hab\u00edan iniciado el plan para derrocar a los miembros de la Junta Central Gubernativa, a finales de mayo de 1844, por entender que pon\u00edan en peligro la soberan\u00eda nacional.<\/p>\n\n\n\n<p>&nbsp;&nbsp; Como parte del proyecto, el&nbsp;&nbsp; d\u00eda 31 Mayo de 1844, Juan Pablo Duarte y un grupo de sus seguidores iniciaron un plan con el prop\u00f3sito de tomar el poder en la Rep\u00fablica Dominicana, porque hab\u00eda ca\u00eddo en manos de los grupos conservadores que representaba el Presidente de la Junta Central Gubernativa, Tom\u00e1s Bobadilla y Briones, quien favorec\u00eda &nbsp;que la Naci\u00f3n pasara a ser un protectorado de Francia.<\/p>\n\n\n\n<p>&nbsp;El 31 de Mayo de 1844, Juan Pablo Duarte y un grupo de seguidores se reunieron&nbsp; con la guarnici\u00f3n de la Fortaleza Ozama, y lograron que 56 oficiales activos firmaran un documento dirigido a la Junta Central&nbsp; Gubernativa, para solicitarle que Duarte&nbsp; fuera nombrado General en Jefe del Ej\u00e9rcito, y los dem\u00e1s trinitarios, incluidos los pr\u00f3ceres Francisco del Rosario S\u00e1nchez y Mat\u00edas Ram\u00f3n Mella, fueran nombrados Generales de Divisi\u00f3n o Generales de Brigada.<\/p>\n\n\n\n<p>&nbsp;&nbsp;&nbsp; De esa manera, Juan Pablo Duarte y sus seguidores trataban de frenar el avance del grupo conservador que controlaba la Junta Central Gubernativa y desplazar al General Pedro Santana&nbsp; del control de las Fuerzas Armadas.<\/p>\n\n\n\n<p>&nbsp;&nbsp;&nbsp;&nbsp;&nbsp; La petici\u00f3n de los trinitarios fue rechazada por la Junta Central Gubernativa, con el argumento de que como cesaron por el momento las hostilidades con Hait\u00ed no era necesario elevar de rango a los oficiales que lo solicitaban.&nbsp;&nbsp;&nbsp;&nbsp;&nbsp;&nbsp;&nbsp;&nbsp;&nbsp;&nbsp;&nbsp;&nbsp;<\/p>\n\n\n\n<p>&nbsp;&nbsp;&nbsp;&nbsp; La Junta controlada por los conservadores tambi\u00e9n declar\u00f3 que \u201cno nombrar\u00e1 en lo adelante m\u00e1s oficiales generales, para estar en armon\u00eda&nbsp; con los principios del&nbsp; Manifiesto del 16 de Enero del presente a\u00f1o\u201d.<\/p>\n\n\n\n<p>Decisiones posteriores de la Junta Central Gubernativa, prueban que su reacci\u00f3n fue un simple pretexto para rechazar la petici\u00f3n de los trinitarios. En efecto, el d\u00eda 1 de junio, es decir, un d\u00eda despu\u00e9s de su rechazo, volvi\u00f3 a pedir la protecci\u00f3n pol\u00edtica y militar de Francia, para defenderse de los haitianos.<\/p>\n\n\n\n<p>&nbsp;&nbsp;&nbsp; La decisi\u00f3n se convirti\u00f3 en un&nbsp; est\u00edmulo para que los trinitarios siguieran adelante con su proyecto de tomar el control de la Junta Central Gubernativa.<\/p>\n","protected":false},"excerpt":{"rendered":"<p>General Pedro Santana Por HTN Diariodominicano.com SANTO DOMINGO, el \u00a010 de junio de 1844, los trinitarios,\u00a0 que tomaron\u00a0 el control de la Junta Central\u00a0 Gubernativa el d\u00eda anterior, el 9 de junio de 1844, aprobaron un plan para destituir al general Pedro Santana del mando del Ej\u00e9rcito del Sur. &nbsp;&nbsp;&nbsp; En la ocasi\u00f3n, el Ej\u00e9rcito [&hellip;]<\/p>\n","protected":false},"author":28,"featured_media":274138,"comment_status":"closed","ping_status":"","sticky":true,"template":"","format":"standard","meta":{"footnotes":""},"categories":[26,27],"tags":[],"class_list":["post-360613","post","type-post","status-publish","format-standard","has-post-thumbnail","hentry","category-efemerides","category-portada"],"_links":{"self":[{"href":"https:\/\/diariodominicano.com\/index.php?rest_route=\/wp\/v2\/posts\/360613","targetHints":{"allow":["GET"]}}],"collection":[{"href":"https:\/\/diariodominicano.com\/index.php?rest_route=\/wp\/v2\/posts"}],"about":[{"href":"https:\/\/diariodominicano.com\/index.php?rest_route=\/wp\/v2\/types\/post"}],"author":[{"embeddable":true,"href":"https:\/\/diariodominicano.com\/index.php?rest_route=\/wp\/v2\/users\/28"}],"replies":[{"embeddable":true,"href":"https:\/\/diariodominicano.com\/index.php?rest_route=%2Fwp%2Fv2%2Fcomments&post=360613"}],"version-history":[{"count":3,"href":"https:\/\/diariodominicano.com\/index.php?rest_route=\/wp\/v2\/posts\/360613\/revisions"}],"predecessor-version":[{"id":360623,"href":"https:\/\/diariodominicano.com\/index.php?rest_route=\/wp\/v2\/posts\/360613\/revisions\/360623"}],"wp:featuredmedia":[{"embeddable":true,"href":"https:\/\/diariodominicano.com\/index.php?rest_route=\/wp\/v2\/media\/274138"}],"wp:attachment":[{"href":"https:\/\/diariodominicano.com\/index.php?rest_route=%2Fwp%2Fv2%2Fmedia&parent=360613"}],"wp:term":[{"taxonomy":"category","embeddable":true,"href":"https:\/\/diariodominicano.com\/index.php?rest_route=%2Fwp%2Fv2%2Fcategories&post=360613"},{"taxonomy":"post_tag","embeddable":true,"href":"https:\/\/diariodominicano.com\/index.php?rest_route=%2Fwp%2Fv2%2Ftags&post=360613"}],"curies":[{"name":"wp","href":"https:\/\/api.w.org\/{rel}","templated":true}]}}