{"id":360610,"date":"2022-06-09T23:25:47","date_gmt":"2022-06-10T03:25:47","guid":{"rendered":"http:\/\/diariodominicano.com\/?p=360610"},"modified":"2022-06-10T00:01:38","modified_gmt":"2022-06-10T04:01:38","slug":"fallece-gustavo-mejia-ricart-2","status":"publish","type":"post","link":"https:\/\/diariodominicano.com\/?p=360610","title":{"rendered":"Fallece Gustavo Mej\u00eda Ricart"},"content":{"rendered":"\n<p><\/p>\n\n\n\n<p>Por HTN<\/p>\n\n\n\n<p>Diariodominicano.com<\/p>\n\n\n\n<p>MADRID, Espa\u00f1a,&nbsp; el &nbsp;10 de junio de 1962, muri\u00f3 en Madrid, Espa\u00f1a, el educador e historiador dominicano&nbsp; Gustavo Mej\u00eda Ricart. <em>&nbsp;<\/em>Hab\u00eda nacido en ciudad de Santo Domingo el 24 de septiembre de 1893.<\/p>\n\n\n\n<p>Se destac\u00f3 como&nbsp; escritor, historiador, educador y abogado. <em><\/em><\/p>\n\n\n\n<figure class=\"wp-block-table\"><table><tbody><tr><td><em>De 1914 a 1919, curs\u00f3 la carrera de derecho en&nbsp; el Instituto Profesional, de Santo Domingo,&nbsp;&nbsp; y de Doctor en Derecho Civil y en Derecho P\u00fablico y Ciencias Pol\u00edticas en la Universidad de La Habana).<\/em> <em>&nbsp;<\/em> <em>En las&nbsp; actividades docentes inici\u00f3 como maestro en la Escuela Normal y luego pas\u00f3 a impartir c\u00e1tedras en las facultades de Derecho y de Filosof\u00eda y Letras de la Universidad de Santo Domingo.<\/em> <em>&nbsp;<\/em> <em>\u201cTrabaj\u00f3 como abogado en San Pedro de Macor\u00eds, en Santo Domingo y en Cuba.<\/em> <em>&nbsp;<\/em> <em>Mej\u00eda Ricart Se desempe\u00f1\u00f3&nbsp; como Juez de Primera Instancia, Abogado del Estado ante los Tribunales de Tierras, Diputado al Congreso Nacional por Santo Domingo y por las provincias Duarte, Saman\u00e1 y San Rafael.<\/em> <em>&nbsp;<\/em> <em>Ocup\u00f3 la presidencia del&nbsp; Instituto de Investigaciones Hist\u00f3ricas y el Instituto Nacional de Criminolog\u00eda y fue miembro de la Academia Dominicana de la Lengua, de la Sociedad Bolivariana de Santo Domingo y de la Comisi\u00f3n de Estudios Hist\u00f3ricos y Filos\u00f3ficos de la Sociedad Colombiana.<\/em> <em>&nbsp;<\/em> <em>Gustavo Mej\u00eda Ricart tambi\u00e9n colabor\u00f3&nbsp; con&nbsp; la Academia de Ciencias Penales de la Universidad de Par\u00eds y M\u00e9xico, el Colegio de Abogados de La Habana y la Academia Nacional de Historia y Geograf\u00eda de M\u00e9xico.<\/em> <em>&nbsp;<\/em> <em>En Escritores Dominicanos se&nbsp; destaca que su&nbsp; posici\u00f3n pol\u00edtica estuvo&nbsp; a favor de los intereses del pueblo, sus&nbsp; cuestionamientos a los reg\u00edmenes conservadores y su actitud de hombre recto e insobornable le costaron varios apresamientos.<\/em> <em>&nbsp;<\/em> <em>Resalta que su producci\u00f3n en el campo de la historia, la pol\u00edtica y el derecho es abundante y significativa para la bibliograf\u00eda nacional. Y considera que la&nbsp; cr\u00edtica literaria ha sido muy indiferente a su producci\u00f3n.<\/em> <em>&nbsp;<\/em><br><br> <strong><em>BIBLIOGRAF\u00cdA<\/em><\/strong><br><strong><em><br>NOVELA<\/em><\/strong><em>&nbsp;<\/em> <em>&nbsp;<\/em> <br><br><em>La ca\u00edda de las alas. La Habana: Imprenta de El F\u00edgaro, 1925. Un blas\u00f3n colonial. Ciudad Trujillo: Pol Hermanos, 1947.<br><br><\/em> <strong><em>CUENTO<\/em><\/strong> <strong><em>&nbsp;<\/em><\/strong><br><br> <em>&nbsp;Mi libro de cuentos. Santo Domingo: Imprenta La Cuna de las Am\u00e9ricas, 1914. Viejos romances: cuentos y nove-las cortas. Ciudad Trujillo: Editora La Palabra, 1952.<\/em> <br><em><br><strong>TEATRO<\/strong>.<\/em> <em>&nbsp;<\/em> <br><br><em>Mar\u00eda de Toledo. Santo Domingo: Fundaci\u00f3n Mej\u00eda Ricart\/Guzm\u00e1n Boon, 1990.<\/em> <br><em><br><strong>ANTOLOG\u00cdA.&nbsp;<\/strong><\/em> <br><br><strong><em>&nbsp;<\/em><\/strong> <em>Antolog\u00eda de poetas dominicanos. Ciudad Trujillo: Editora La Palabra, 1954.<\/em> <em><br>E<strong>NSAYO.<\/strong>&nbsp;<\/em> <em>&nbsp;<\/em> <em>Acuso a Roma: yo contra el invasor. La Habana: Imprenta El F\u00edgaro, 1920. La defensa del Capotillo. La Habana: Imprenta El F\u00edgaro, 1920. Introducci\u00f3n a la historia. Ciudad Trujillo: Imprenta List\u00edn Diario, 1940. Jos\u00e9 Mar\u00eda Heredia y sus obras. La Habana: Imprenta Molina, 1941. Historia general del Derecho e historia del Derecho dominicano: Santiago de los Caballeros, 1942-1943. Gast\u00f3n Fernando Deligne: el poeta civil. Ciudad Trujillo: Pol Hermanos, 1944. En torno a un c\u00f3digo interamericano de defensa social. Ciudad Trujillo: s.n., 1948. Historia de Santo Domingo. Santo Domingo: Editorial Pol Hermanos, 1948-1952. Biograf\u00eda del caudillo Pedro Santana. Santo Domingo: Editora Alfa y Omega, 1980.<br><br><br><\/em><\/td><\/tr><\/tbody><\/table><\/figure>\n","protected":false},"excerpt":{"rendered":"<p>Por HTN Diariodominicano.com MADRID, Espa\u00f1a,&nbsp; el &nbsp;10 de junio de 1962, muri\u00f3 en Madrid, Espa\u00f1a, el educador e historiador dominicano&nbsp; Gustavo Mej\u00eda Ricart. &nbsp;Hab\u00eda nacido en ciudad de Santo Domingo el 24 de septiembre de 1893. Se destac\u00f3 como&nbsp; escritor, historiador, educador y abogado. De 1914 a 1919, curs\u00f3 la carrera de derecho en&nbsp; el [&hellip;]<\/p>\n","protected":false},"author":28,"featured_media":360635,"comment_status":"closed","ping_status":"","sticky":true,"template":"","format":"standard","meta":{"footnotes":""},"categories":[26,27],"tags":[],"class_list":["post-360610","post","type-post","status-publish","format-standard","has-post-thumbnail","hentry","category-efemerides","category-portada"],"_links":{"self":[{"href":"https:\/\/diariodominicano.com\/index.php?rest_route=\/wp\/v2\/posts\/360610","targetHints":{"allow":["GET"]}}],"collection":[{"href":"https:\/\/diariodominicano.com\/index.php?rest_route=\/wp\/v2\/posts"}],"about":[{"href":"https:\/\/diariodominicano.com\/index.php?rest_route=\/wp\/v2\/types\/post"}],"author":[{"embeddable":true,"href":"https:\/\/diariodominicano.com\/index.php?rest_route=\/wp\/v2\/users\/28"}],"replies":[{"embeddable":true,"href":"https:\/\/diariodominicano.com\/index.php?rest_route=%2Fwp%2Fv2%2Fcomments&post=360610"}],"version-history":[{"count":3,"href":"https:\/\/diariodominicano.com\/index.php?rest_route=\/wp\/v2\/posts\/360610\/revisions"}],"predecessor-version":[{"id":360636,"href":"https:\/\/diariodominicano.com\/index.php?rest_route=\/wp\/v2\/posts\/360610\/revisions\/360636"}],"wp:featuredmedia":[{"embeddable":true,"href":"https:\/\/diariodominicano.com\/index.php?rest_route=\/wp\/v2\/media\/360635"}],"wp:attachment":[{"href":"https:\/\/diariodominicano.com\/index.php?rest_route=%2Fwp%2Fv2%2Fmedia&parent=360610"}],"wp:term":[{"taxonomy":"category","embeddable":true,"href":"https:\/\/diariodominicano.com\/index.php?rest_route=%2Fwp%2Fv2%2Fcategories&post=360610"},{"taxonomy":"post_tag","embeddable":true,"href":"https:\/\/diariodominicano.com\/index.php?rest_route=%2Fwp%2Fv2%2Ftags&post=360610"}],"curies":[{"name":"wp","href":"https:\/\/api.w.org\/{rel}","templated":true}]}}