{"id":36059,"date":"2008-05-30T03:01:51","date_gmt":"2008-05-30T03:01:51","guid":{"rendered":"http:\/\/diariodominicano.ddns.net\/?p=36059"},"modified":"2008-05-30T03:01:51","modified_gmt":"2008-05-30T03:01:51","slug":"el-tiro-rapido-245","status":"publish","type":"post","link":"https:\/\/diariodominicano.com\/?p=36059","title":{"rendered":"EL TIRO R\u00c1PIDO"},"content":{"rendered":"<p><body><\/p>\n<p align=\"center\"><span class=\"titulogrande1\">EL TIRO R\u00c1PIDO<\/span><br \/>&#13;<br \/>\n  <br \/>&#13;<br \/>\n    <strong>de<\/strong><br \/>&#13;<br \/>\n  <br \/>&#13;<br \/>\n  <span class=\"textogrande\">Mario Rivadulla<\/span><\/p>\n<p>&#13;<\/p>\n<p align=\"justify\" class=\"text1noticias\">Al  filo del mediod\u00eca de hoy, el Presidente Leonel Fern\u00e0ndez y el Vicepresidente  Rafael Albuquerque recibieron sus sendos certificados de elecci\u00f2n para un nuevo  per\u00ecodo.\u00a0 La entrega corri\u00f2 a cargo del  Presidente de la Junta Central  Electoral, doctor Julio C\u00e8sar Casta\u00f1os Guzm\u00e1n, en el curso de una sencilla  ceremonia efectuada en el auditorio de su sede, en presencia del pleno de ese  tribunal y un escogido grupo de invitados.<\/p>\n<p>&#13;<\/p>\n<p align=\"justify\" class=\"text1noticias\">La  ceremonia, precedida por el himno nacional, di\u00f2 comienzo de manera formal con  el discurso introductoria del doctor Casta\u00f1os Guzm\u00e1n.\u00a0 El magistrado puso \u00e9nfasis en el ejemplar  sentido de orden conque el electorado concurri\u00f2 a las urnas, al tiempo que la  forma especialmente organizada en que se montaron y efectuaron los comicios. El  orador record\u00f2 que tanto el uno como la otra fueron objeto de especiales  reconocimientos por parte de las comisiones de observadores internacionales que  recorrieron los colegios el d\u00eca de las votaciones.<\/p>\n<p>&#13;<\/p>\n<p align=\"justify\" class=\"text1noticias\">Pero  no todo fueron elogios y parabienes.\u00a0 Ya  al finalizar su intervenci\u00f3n, Casta\u00f1os Guzm\u00e1n llam\u00f2 la atenci\u00f3n del Presidente  reelecto sobre las graves responsabilidades que habr\u00e0 de encarar en su nuevo  peri\u00f2do de gobierno, y a\u00f9n antes de finalizar el presente.\u00a0 Sus advertencias fueron resumidas en una  frase muy gr\u00e0fica con la que concluy\u00f2 sus palabras: \u201cla carga que trae el  cargo\u201d.<\/p>\n<p>&#13;<\/p>\n<p align=\"justify\" class=\"text1noticias\">El  reelecto mandatario agot\u00f2 a su vez el obligado turno de orden.\u00a0 Fue un discurso tambi\u00e8n breve en que  destacaron tres aspectos. <\/p>\n<p>&#13;<\/p>\n<p align=\"justify\" class=\"text1noticias\">El  primero fue el de sostener la legitimidad de su victoria, dando respuesta a  argumentos de la oposici\u00f3n, principalmente esgrimidos por voces del PRD,  especialmente su propio Presidente Ram\u00f2n Albuquerque.\u00a0<br \/>&#13;<br \/>\n  <br \/> &#13;<br \/>\nPara ello, apel\u00f2 a la lectura del mensaje  recibido del Secretario General de la   OEA felicit\u00e0ndolo por la validez de su triunfo en primera  vuelta, \u00a0as\u00ec como el informe inicial de  los observadores del organismo, donde tambi\u00e8n hacen resaltar el orden, la  normalidad y transparencia con que transcurrieron las elecciones.<\/p>\n<p>&#13;<\/p>\n<p align=\"justify\" class=\"text1noticias\">En  otro orden, el Presidente Fern\u00e0ndez defendi\u00f2 la tradicional y fuertemente  satanizada \u00a0reelecci\u00f3n apelando a varios  ejemplos hist\u00f2ricos, afirmando que su escogencia sin traumas para un nuevo  per\u00ecodo de gobierno es un ejemplo de madurez y fortalecimiento de la democracia  dominicana.<\/p>\n<p>&#13;<\/p>\n<p align=\"justify\" class=\"text1noticias\">Cubierto  el expediente pol\u00ectico, lo m\u00e0s importante a nuestro juicio fue la referencia  final hecha por el Ejecutivo a las advertencias que tambi\u00e8n, en la conclusi\u00f3n  de sus palabras, le dirigiera el Presidente de la Junta sobre los problemas  que tendr\u00e0 que enfrentar en su nueva gesti\u00f3n.<\/p>\n<p>&#13;<\/p>\n<p align=\"justify\" class=\"text1noticias\">El  doctor Fern\u00e0ndez dijo estar consciente de que el pa\u00ecs tanto como la humanidad  est\u00e0n viviendo una etapa muy dif\u00edcil de crisis.\u00a0  Esta se manifiesta en distintos escenarios.\u00a0 Crisis del petr\u00f3leo por la ruinosa escalada  de precios para la econom\u00eda de la mayor\u00eca de los pa\u00ecses.\u00a0 Crisis alimentaria que amenaza de hambruna a  millones de personas,\u00a0 por carest\u00eda y  encarecimiento de rubros esenciales como el arroz, el aceite, el ma\u00ecz, el  trigo, los productos l\u00e0cteos y tantos otros que son componentes esenciales de  la dieta. <br \/>&#13;<br \/>\n  <br \/>&#13;<br \/>\nCrisis financiera principalmente en Estados Unidos y Europa.\u00a0 Crisis clim\u00e0tica por el fen\u00f3meno del llamado  \u201ccalentamiento global\u201d, potencial y grave amenaza a las condiciones que hacen  posible la vida humana en la tierra.\u00a0  Pudi\u00e8ramos agregar por nuestra parte, una profunda crisis de valores.<\/p>\n<p>&#13;<\/p>\n<p align=\"justify\" class=\"text1noticias\">No  obstante todo lo anterior, el reelecto Presidente se mostr\u00f2 confiado y  optimista de que al igual que en dif\u00edciles ocasiones anteriores, \u00a0est\u00e0 en capacidad de hacer frente a esos retos  y en medio de ese mar de dificultades, mantener el ritmo de crecimiento del  pa\u00ecs y promover su progreso econ\u00f2mico y bienestar social.<\/p>\n<p>&#13;<\/p>\n<p align=\"justify\" class=\"text1noticias\">No  hay pues excusa por v\u00eca de ignorancia o sorpresa.\u00a0 El Presidente y su equipo admiten saber lo  que les espera por delante.\u00a0 Es de  suponer que cuando muestran tan firme confianza en que podr\u00e0n sortear todos los  escollos y hacer una gesti\u00f3n de gobierno que, \u00a0al final, \u00a0presente un balance de logros razonables es  porque han evaluado sus opciones y previsto las medidas que tomar\u00e0n.<\/p>\n<p>&#13;<\/p>\n<p align=\"justify\" class=\"text1noticias\">Solo  resta pues, repetir la cl\u00e0sica sentencia: Si es as\u00ec, que Dios se lo premie y el  pueblo se lo reconozca; de lo contrario, que ambos se lo tomen en cuenta.<\/p>\n<p>&#13;<\/p>\n<h6> 2008-05-30 03:01:51 <\/h6>\n<p><!--\n<link rel=\"stylesheet\" href=\"css\/bootstrap.min.css\">\n\n\n<ul class=\"pagination\">\n\t    \n\t\n\n<li >\n\t<a href='?page_no=11959'>Previous<\/a>\n\t<\/li>\n\n\n       \n    \n\n<li><a href='?page_no=1'>1<\/a><\/li>\n\n\n\n<li><a href='?page_no=2'>2<\/a><\/li>\n\n\n\n<li><a>...<\/a><\/li>\n\n\n\n<li><a href='?page_no=11958'>11958<\/a><\/li>\n\n\n\n<li><a href='?page_no=11959'>11959<\/a><\/li>\n\n\n\n<li class='active'><a>11960<\/a><\/li>\n\n\n\n<li><a href='?page_no=11961'>11961<\/a><\/li>\n\n\n\n<li><a href='?page_no=11962'>11962<\/a><\/li>\n\n\n\n<li><a>...<\/a><\/li>\n\n\n\n<li><a href='?page_no=13611'>13611<\/a><\/li>\n\n\n\n<li><a href='?page_no=13612'>13612<\/a><\/li>\n\n    \n\t\n\n<li >\n\t<a href='?page_no=11961'>Next<\/a>\n\t<\/li>\n\n\n    \n\n<li><a href='?page_no=13612'>Last &rsaquo;&rsaquo;<\/a><\/li>\n\n<\/ul>\n\n\n--><br \/>\n<\/body><\/p>\n","protected":false},"excerpt":{"rendered":"<p>EL TIRO R\u00c1PIDO&#13; &#13; de&#13; &#13; Mario Rivadulla &#13; Al filo del mediod\u00eca de hoy, el Presidente Leonel Fern\u00e0ndez y el Vicepresidente Rafael Albuquerque recibieron sus sendos certificados de elecci\u00f2n para un nuevo per\u00ecodo.\u00a0 La entrega corri\u00f2 a cargo del Presidente de la Junta Central Electoral, doctor Julio C\u00e8sar Casta\u00f1os Guzm\u00e1n, en el curso de [&hellip;]<\/p>\n","protected":false},"author":3,"featured_media":0,"comment_status":"open","ping_status":"open","sticky":false,"template":"","format":"standard","meta":{"footnotes":""},"categories":[16],"tags":[],"class_list":["post-36059","post","type-post","status-publish","format-standard","hentry","category-opiniones"],"_links":{"self":[{"href":"https:\/\/diariodominicano.com\/index.php?rest_route=\/wp\/v2\/posts\/36059","targetHints":{"allow":["GET"]}}],"collection":[{"href":"https:\/\/diariodominicano.com\/index.php?rest_route=\/wp\/v2\/posts"}],"about":[{"href":"https:\/\/diariodominicano.com\/index.php?rest_route=\/wp\/v2\/types\/post"}],"author":[{"embeddable":true,"href":"https:\/\/diariodominicano.com\/index.php?rest_route=\/wp\/v2\/users\/3"}],"replies":[{"embeddable":true,"href":"https:\/\/diariodominicano.com\/index.php?rest_route=%2Fwp%2Fv2%2Fcomments&post=36059"}],"version-history":[{"count":0,"href":"https:\/\/diariodominicano.com\/index.php?rest_route=\/wp\/v2\/posts\/36059\/revisions"}],"wp:attachment":[{"href":"https:\/\/diariodominicano.com\/index.php?rest_route=%2Fwp%2Fv2%2Fmedia&parent=36059"}],"wp:term":[{"taxonomy":"category","embeddable":true,"href":"https:\/\/diariodominicano.com\/index.php?rest_route=%2Fwp%2Fv2%2Fcategories&post=36059"},{"taxonomy":"post_tag","embeddable":true,"href":"https:\/\/diariodominicano.com\/index.php?rest_route=%2Fwp%2Fv2%2Ftags&post=36059"}],"curies":[{"name":"wp","href":"https:\/\/api.w.org\/{rel}","templated":true}]}}