{"id":36056,"date":"2008-05-30T03:09:58","date_gmt":"2008-05-30T03:09:58","guid":{"rendered":"http:\/\/diariodominicano.ddns.net\/?p=36056"},"modified":"2008-05-30T03:09:58","modified_gmt":"2008-05-30T03:09:58","slug":"la-logica-del-terrorismo-de-estado","status":"publish","type":"post","link":"https:\/\/diariodominicano.com\/?p=36056","title":{"rendered":"La l\u00f3gica del terrorismo de Estado"},"content":{"rendered":"<p><body><\/p>\n<p class=\"text1noticias\">&#8211; &#8211; &#8211; Servicio Informativo \u00abAlai-amlatina\u00bb &#8211; &#8211;  &#8211;<\/p>\n<p>&#13;<\/p>\n<p><span class=\"text1noticias\">Estados Unidos- Colombia<\/span><br \/>&#13;<br \/>\n    <span class=\"titulogrande1\"><br \/>&#13;<br \/>\nLa l\u00f3gica del terrorismo de Estado<\/span><\/p>\n<p>&#13;<\/p>\n<p align=\"justify\" class=\"text1noticias\">Ren\u00e9 B\u00e1ez<\/p>\n<p>&#13;<\/p>\n<p align=\"justify\" class=\"text1noticias\"><strong>ALAI AMLATINA, 29\/05\/2008, Quito.- <\/strong>El Plan Colombia,  dise\u00f1ado por el gobierno de Andr\u00e9s Pastrana y el Departamento de Estado, cofinanciado  por la Uni\u00f3n Europea y puesto en vigor por el dem\u00f3crata Bill Clinton en su  visita a Cartagena de agosto del 2000, detr\u00e1s del membrete de cruzada contra el  narcotr\u00e1fico y ulteriormente de lucha contra el terrorismo internacional,  oculta oscuros intereses metropolitanos y de la oligarqu\u00eda \u00abpaisa\u00bb.  Desglosemos tales prop\u00f3sitos.<\/p>\n<p>&#13;<\/p>\n<p align=\"justify\" class=\"text1noticias\">El objetivo geopol\u00edtico cardinal de EE. UU. despu\u00e9s de la  implosi\u00f3n del \u00absocialismo real\u00bb europeo no es otro que consolidar su  hegemon\u00eda unipolar. De este prop\u00f3sito mayor se derivan las metas estrat\u00e9gicas  del Plan Colombia:<\/p>\n<p>&#13;<\/p>\n<p align=\"justify\" class=\"text1noticias\">a) Reasegurar el control pol\u00edtico-militar estadounidense  del norte de Sudam\u00e9rica (resquebrajado despu\u00e9s del retiro de Panam\u00e1 de la Base  Howard, en 1999)<br \/>&#13;<br \/>\n  <br \/>&#13;<br \/>\n  b) Instalar fortines militares para apropiarse de los  recursos naturales, energ\u00e9ticos y bioenerg\u00e9ticos de la Amazon\u00eda<br \/>&#13;<br \/>\n  <br \/>&#13;<br \/>\n  c) Controlar el comercio subregional con los pa\u00edses  asi\u00e1ticos<br \/>&#13;<br \/>\n  <br \/>&#13;<br \/>\n  d) Despoblar territorios a trav\u00e9s de operativos de  genocidio y etnocidio<br \/>&#13;<br \/>\n  <br \/>&#13;<br \/>\n  e) Debilitar la gravitaci\u00f3n geopol\u00edtica del Brasil<br \/>&#13;<br \/>\n  <br \/>&#13;<br \/>\n  f) Evangelizar a los latinoamericanos en el culto al  mercado y a la democracia formal, entre otros<\/p>\n<p>&#13;<\/p>\n<p align=\"justify\" class=\"text1noticias\">En el terreno estrictamente econ\u00f3mico, el Plan busca  reforzar las columnas del capital financiero sustentando la producci\u00f3n y la  venta de armas, apuntalando la industria qu\u00edmica y mejorando los r\u00e9ditos para  Wall Street provenientes del tr\u00e1fico internacional de drogas psicoactivas  naturales. Los beneficios del programa para los \u00ablos se\u00f1ores de la  guerra\u00bb estadounidenses se evidenciaron desde que la fracci\u00f3n sustantiva  de los fondos provistos inicialmente por Washington tuvo como destino inicial  la compra de helic\u00f3pteros Blackhawks, que solo se fabrican en USA. Asimismo, un  reporte del Nuevo Herald coincidente con la oficializaci\u00f3n del Plan dio cuenta  que las fumigaciones de los cultivos de coca y amapola se realizaban con el  Roundup, un agrot\u00f3xico producido por la Monsanto. Intensificados los bombardeos  qu\u00edmicos, se conoci\u00f3 que el precio del kilo de coca\u00edna en Nueva York se dispar\u00f3  desde 120 mil a 240 mil d\u00f3lares, para felicidad de los  \u00abblanqueadores\u00bb <br \/>&#13;<br \/>\n  <br \/>&#13;<br \/>\n  primermundistas que, en \u00faltima instancia, son los mayores  beneficiarios de ese colosal negocio, estimado actualmente en m\u00e1s de 700 mil  millones de d\u00f3lares y equiparable al del petr\u00f3leo o al de la fabricaci\u00f3n y  comercio de material b\u00e9lico.<\/p>\n<p>&#13;<\/p>\n<p align=\"justify\" class=\"text1noticias\">En tiempos de la administraci\u00f3n del republicano George W.  Bush, el Plan Colombia fue redefinido con el sarc\u00e1stico nombre de Iniciativa  Regional Andina (IRA), con el abierto prop\u00f3sito de internacionalizar la guerra  civil que flagela la hermana naci\u00f3n fronteriza como corolario del asesinato del  l\u00edder popular Jorge Eli\u00e9cer Gait\u00e1n en 1948; y, despu\u00e9s del memorable 11-S del  2001, ser\u00e1 incorporado a la fementida campa\u00f1a mundial contra el terrorismo  decidida por los \u00abhalcones\u00bb del complejo industrial-militar  norteamericano como medio de profundizar un keynesianismo de guerra y  \u00abneutralizar\u00bb \/eliminar a los disidentes de la globalizaci\u00f3n  corporativa (ll\u00e1mense l\u00edderes de la oposici\u00f3n parlamentaria, dirigentes  sindicales, defensores de los derechos humanos, ecologistas, guerrilleros,  cristianos liberacionistas, ind\u00edgenas o simplemente excluidos por la  acumulaci\u00f3n por desposesi\u00f3n institucionalizada por el \u201ccapitalismo del  Pent\u00e1gono\u201d).<\/p>\n<p>&#13;<\/p>\n<p align=\"justify\" class=\"text1noticias\">Como todo hecho hist\u00f3rico, el Plan Colombia se sustenta  tambi\u00e9n en factores end\u00f3genos, en este caso inherentes al pa\u00eds neogranadino. \u00bfA  qu\u00e9 aludimos?<br \/>&#13;<br \/>\n  <br \/>&#13;<br \/>\n  Producto de una evoluci\u00f3n contrahecha y subordinada, la  crisis cafetalera colombiana de los a\u00f1os 70 deriv\u00f3 en una constelaci\u00f3n de  problemas econ\u00f3micos, sociales, pol\u00edticos e institucionales cada vez m\u00e1s  agudos. Una tr\u00e1gica deriva de su crisis multidimensional ha sido que el pa\u00eds  sudamericano se convierta, a partir del citado decenio, en un importante  productor y exportador de drogas al vasto mercado yanqui (un mercado de  aproximadamente 60 millones de adictos irrecuperables), fen\u00f3meno inducido por  el aperturismo comercial instrumentado por los gobiernos conservadores y  liberales colombianos al tenor de las recomendaciones-imposiciones de entidades  como el Fondo Monetario Internacional, el Banco Mundial, el BID, la CAF.<\/p>\n<p>&#13;<\/p>\n<p align=\"justify\" class=\"text1noticias\">La apertura colombiana a la importaci\u00f3n de bienes  producidos por el poderoso y subsidiado \u00abagrobusiness\u00bb  norteamericano, a la par que provoc\u00f3 la ruina de los campesinos, forz\u00f3 a estos  al \u00e9xodo a las ciudades o a subsistir con cultivos no tradicionales. Esta  \u00abreconversi\u00f3n\u00bb de la agricultura colombiana result\u00f3 en la  constituci\u00f3n de una matriz productiva con unas 100 mil familias establecidas en  decenas de miles de hect\u00e1reas y dio paso a procesos de industrializaci\u00f3n y  comercializaci\u00f3n de la marihuana, la coca y la amapola, actividades que  representan r\u00e9ditos para un amplio espectro social interno que incluye desde  partidos pol\u00edticos del establecimiento liberal\/conservador, legisladores,  jueces, banqueros, periodistas, hasta paramilitares y capos de la droga de  diverso perfil, proveedores de armas, oficiales y tropas del Ej\u00e9rcito y la  Polic\u00eda, peque\u00f1os productores agr\u00edcolas, raspachines y \u00abpericos\u00bb. La  guerrilla izquierdista de las FARC, conforme a declaraciones de sus  comandantes, percibe ingresos por concepto de tributos cobrados a los  campesinos, refinadores y narcotraficantes.<\/p>\n<p>&#13;<\/p>\n<p align=\"justify\" class=\"text1noticias\">Adem\u00e1s de defender su cuota en el gran pastel del  narcotr\u00e1fico, cuya fracci\u00f3n sustantiva es retenida e invertida en las  metr\u00f3polis, la oligarqu\u00eda norte\u00f1a encontr\u00f3 en el Plan Colombia la mejor  coartada para impulsar su reforma agraria \u00abal rev\u00e9s\u00bb, consistente en  expulsar de sus asentamientos ancestra1es a los campesinos y a las comunidades  ind\u00edgenas, apropiarse de sus tierras a trav\u00e9s de los operativo s del Ej\u00e9rcito y  las bandas de paramilitares y, ulteriormente, integrar latifundios para el  cultivo de la palma africana, soya y otras producciones primarias congruentes  con la vieja\/nueva divisi\u00f3n internacional del trabajo promovida por el capital  transnaciona1 desde los a\u00f1os 70 mediante la implantaci\u00f3n de dictaduras  fascistas en el Cono Sur, como las de Augusto Pinochet en Chile y Rafael Videla  en Argentina.<\/p>\n<p>&#13;<\/p>\n<p align=\"justify\" class=\"text1noticias\">El debilitamiento institucional y moral del Estado  colombiano, que incluso le ha llevado a la p\u00e9rdida del control de  aproximadamente un tercio de su territorio y de la mitad de sus municipios,  abrir\u00e1 un ancho cauce para Estados Unidos asuma un virtual protectorado de la  naci\u00f3n suramericana y para que, blandiendo el mito de la \u00absociedad sin  drogas\u00bb o la met\u00e1fora de la \u00abguerra infinita contra los  terroristas\u00bb haya criminalizado a una sociedad entera en un intento por  legitimar guerras neocolonialistas en connivencia con la Uni\u00f3n Europea.<\/p>\n<p>&#13;<\/p>\n<p align=\"justify\" class=\"text1noticias\">La amarga experiencia colombiana no se circunscribe a sus  fronteras. <br \/>&#13;<br \/>\n  <br \/>&#13;<br \/>\n  Producto combinado de la dominaci\u00f3n externa y de la  expoliaci\u00f3n interna, el Plan Colombia\/lRA\/Plan Patriota, adosado a los TLCs, al  IIRSA (Iniciativa de Integraci\u00f3n de la Infraestructura de Sud Am\u00e9rica) y al  Plan M\u00e9rida (el flamante \u201cPlan Colombia mexicano\u201d), ha venido irradiando  progresivamente sus siniestros instrumentos y consecuencias, especialmente a  los pa\u00edses andinos.<\/p>\n<p>&#13;<\/p>\n<p align=\"justify\" class=\"text1noticias\">Las recurrentes violaciones a la soberan\u00eda de pa\u00edses como  Venezuela y Ecuador protagonizadas por \u00c1lvaro Uribe, un ex colaborador del  \u201cJefe\u201d Pablo Escobar, se inscriben en el contexto hist\u00f3rico  lac\u00f3nicamente descrito.<\/p>\n<p>&#13;<\/p>\n<p align=\"justify\" class=\"text1noticias\">&#8211; Ren\u00e9 B\u00e1ez, economista ecuatoriano, es catedr\u00e1tico  universitario, Premio Nacional de Econom\u00eda y miembro de la International  Writers Association.<\/p>\n<p>&#13;<\/p>\n<h6> 2008-05-30 03:09:58 <\/h6>\n<p><!--\n<link rel=\"stylesheet\" href=\"css\/bootstrap.min.css\">\n\n\n<ul class=\"pagination\">\n\t    \n\t\n\n<li >\n\t<a href='?page_no=11957'>Previous<\/a>\n\t<\/li>\n\n\n       \n    \n\n<li><a href='?page_no=1'>1<\/a><\/li>\n\n\n\n<li><a href='?page_no=2'>2<\/a><\/li>\n\n\n\n<li><a>...<\/a><\/li>\n\n\n\n<li><a href='?page_no=11956'>11956<\/a><\/li>\n\n\n\n<li><a href='?page_no=11957'>11957<\/a><\/li>\n\n\n\n<li class='active'><a>11958<\/a><\/li>\n\n\n\n<li><a href='?page_no=11959'>11959<\/a><\/li>\n\n\n\n<li><a href='?page_no=11960'>11960<\/a><\/li>\n\n\n\n<li><a>...<\/a><\/li>\n\n\n\n<li><a href='?page_no=13611'>13611<\/a><\/li>\n\n\n\n<li><a href='?page_no=13612'>13612<\/a><\/li>\n\n    \n\t\n\n<li >\n\t<a href='?page_no=11959'>Next<\/a>\n\t<\/li>\n\n\n    \n\n<li><a href='?page_no=13612'>Last &rsaquo;&rsaquo;<\/a><\/li>\n\n<\/ul>\n\n\n--><br \/>\n<\/body><\/p>\n","protected":false},"excerpt":{"rendered":"<p>&#8211; &#8211; &#8211; Servicio Informativo \u00abAlai-amlatina\u00bb &#8211; &#8211; &#8211; &#13; Estados Unidos- Colombia&#13; &#13; La l\u00f3gica del terrorismo de Estado &#13; Ren\u00e9 B\u00e1ez &#13; ALAI AMLATINA, 29\/05\/2008, Quito.- El Plan Colombia, dise\u00f1ado por el gobierno de Andr\u00e9s Pastrana y el Departamento de Estado, cofinanciado por la Uni\u00f3n Europea y puesto en vigor por el dem\u00f3crata [&hellip;]<\/p>\n","protected":false},"author":3,"featured_media":0,"comment_status":"open","ping_status":"open","sticky":false,"template":"","format":"standard","meta":{"footnotes":""},"categories":[16],"tags":[],"class_list":["post-36056","post","type-post","status-publish","format-standard","hentry","category-opiniones"],"_links":{"self":[{"href":"https:\/\/diariodominicano.com\/index.php?rest_route=\/wp\/v2\/posts\/36056","targetHints":{"allow":["GET"]}}],"collection":[{"href":"https:\/\/diariodominicano.com\/index.php?rest_route=\/wp\/v2\/posts"}],"about":[{"href":"https:\/\/diariodominicano.com\/index.php?rest_route=\/wp\/v2\/types\/post"}],"author":[{"embeddable":true,"href":"https:\/\/diariodominicano.com\/index.php?rest_route=\/wp\/v2\/users\/3"}],"replies":[{"embeddable":true,"href":"https:\/\/diariodominicano.com\/index.php?rest_route=%2Fwp%2Fv2%2Fcomments&post=36056"}],"version-history":[{"count":0,"href":"https:\/\/diariodominicano.com\/index.php?rest_route=\/wp\/v2\/posts\/36056\/revisions"}],"wp:attachment":[{"href":"https:\/\/diariodominicano.com\/index.php?rest_route=%2Fwp%2Fv2%2Fmedia&parent=36056"}],"wp:term":[{"taxonomy":"category","embeddable":true,"href":"https:\/\/diariodominicano.com\/index.php?rest_route=%2Fwp%2Fv2%2Fcategories&post=36056"},{"taxonomy":"post_tag","embeddable":true,"href":"https:\/\/diariodominicano.com\/index.php?rest_route=%2Fwp%2Fv2%2Ftags&post=36056"}],"curies":[{"name":"wp","href":"https:\/\/api.w.org\/{rel}","templated":true}]}}