{"id":36055,"date":"2008-05-30T03:12:32","date_gmt":"2008-05-30T03:12:32","guid":{"rendered":"http:\/\/diariodominicano.ddns.net\/?p=36055"},"modified":"2008-05-30T03:12:32","modified_gmt":"2008-05-30T03:12:32","slug":"radiografia-de-la-destruccion-del-prsc","status":"publish","type":"post","link":"https:\/\/diariodominicano.com\/?p=36055","title":{"rendered":"Radiograf\u00eda de la destrucci\u00f3n del PRSC"},"content":{"rendered":"<p><body><\/p>\n<p align=\"center\"><span class=\"titulogrande1\"><strong>Radiograf\u00eda de la destrucci\u00f3n del PRSC<\/strong><br \/>&#13;<br \/>\n<\/span><br \/>&#13;<br \/>\n    <strong>Por  <span class=\"textogrande\">Milton Olivo<\/span><\/strong><\/p>\n<p>&#13;<\/p>\n<p align=\"justify\" class=\"text1noticias\">El vergonzoso y  decadente lugar alcanzado por el PRSC en las pasadas elecciones (4.5%) \u00a0no es m\u00e1s que un reflejo directo de ineptitud,  incapacidad,\u00a0 miop\u00eda pol\u00edtica y la  distorsionada visi\u00f3n de la realidad de su c\u00fapula dirigencial.<\/p>\n<p>&#13;<\/p>\n<p align=\"justify\" class=\"text1noticias\">\u00bfSon culpables? Creo  que son victimas de una cultura o tradici\u00f3n de gerencia pol\u00edtica, basada en la  trampa, burla a la institucionalidad, irrespeto a los aut\u00e9nticos dirigentes e  incapacidad visceral para apegarse al respeto a lo instituido, lo que lo hace  incapaces de adaptarse a una \u00e9poca donde es imprescindible una dosis\u00a0 prudente\u00a0  de\u00a0 respeto a la institucionalidad  y las reglas del juego. <\/p>\n<p>&#13;<\/p>\n<p align=\"justify\" class=\"text1noticias\">Esta cultura pol\u00edtica  a la que responden, absolutamente obsoleta en una \u00e9poca de masificaci\u00f3n de la  comunicaci\u00f3n como la actual, al determinar los resortes de su cosmovisi\u00f3n, los  hace inocentes, pero absolutamente incapaces de dirigir, en estos tiempos,  siquiera una honorable Junta de Vecinos.<\/p>\n<p>&#13;<\/p>\n<p align=\"justify\" class=\"text1noticias\">Un ejemplo elocuente y  secuencial de lo afirmado, fue la fraudulenta Asamblea donde fue electo Quique Ant\u00fan,  y la actual Comisi\u00f3n Pol\u00edtica. Lo que gener\u00f3 que importantes e hist\u00f3ricos  dirigentes abandonaran el PRSC, incluyendo hombres tan disciplinados, medidos,  respetuosos\u00a0 y conservadores como el  Gral. Rojas Tabar, entre otros. Al punto que todav\u00eda, a\u00f1os despu\u00e9s, estamos  esperando la presentaci\u00f3n de las\u00a0  dichosas actas que abalaron los resultados evacuados por aquella  fraudulenta Comisi\u00f3n Organizadora. <\/p>\n<p>&#13;<\/p>\n<p align=\"justify\" class=\"text1noticias\">Luego \u00a0para la selecci\u00f3n de los candidatos (2006) a  Regidores, Diputados y Senadores, la mayor\u00eda fue escogida ded\u00f3cratica e  irresponsablemente por esa c\u00fapula apandillada. Lista de candidatos que fue  anunciada con bombo y platillos por V\u00edctor G\u00f3mez Casanova, haci\u00e9ndose c\u00f3mplice  y corresponsable. \u00a0Lo que provoc\u00f3 el  abandono del partido de importante dirigentes en toda la geograf\u00eda nacional.  Tambi\u00e9n en esa funesta decisi\u00f3n qued\u00f3 reflejada la irresponsabilidad de la JCE  en garantizar el cumplimiento del Estatuto de los partidos para proteger su  base de la codicia e intereses de su irresponsable c\u00fapula como en este caso.<\/p>\n<p>&#13;<\/p>\n<p align=\"justify\" class=\"text1noticias\">Un ejemplo elocuente  de esto, fue la imposici\u00f3n de la candidatura del Diputado \u00a0Ram\u00f3n Rogelio Genao, quien fue impuesto para  evitar que fuera derrotado por Alexis Hern\u00e1ndez\u00a0  en Jarabacoa. Otro ejemplo son los actuales Regidores T\u00e1cito Perdomo, y  Placido Dom\u00ednguez, que si fueron candidato fue entre las cortinas de\u00a0 las oficinas de alg\u00fan alto dirigente, pero no  entre la comunidad, y por obra y gracia de las autoridades, aparecen como los  candidatos en los listados depositado por Quique At\u00fan, en la Junta Central  Electoral, en franca burla a los dirigentes que en esa demarcaci\u00f3n estaban  haciendo su trabajo pol\u00edtica para sustentar sus aspiraciones.<\/p>\n<p>&#13;<\/p>\n<p align=\"justify\" class=\"text1noticias\">Ante esta cadena  interminable de violaciones y atropello al trabajo digno de much\u00edsimos hombres  y mujeres, la decisi\u00f3n de la mayor\u00eda fue o emigrar a otro partido unos, y  quedarse en su casa otros. Es importante se\u00f1alar que la casi totalidad de los  dirigentes del segmentos poblacional mayoritario del partido, la generaci\u00f3n de  relevo, aquellos de 45 a\u00f1os abajo, decidi\u00f3 sentarse y desvincularse, como una  decisi\u00f3n generacional, para darle una lecci\u00f3n a esta funesta aristocracia  dirigencial. <\/p>\n<p>&#13;<\/p>\n<p align=\"justify\" class=\"text1noticias\">Hay que resaltar la  liquidaci\u00f3n que hicieron de la Comisi\u00f3n Ejecutiva, no convoc\u00e1ndola. Como forma  de evitar tener que lidiar con voces no comprometidas y que no le eran  incondicionales, como es el caso de\u00a0dirigentes\u00a0 j\u00f3venes como Carlos  Rojas y Gustavo Meran, Anny Berenice, Danny Perdomo, Mirelis Uceta, Rosa  Dom\u00ednguez, Inti Alburquerque, entre otros. <\/p>\n<p>&#13;<\/p>\n<p align=\"justify\" class=\"text1noticias\">Con el tema de la  Reforma Constitucional, ahora, pretenden crear una cortina de humo, para tratar  de desviar la atenci\u00f3n y los graves cuestionamientos a su irresponsabilidad e  incapacidad.\u00a0 En vez de iniciar un serio  proceso de autocritica honesta que permita llegar a conclusiones de valor, que  permita reorientar el proceso de decadencia y desaparici\u00f3n a que han llevado el  otrora triunfador Partido Reformista.<\/p>\n<p>&#13;<\/p>\n<p align=\"justify\" class=\"text1noticias\">En cualquier lugar del  mundo, en cualquier clase de sociedad u organizaci\u00f3n, cualquier dirigencia  reiteradamente fracasada como la actual; con hidalgu\u00eda, por honor, \u00e9tica y por  la propia supervivencia pol\u00edtica de la instituci\u00f3n a la que pertenecen\u00a0 dar\u00edan dignamente\u00a0 un paso al costado. <\/p>\n<p>&#13;<\/p>\n<p align=\"justify\" class=\"text1noticias\">Eso si, actualmente el  coro un\u00e1nime de la base del PRSC, para esa c\u00fapula es que; por Dios, que se  vayan y\u00e1. <\/p>\n<p>&#13;<\/p>\n<p align=\"justify\" class=\"text1noticias\">El  autor es Escritor y Pol\u00edtico<br \/>&#13;<br \/>\n  <br \/>&#13;<br \/>\n  Ex  Miembro del Directorio Central Ejecutivo del PRSC<br \/>&#13;<br \/>\n  <br \/>&#13;<br \/>\nE-mil:  milton.olivo@gmail.com<\/p>\n<p>&#13;<\/p>\n<h6> 2008-05-30 03:12:32 <\/h6>\n<p><!--\n<link rel=\"stylesheet\" href=\"css\/bootstrap.min.css\">\n\n\n<ul class=\"pagination\">\n\t    \n\t\n\n<li >\n\t<a href='?page_no=11956'>Previous<\/a>\n\t<\/li>\n\n\n       \n    \n\n<li><a href='?page_no=1'>1<\/a><\/li>\n\n\n\n<li><a href='?page_no=2'>2<\/a><\/li>\n\n\n\n<li><a>...<\/a><\/li>\n\n\n\n<li><a href='?page_no=11955'>11955<\/a><\/li>\n\n\n\n<li><a href='?page_no=11956'>11956<\/a><\/li>\n\n\n\n<li class='active'><a>11957<\/a><\/li>\n\n\n\n<li><a href='?page_no=11958'>11958<\/a><\/li>\n\n\n\n<li><a href='?page_no=11959'>11959<\/a><\/li>\n\n\n\n<li><a>...<\/a><\/li>\n\n\n\n<li><a href='?page_no=13611'>13611<\/a><\/li>\n\n\n\n<li><a href='?page_no=13612'>13612<\/a><\/li>\n\n    \n\t\n\n<li >\n\t<a href='?page_no=11958'>Next<\/a>\n\t<\/li>\n\n\n    \n\n<li><a href='?page_no=13612'>Last &rsaquo;&rsaquo;<\/a><\/li>\n\n<\/ul>\n\n\n--><br \/>\n<\/body><\/p>\n","protected":false},"excerpt":{"rendered":"<p>Radiograf\u00eda de la destrucci\u00f3n del PRSC&#13; &#13; Por Milton Olivo &#13; El vergonzoso y decadente lugar alcanzado por el PRSC en las pasadas elecciones (4.5%) \u00a0no es m\u00e1s que un reflejo directo de ineptitud, incapacidad,\u00a0 miop\u00eda pol\u00edtica y la distorsionada visi\u00f3n de la realidad de su c\u00fapula dirigencial. &#13; \u00bfSon culpables? Creo que son victimas [&hellip;]<\/p>\n","protected":false},"author":3,"featured_media":0,"comment_status":"open","ping_status":"open","sticky":false,"template":"","format":"standard","meta":{"footnotes":""},"categories":[16],"tags":[],"class_list":["post-36055","post","type-post","status-publish","format-standard","hentry","category-opiniones"],"_links":{"self":[{"href":"https:\/\/diariodominicano.com\/index.php?rest_route=\/wp\/v2\/posts\/36055","targetHints":{"allow":["GET"]}}],"collection":[{"href":"https:\/\/diariodominicano.com\/index.php?rest_route=\/wp\/v2\/posts"}],"about":[{"href":"https:\/\/diariodominicano.com\/index.php?rest_route=\/wp\/v2\/types\/post"}],"author":[{"embeddable":true,"href":"https:\/\/diariodominicano.com\/index.php?rest_route=\/wp\/v2\/users\/3"}],"replies":[{"embeddable":true,"href":"https:\/\/diariodominicano.com\/index.php?rest_route=%2Fwp%2Fv2%2Fcomments&post=36055"}],"version-history":[{"count":0,"href":"https:\/\/diariodominicano.com\/index.php?rest_route=\/wp\/v2\/posts\/36055\/revisions"}],"wp:attachment":[{"href":"https:\/\/diariodominicano.com\/index.php?rest_route=%2Fwp%2Fv2%2Fmedia&parent=36055"}],"wp:term":[{"taxonomy":"category","embeddable":true,"href":"https:\/\/diariodominicano.com\/index.php?rest_route=%2Fwp%2Fv2%2Fcategories&post=36055"},{"taxonomy":"post_tag","embeddable":true,"href":"https:\/\/diariodominicano.com\/index.php?rest_route=%2Fwp%2Fv2%2Ftags&post=36055"}],"curies":[{"name":"wp","href":"https:\/\/api.w.org\/{rel}","templated":true}]}}