{"id":36054,"date":"2008-05-30T03:17:04","date_gmt":"2008-05-30T03:17:04","guid":{"rendered":"http:\/\/diariodominicano.ddns.net\/?p=36054"},"modified":"2008-05-30T03:17:04","modified_gmt":"2008-05-30T03:17:04","slug":"alburquerque-la-prensa-y-el-gobierno","status":"publish","type":"post","link":"https:\/\/diariodominicano.com\/?p=36054","title":{"rendered":"Alburquerque, La Prensa y El Gobierno"},"content":{"rendered":"<p><body><\/p>\n<p class=\"titulogrande1\">Alburquerque, La Prensa y El Gobierno <\/p>\n<p>&#13;<\/p>\n<p><strong>Por<\/strong> <span class=\"textogrande\">Fernando Pe\u00f1a<\/span><\/p>\n<p>&#13;<\/p>\n<p align=\"justify\" class=\"text1noticias\">Lo dijo el presidente del PRD, Ram\u00f3n Alburquerque: \u201ces  verdad que la prensa est\u00e1 comprada por el Gobierno\u201d. \u201cEl 80 por ciento de la  prensa est\u00e1 vendida\u201d.<\/p>\n<p>&#13;<\/p>\n<p align=\"justify\" class=\"text1noticias\">Siempre se ha dicho que los pol\u00edticos no tienen un  particular aprecio por los periodistas y por la prensa.<br \/>&#13;<br \/>\n  <br \/> &#13;<br \/>\nMuchos son los  calificativos que en privado se les dan, y todos quieren manipularlo,  silenciar, amordazar, comprar.<\/p>\n<p>&#13;<\/p>\n<p align=\"justify\" class=\"text1noticias\">Siempre, en todas las \u00e9pocas y gobiernos, muchos  periodistas han vivido a sueldo del Poder pol\u00edtico, se dedican a colaborar, a  manipular la informaci\u00f3n con argumentos y enfoques para que una parcela  pol\u00edtica derrote a la otra porque la apoyan y le pagan.<\/p>\n<p>&#13;<\/p>\n<p align=\"justify\" class=\"text1noticias\">Son, seg\u00fan la denominaci\u00f3n de ahora,\u201d bocinas\u201d o  \u201csobrecogedores,\u201d porque cogen sobres\u00a0  del Gobierno que les llegan de diferentes v\u00edas.<\/p>\n<p>&#13;<\/p>\n<p align=\"justify\" class=\"text1noticias\">Nadie ignora que el alquiler y compra de la prensa se  ha dado en todos los gobiernos de todos los partidos, solo que en el de ahora  ha sobrepasado la copa. Los controlados por el Gobierno son cientos de cada  municipio y provincia, defienden con fiereza\u00a0  a quien le paga.<\/p>\n<p>&#13;<\/p>\n<p align=\"justify\" class=\"text1noticias\">La modalidad de la paga es variada, desde pago por  encargos, colaboraciones, subvenciones, contratas, publicidad, asesores, empleo  directo en relaciones p\u00fablicas de dependencias estatales, hasta nombramientos  consulares.<\/p>\n<p>&#13;<\/p>\n<p align=\"justify\" class=\"text1noticias\">Ahora se hace dif\u00edcil encontrar a un periodista  independiente del Poder. No te dejan camino, o est\u00e1 con un bando u otro. El  precio de la libertad, de la independencia del Poder es la sobrevivencia penosa  y el aislamiento obligado. Periodista independiente es una especie en  extinci\u00f3n.<\/p>\n<p>&#13;<\/p>\n<p align=\"justify\" class=\"text1noticias\">Si usted no lo cree solo tiene que ver la tv, escuchar  la radio, leer los peri\u00f3dicos, y si tiene tiempo revise las nominas, ayudas,  premios, becas, colaboraciones, asesor\u00edas y publicidad del Gobierno.<\/p>\n<p>&#13;<\/p>\n<p align=\"justify\" class=\"text1noticias\">Hoy\u00a0 la  televisi\u00f3n, los peri\u00f3dicos, la radio e Internet tienen y desempe\u00f1an un rol  pol\u00edtico que, a veces, es m\u00e1s importante que los partidos.<\/p>\n<p>&#13;<\/p>\n<p align=\"justify\" class=\"text1noticias\">En nuestro pa\u00eds ning\u00fan partido o grupo de Poder puede  prescindir del concurso favorable de los periodistas, de los medios de  comunicaci\u00f3n.<\/p>\n<p>&#13;<\/p>\n<p align=\"justify\" class=\"text1noticias\">Estamos en la era de la manipulaci\u00f3n  medi\u00e1tica.<\/p>\n<p>&#13;<\/p>\n<p align=\"justify\" class=\"text1noticias\">El PLD, el presidente Leonel Fern\u00e1ndez maneja muy bien  la relaci\u00f3n prensa-poder. Aqu\u00ed hay una relaci\u00f3n amorosa entre periodismo y  Gobierno.<\/p>\n<p>&#13;<\/p>\n<p align=\"justify\" class=\"text1noticias\">Esta hegemon\u00eda,  este monopolio del Gobierno de periodistas e\u00a0  informaci\u00f3n nos lleva inevitablemente a una menor libertad de prensa.<br \/>&#13;<br \/>\n  <br \/>&#13;<br \/>\n  Al disminuir la libertad de prensa, disminuye el  ejercicio de la democracia representativa y uno de los derechos necesario para  el desarrollo humano.<\/p>\n<p>&#13;<\/p>\n<p align=\"justify\" class=\"text1noticias\">\u00bfEjercer la profesi\u00f3n de periodista junto con un cargo  p\u00fablico est\u00e1 re\u00f1ido con la \u00e9tica?<\/p>\n<p>&#13;<\/p>\n<p align=\"justify\" class=\"text1noticias\">\u00bfAlguna vez ha dicho algo sobre estos temas el Colegio  Dominicano de Periodistas?<\/p>\n<p>&#13;<\/p>\n<p align=\"justify\" class=\"text1noticias\">El\u00a0  autor es periodista<br \/>&#13;<br \/>\n  <br \/>&#13;<br \/>\n  Frontera25_@hotmail.com<\/p>\n<p>&#13;<\/p>\n<h6> 2008-05-30 03:17:04 <\/h6>\n<p><!--\n<link rel=\"stylesheet\" href=\"css\/bootstrap.min.css\">\n\n\n<ul class=\"pagination\">\n\t    \n\t\n\n<li >\n\t<a href='?page_no=11955'>Previous<\/a>\n\t<\/li>\n\n\n       \n    \n\n<li><a href='?page_no=1'>1<\/a><\/li>\n\n\n\n<li><a href='?page_no=2'>2<\/a><\/li>\n\n\n\n<li><a>...<\/a><\/li>\n\n\n\n<li><a href='?page_no=11954'>11954<\/a><\/li>\n\n\n\n<li><a href='?page_no=11955'>11955<\/a><\/li>\n\n\n\n<li class='active'><a>11956<\/a><\/li>\n\n\n\n<li><a href='?page_no=11957'>11957<\/a><\/li>\n\n\n\n<li><a href='?page_no=11958'>11958<\/a><\/li>\n\n\n\n<li><a>...<\/a><\/li>\n\n\n\n<li><a href='?page_no=13611'>13611<\/a><\/li>\n\n\n\n<li><a href='?page_no=13612'>13612<\/a><\/li>\n\n    \n\t\n\n<li >\n\t<a href='?page_no=11957'>Next<\/a>\n\t<\/li>\n\n\n    \n\n<li><a href='?page_no=13612'>Last &rsaquo;&rsaquo;<\/a><\/li>\n\n<\/ul>\n\n\n--><br \/>\n<\/body><\/p>\n","protected":false},"excerpt":{"rendered":"<p>Alburquerque, La Prensa y El Gobierno &#13; Por Fernando Pe\u00f1a &#13; Lo dijo el presidente del PRD, Ram\u00f3n Alburquerque: \u201ces verdad que la prensa est\u00e1 comprada por el Gobierno\u201d. \u201cEl 80 por ciento de la prensa est\u00e1 vendida\u201d. &#13; Siempre se ha dicho que los pol\u00edticos no tienen un particular aprecio por los periodistas y [&hellip;]<\/p>\n","protected":false},"author":3,"featured_media":0,"comment_status":"open","ping_status":"open","sticky":false,"template":"","format":"standard","meta":{"footnotes":""},"categories":[16],"tags":[],"class_list":["post-36054","post","type-post","status-publish","format-standard","hentry","category-opiniones"],"_links":{"self":[{"href":"https:\/\/diariodominicano.com\/index.php?rest_route=\/wp\/v2\/posts\/36054","targetHints":{"allow":["GET"]}}],"collection":[{"href":"https:\/\/diariodominicano.com\/index.php?rest_route=\/wp\/v2\/posts"}],"about":[{"href":"https:\/\/diariodominicano.com\/index.php?rest_route=\/wp\/v2\/types\/post"}],"author":[{"embeddable":true,"href":"https:\/\/diariodominicano.com\/index.php?rest_route=\/wp\/v2\/users\/3"}],"replies":[{"embeddable":true,"href":"https:\/\/diariodominicano.com\/index.php?rest_route=%2Fwp%2Fv2%2Fcomments&post=36054"}],"version-history":[{"count":0,"href":"https:\/\/diariodominicano.com\/index.php?rest_route=\/wp\/v2\/posts\/36054\/revisions"}],"wp:attachment":[{"href":"https:\/\/diariodominicano.com\/index.php?rest_route=%2Fwp%2Fv2%2Fmedia&parent=36054"}],"wp:term":[{"taxonomy":"category","embeddable":true,"href":"https:\/\/diariodominicano.com\/index.php?rest_route=%2Fwp%2Fv2%2Fcategories&post=36054"},{"taxonomy":"post_tag","embeddable":true,"href":"https:\/\/diariodominicano.com\/index.php?rest_route=%2Fwp%2Fv2%2Ftags&post=36054"}],"curies":[{"name":"wp","href":"https:\/\/api.w.org\/{rel}","templated":true}]}}