{"id":36053,"date":"2008-05-30T03:57:20","date_gmt":"2008-05-30T03:57:20","guid":{"rendered":"http:\/\/diariodominicano.ddns.net\/?p=36053"},"modified":"2008-05-30T03:57:20","modified_gmt":"2008-05-30T03:57:20","slug":"seguridad-alimentaria","status":"publish","type":"post","link":"https:\/\/diariodominicano.com\/?p=36053","title":{"rendered":"Seguridad Alimentaria"},"content":{"rendered":"<p><body><\/p>\n<p align=\"center\" class=\"titulogrande1\"><strong>Seguridad  Alimentaria<\/strong><\/p>\n<p>&#13;<\/p>\n<p align=\"center\" class=\"textogrande\">Lincy Kasahara<\/p>\n<p>&#13;<\/p>\n<p align=\"justify\" class=\"text1noticias\"><img loading=\"lazy\" decoding=\"async\" src=\"http:\/\/10.0.0.82:8080\/img\/lincy.jpg\" width=\"375\" height=\"500\" hspace=\"4\" align=\"left\" \/>La preocupaci\u00f3n del  mundo ha estado centrada durante varias d\u00e9cadas por problemas tales como el  crecimiento econ\u00f3mico,\u00a0 el desarrollo  tecnol\u00f3gico, y lo que hoy conocemos como la era del conocimiento.<\/p>\n<p>&#13;<\/p>\n<p align=\"justify\" class=\"text1noticias\">Poco \u00a0nos percatamos de que conjuntamente con ese  crecimiento econ\u00f3mico tan acelerado en pa\u00edses como China o India,  engendrara\u00a0 un desequilibrio en la  producci\u00f3n de alimentos. Claro est\u00e1 a mayor poder adquisitivo mayor capacidad  de compra, por lo que la calidad de vida de millones de chinos e hind\u00faes aument\u00f3  sin control y \u00a0productos como la leche o  las carnes, por citar algunos ejemplos, crecieron sus demandas en los \u00faltimos a\u00f1os  sin que se aumentara la producci\u00f3n en la misma medida.<\/p>\n<p>&#13;<\/p>\n<p align=\"justify\" class=\"text1noticias\"> A esto se agregan  otros elementos conocidos por todos: el petr\u00f3leo y los biocombustibles, pero no  menos importante es el cambio clim\u00e1tico que como consecuencia de una ambici\u00f3n  extrema de parte de los Estados y la gran competitividad entre ellos se  olvidaron de un peque\u00f1o detalle\u2026\u2026..\u201dnuestro planeta tierra\u201d.<\/p>\n<p>&#13;<\/p>\n<p align=\"justify\" class=\"text1noticias\">Crecimos en todos los  \u00f3rdenes a nivel mundial, incluso en poblaci\u00f3n, pero no crecimos en la  producci\u00f3n alimentaria, los resultados: alimentos caros.<\/p>\n<p>&#13;<\/p>\n<p align=\"justify\" class=\"text1noticias\">Fruto del trato descabellado,  mezquino, cern\u00edcalo, a nuestro \u00fanico planeta tierra, hoy\u00a0 nos visitan a menudo\u2026 terremotos, tsunamis,  huracanes, tornados, vaguadas y no se cuantos otros fen\u00f3menos m\u00e1s de la nuestra  muy querida madre naturaleza.<\/p>\n<p>&#13;<\/p>\n<p align=\"justify\" class=\"text1noticias\">Las consecuencias la  vivimos hace poco con la visita a nuestro pa\u00eds de las tormentas Noel y Olga \u00a0que se llev\u00f3 todo cuanto se le atraves\u00f3 por el  camino; plantaciones de pl\u00e1tanos, arroz, vegetales, se llevaron Noel y Olga,  sin importarles que nosotros necesit\u00e1bamos de esos alimentos para sobrevivir.<\/p>\n<p>&#13;<\/p>\n<p align=\"justify\" class=\"text1noticias\">En la cumbre mundial  de Seguridad Alimentaria que se efectuara en Roma a partir del pr\u00f3ximo martes \u00a0\u00a03 de  junio participar\u00e1 nuestro querido presidente doctor \u00a0Leonel Fern\u00e1ndez, uno de los primeros  mandatarios del mundo que advirti\u00f3 sobre la crisis alimentaria en una carta que  \u00a0que envi\u00f3 al secretario general de las  Naciones Unidas, Ban Ki Moon y al Presidente del Banco Mundial, Robert  Zoellick. Plante\u00f3 la creaci\u00f3n del Fondo  Mundial Alimentario y un Fondo Mundial Energ\u00e9tico.<\/p>\n<p>&#13;<\/p>\n<p align=\"justify\" class=\"text1noticias\">Se hace oportuna y  necesaria la creaci\u00f3n de estos fondos sugeridos \u00a0por el Presidente Fern\u00e1ndez, sobretodo para  beneficio de Am\u00e9rica Latina que cuenta con grandes cantidades de terrenos  f\u00e9rtiles, 20 millones de km2 y apenas unos 530 millones de habitantes.\u00a0 Adem\u00e1s, aun tenemos agua en abundancia y un  clima \u00f3ptimo para la producci\u00f3n alimentaria, s\u00f3lo falta la voluntad de aquellos  organismos internacionales que cuentan con los recursos econ\u00f3micos para apoyar  a este sector e iniciar una transformaci\u00f3n agraria en v\u00eda de convertirnos en lo  que aspira \u00a0el Presidente Fern\u00e1ndez: situar  la Republica   Dominicana, en \u00a0\u201cel  granero del Caribe\u201d.<\/p>\n<p>&#13;<\/p>\n<p align=\"justify\" class=\"text1noticias\">Nuestras esperanzas est\u00e1n  puestas en la Cumbre   Mundial de Seguridad Alimentaria que preside la Organizaci\u00f3n de las  Naciones Unidas para la   Agricultura y la Alimentaci\u00f3n (FAO), para que de este encuentro  puedan surgir soluciones importantes a una preocupaci\u00f3n de todos.<\/p>\n<p>&#13;<\/p>\n<h6> 2008-05-30 03:57:20 <\/h6>\n<p><!--\n<link rel=\"stylesheet\" href=\"css\/bootstrap.min.css\">\n\n\n<ul class=\"pagination\">\n\t    \n\t\n\n<li >\n\t<a href='?page_no=11954'>Previous<\/a>\n\t<\/li>\n\n\n       \n    \n\n<li><a href='?page_no=1'>1<\/a><\/li>\n\n\n\n<li><a href='?page_no=2'>2<\/a><\/li>\n\n\n\n<li><a>...<\/a><\/li>\n\n\n\n<li><a href='?page_no=11953'>11953<\/a><\/li>\n\n\n\n<li><a href='?page_no=11954'>11954<\/a><\/li>\n\n\n\n<li class='active'><a>11955<\/a><\/li>\n\n\n\n<li><a href='?page_no=11956'>11956<\/a><\/li>\n\n\n\n<li><a href='?page_no=11957'>11957<\/a><\/li>\n\n\n\n<li><a>...<\/a><\/li>\n\n\n\n<li><a href='?page_no=13611'>13611<\/a><\/li>\n\n\n\n<li><a href='?page_no=13612'>13612<\/a><\/li>\n\n    \n\t\n\n<li >\n\t<a href='?page_no=11956'>Next<\/a>\n\t<\/li>\n\n\n    \n\n<li><a href='?page_no=13612'>Last &rsaquo;&rsaquo;<\/a><\/li>\n\n<\/ul>\n\n\n--><br \/>\n<\/body><\/p>\n","protected":false},"excerpt":{"rendered":"<p>Seguridad Alimentaria &#13; Lincy Kasahara &#13; La preocupaci\u00f3n del mundo ha estado centrada durante varias d\u00e9cadas por problemas tales como el crecimiento econ\u00f3mico,\u00a0 el desarrollo tecnol\u00f3gico, y lo que hoy conocemos como la era del conocimiento. &#13; Poco \u00a0nos percatamos de que conjuntamente con ese crecimiento econ\u00f3mico tan acelerado en pa\u00edses como China o India, [&hellip;]<\/p>\n","protected":false},"author":3,"featured_media":0,"comment_status":"open","ping_status":"open","sticky":false,"template":"","format":"standard","meta":{"footnotes":""},"categories":[16],"tags":[],"class_list":["post-36053","post","type-post","status-publish","format-standard","hentry","category-opiniones"],"_links":{"self":[{"href":"https:\/\/diariodominicano.com\/index.php?rest_route=\/wp\/v2\/posts\/36053","targetHints":{"allow":["GET"]}}],"collection":[{"href":"https:\/\/diariodominicano.com\/index.php?rest_route=\/wp\/v2\/posts"}],"about":[{"href":"https:\/\/diariodominicano.com\/index.php?rest_route=\/wp\/v2\/types\/post"}],"author":[{"embeddable":true,"href":"https:\/\/diariodominicano.com\/index.php?rest_route=\/wp\/v2\/users\/3"}],"replies":[{"embeddable":true,"href":"https:\/\/diariodominicano.com\/index.php?rest_route=%2Fwp%2Fv2%2Fcomments&post=36053"}],"version-history":[{"count":0,"href":"https:\/\/diariodominicano.com\/index.php?rest_route=\/wp\/v2\/posts\/36053\/revisions"}],"wp:attachment":[{"href":"https:\/\/diariodominicano.com\/index.php?rest_route=%2Fwp%2Fv2%2Fmedia&parent=36053"}],"wp:term":[{"taxonomy":"category","embeddable":true,"href":"https:\/\/diariodominicano.com\/index.php?rest_route=%2Fwp%2Fv2%2Fcategories&post=36053"},{"taxonomy":"post_tag","embeddable":true,"href":"https:\/\/diariodominicano.com\/index.php?rest_route=%2Fwp%2Fv2%2Ftags&post=36053"}],"curies":[{"name":"wp","href":"https:\/\/api.w.org\/{rel}","templated":true}]}}