{"id":36052,"date":"2008-05-30T04:00:25","date_gmt":"2008-05-30T04:00:25","guid":{"rendered":"http:\/\/diariodominicano.ddns.net\/?p=36052"},"modified":"2008-05-30T04:00:25","modified_gmt":"2008-05-30T04:00:25","slug":"orlando-dice","status":"publish","type":"post","link":"https:\/\/diariodominicano.com\/?p=36052","title":{"rendered":"Orlando dice&#8230;"},"content":{"rendered":"<p><body><\/p>\n<p class=\"titulogrande1\">Orlando dice&#8230; <\/p>\n<p>&#13;<\/p>\n<p class=\"textogrande\">Orlando Gil <\/p>\n<p>&#13;<\/p>\n<p align=\"justify\" class=\"text1noticias\"><strong>Oficiosa<\/strong><\/p>\n<p>&#13;<\/p>\n<p align=\"justify\" class=\"text1noticias\">Como  el Presidium es un \u00f3rgano de consulta, no puede considerarse oficial lo  anunciado en su reuni\u00f3n del pasado lunes de que el PRD mantendr\u00eda su l\u00ednea de  oposici\u00f3n firme al gobierno. Fue una declaraci\u00f3n a la prensa, hecha por su  vocero oficial, pero debe ser asumida como mera declaraci\u00f3n a la prensa hasta  tanto esa posici\u00f3n sea sometida, conocida y votada por las instancias correspondientes,  si es que hay inter\u00e9s en actuar institucionalmente. Por ejemplo \u00bfy si la  Comisi\u00f3n Pol\u00edtica rechaza esa recomendaci\u00f3n, o en caso de aprobarla, no la  refrenda el Comit\u00e9 Ejecutivo Nacional? La postura por dem\u00e1s es poco original,  pues no cambia nada, ya que se acaba un cuatrienio y una campa\u00f1a electoral en  la que el PRD fue eso mismo: un duro opositor a la administraci\u00f3n del PLD, que  ahora consigui\u00f3 una rev\u00e1lida por cuatro a\u00f1os m\u00e1s. Se supone que una evaluaci\u00f3n  debe ser para mejorar, puesto que las acciones llevadas a cabo en el pasado no  llenaron su cometido. Si ese tipo de oposici\u00f3n hubiera sido exitosa, y su  candidato hubiera ganado las pasadas elecciones, se entendiera la reafirmaci\u00f3n  de esa pol\u00edtica. Pero los resultados les fueron adversos, por lo que sus  organismos deben ser m\u00e1s imaginativos y cambiar o el fondo o la forma, a menos  que se quiera llevar adelante una lucha sin sentido ni provecho de poder\u2026<br \/>&#13;<br \/>\n  <br \/>&#13;<br \/>\n    <strong>LA CONFORMIDAD<\/strong><\/p>\n<p>&#13;<\/p>\n<p align=\"justify\" class=\"text1noticias\">Ese conformarse con un efecto, el 40% obtenido  en las urnas, y no buscar las causas que expliquen porque su candidato no  alcanz\u00f3 la meta de lograr el poder, puede ser buena para evitar por el momento  lucha y desgarramiento interiores, pero no aprovechar\u00e1 en el futuro. Si no se  averigua porqu\u00e9 se perdi\u00f3, tampoco habr\u00e1 manera de prepararse para ganar en la  pr\u00f3xima contienda. Eso de atribuirlo todo al uso de los recursos del Estado es  pereza, y como es un defecto y no una virtud, los perezosos nunca llegan al  cielo. Incluso, el envalentonarse con un 40% es no tener sentido de la  proporci\u00f3n ni de una realidad que transcurri\u00f3 delante de sus ojos. El 40% no  gana, y si el PRD va a consolarse creyendo que logr\u00f3 una victoria moral, que se  alegre, pues estar\u00e1 rindiendo culto a la memoria de su difunto l\u00edder, Jos\u00e9  Francisco Pe\u00f1a G\u00f3mez, que en eso de victoria moral se llevaba las palmas. Lo  sucedido el pasado d\u00eda 16 obliga a m\u00e1s de una lectura, y ser\u00eda tonto  apresurarse a decidir una conducta pol\u00edtica, que tal vez no sea la m\u00e1s  correcta. Lo de oposici\u00f3n al gobierno es innegable, pero debe cuidarse de no  continuar la campa\u00f1a electoral por otros medios o en circunstancias diferentes.  Cada tiempo tiene su af\u00e1n, y de ese discernimiento depende siempre el \u00e9xito o  el fracaso de una empresa pol\u00edtica\u2026<br \/>&#13;<br \/>\n  <br \/>&#13;<br \/>\n<strong>UHMM<\/strong><\/p>\n<p>&#13;<br \/>\n\u00a0\u00a0&#13;<br \/>\n\u00a0<\/p>\n<div align=\"justify\" class=\"text1noticias\">Intriga, sin embargo, que en la  reafirmaci\u00f3n de oposici\u00f3n al gobierno se haga reserva de la participaci\u00f3n de  los senadores o diputados del PRD en la conformaci\u00f3n de los nuevos bufetes de  las c\u00e1maras, y la raz\u00f3n que se da es que el partido blanco no formar\u00e1 parte de  nada que contribuya a la \u201clegitimaci\u00f3n\u201d de las reelectas autoridades. Cuando se  mira hacia el Congreso Nacional, se tiene que en la direcci\u00f3n de las dos ramas  no hay espacio para la oposici\u00f3n: los pelede\u00ecstas copan todos los cargos. \u00bfCu\u00e1l  es entonces la expectativa? \u00bfPor qu\u00e9 se piensa que ahora habr\u00e1 un reparto que  no hubo antes ? \u00bfAcaso ha habido ofertas por lo bajo de concertaci\u00f3n en la que  las presidencias de las instancias legislativas entran en juego? Toni Raful  critic\u00f3 que en la campa\u00f1a los perrede\u00ecstas siguieran llamando \u201ccomesolos\u201d a los  pelede\u00ecstas, cuando estos hab\u00edan demostrado con creces que ya no lo eran,  puesto que repartieron a manos llenas todo lo que el Estado puede ofrecer. De  manera que algo huele en Dinamarca. La gobernabilidad tiene tantas maneras de  ser y hacerse, que nada m\u00e1s hay que recordar que Joaqu\u00edn Balaguer asegur\u00f3 en  una ocasi\u00f3n la suya cediendo la jefatura de la C\u00e1mara de Diputados. Dicen que  la oferta inicial fue al PRD en la persona de Rafael Suberv\u00ec Bonilla, pero que  al Pe\u00f1a G\u00f3mez negarse por celos pol\u00edticos, se le concedi\u00f3 al PLD, ocup\u00e1ndola  primero Norge Botello y despu\u00e9s Danilo Medina. Por tanto, todo es posible en la  Vi\u00f1a del Se\u00f1or\u2026<\/div>\n<p>&#13;<\/p>\n<h6> 2008-05-30 04:00:25 <\/h6>\n<p><!--\n<link rel=\"stylesheet\" href=\"css\/bootstrap.min.css\">\n\n\n<ul class=\"pagination\">\n\t    \n\t\n\n<li >\n\t<a href='?page_no=11953'>Previous<\/a>\n\t<\/li>\n\n\n       \n    \n\n<li><a href='?page_no=1'>1<\/a><\/li>\n\n\n\n<li><a href='?page_no=2'>2<\/a><\/li>\n\n\n\n<li><a>...<\/a><\/li>\n\n\n\n<li><a href='?page_no=11952'>11952<\/a><\/li>\n\n\n\n<li><a href='?page_no=11953'>11953<\/a><\/li>\n\n\n\n<li class='active'><a>11954<\/a><\/li>\n\n\n\n<li><a href='?page_no=11955'>11955<\/a><\/li>\n\n\n\n<li><a href='?page_no=11956'>11956<\/a><\/li>\n\n\n\n<li><a>...<\/a><\/li>\n\n\n\n<li><a href='?page_no=13611'>13611<\/a><\/li>\n\n\n\n<li><a href='?page_no=13612'>13612<\/a><\/li>\n\n    \n\t\n\n<li >\n\t<a href='?page_no=11955'>Next<\/a>\n\t<\/li>\n\n\n    \n\n<li><a href='?page_no=13612'>Last &rsaquo;&rsaquo;<\/a><\/li>\n\n<\/ul>\n\n\n--><br \/>\n<\/body><\/p>\n","protected":false},"excerpt":{"rendered":"<p>Orlando dice&#8230; &#13; Orlando Gil &#13; Oficiosa &#13; Como el Presidium es un \u00f3rgano de consulta, no puede considerarse oficial lo anunciado en su reuni\u00f3n del pasado lunes de que el PRD mantendr\u00eda su l\u00ednea de oposici\u00f3n firme al gobierno. Fue una declaraci\u00f3n a la prensa, hecha por su vocero oficial, pero debe ser asumida [&hellip;]<\/p>\n","protected":false},"author":3,"featured_media":0,"comment_status":"open","ping_status":"open","sticky":false,"template":"","format":"standard","meta":{"footnotes":""},"categories":[16],"tags":[],"class_list":["post-36052","post","type-post","status-publish","format-standard","hentry","category-opiniones"],"_links":{"self":[{"href":"https:\/\/diariodominicano.com\/index.php?rest_route=\/wp\/v2\/posts\/36052","targetHints":{"allow":["GET"]}}],"collection":[{"href":"https:\/\/diariodominicano.com\/index.php?rest_route=\/wp\/v2\/posts"}],"about":[{"href":"https:\/\/diariodominicano.com\/index.php?rest_route=\/wp\/v2\/types\/post"}],"author":[{"embeddable":true,"href":"https:\/\/diariodominicano.com\/index.php?rest_route=\/wp\/v2\/users\/3"}],"replies":[{"embeddable":true,"href":"https:\/\/diariodominicano.com\/index.php?rest_route=%2Fwp%2Fv2%2Fcomments&post=36052"}],"version-history":[{"count":0,"href":"https:\/\/diariodominicano.com\/index.php?rest_route=\/wp\/v2\/posts\/36052\/revisions"}],"wp:attachment":[{"href":"https:\/\/diariodominicano.com\/index.php?rest_route=%2Fwp%2Fv2%2Fmedia&parent=36052"}],"wp:term":[{"taxonomy":"category","embeddable":true,"href":"https:\/\/diariodominicano.com\/index.php?rest_route=%2Fwp%2Fv2%2Fcategories&post=36052"},{"taxonomy":"post_tag","embeddable":true,"href":"https:\/\/diariodominicano.com\/index.php?rest_route=%2Fwp%2Fv2%2Ftags&post=36052"}],"curies":[{"name":"wp","href":"https:\/\/api.w.org\/{rel}","templated":true}]}}