{"id":36046,"date":"2008-06-05T19:33:03","date_gmt":"2008-06-05T19:33:03","guid":{"rendered":"http:\/\/diariodominicano.ddns.net\/?p=36046"},"modified":"2008-06-05T19:33:03","modified_gmt":"2008-06-05T19:33:03","slug":"el-tiro-rapido-244","status":"publish","type":"post","link":"https:\/\/diariodominicano.com\/?p=36046","title":{"rendered":"EL TIRO R\u00c1PIDO"},"content":{"rendered":"<p><body><\/p>\n<p align=\"center\"><span class=\"titulogrande1\">EL TIRO R\u00c1PIDO<\/span><br \/>&#13;<br \/>\n  <br \/>&#13;<br \/>\n    <strong>de<br \/>&#13;<br \/>\n    <\/strong><br \/>&#13;<br \/>\n    <span class=\"textogrande\">Mario Rivadulla<\/span><\/p>\n<p>&#13;<\/p>\n<p align=\"justify\" class=\"text1noticias\">Al  margen de la reacci\u00f3n a su discurso en t\u00e8rmino de resultados concretos, no cabe  duda que la intervenci\u00f3n del Presidente Leonel Fern\u00e0ndez, en la Cumbre sobre  Alimentaci\u00f3n promovida por la FAO y que est\u00e0 teniendo lugar en Roma, la  hist\u00f2rica capital de Italia, fue una pieza de contenido certero y un vigoroso  reclamo a favor de los pa\u00ecses dependientes de la importaci\u00f3n del petr\u00f3leo, y en  particular aquellos que corren riesgo de padecer de una fuerte hambruna.<\/p>\n<p>&#13;<\/p>\n<p align=\"justify\" class=\"text1noticias\">Dos  palabras claves afloraron en varias ocasiones en la presentaci\u00f2n del mandatario  dominicano: Cooperaci\u00f3n y Solidaridad para enfrentar lo que calific\u00f2 de la peor  crisis que haya sufrido la humanidad despu\u00e9s del colapso financiero de 1929.\u00a0 Esa crisis es de car\u00e1cter m\u00f9ltiple.\u00a0 Se manifiesta en el aspecto de los  combustibles, los alimentos, las finanzas, el medio ambiente y los paradigmas  de crecimiento econ\u00f2mico y desarrollo social establecidos como patrones, y  hasta verdaderos actos de f\u00e8, en el marco de la globalizaci\u00f3n.<\/p>\n<p>&#13;<\/p>\n<p align=\"justify\" class=\"text1noticias\">El  Presidente Fern\u00e0ndez no fue remiso en responsabilizar a las grandes potencias  presas de insensibilidad y ganadas por el af\u00e0n de lucro excesivo,\u00a0 la extrema codicia, el enriquecimiento  exagerado a costa del resto de los pa\u00ecses.\u00a0  Pero tambi\u00e8n advirti\u00f3 que esa falta de visi\u00f2n solo podr\u00eca conducir a un  final catastr\u00f2fico para la humanidad sin precedentes.<\/p>\n<p>&#13;<\/p>\n<p align=\"justify\" class=\"text1noticias\">Hubo  reconocimiento al Banco Mundial por la creaci\u00f3n de un fondo de ayuda emergente  a favor de los pa\u00ecses con mayor riesgo de hambruna. Pero al mismo tiempo,  censur\u00f2 la m\u00f2dica cuant\u00eca del mismo, insuficiente a todas luces para la ayuda  mucho m\u00e0s amplia que se requiere.\u00a0 Como  ejemplo, puso el caso de Haiti, al que apenas se le destinar\u00e0n diez millones de  d\u00f2lares, no obstante las revueltas por la carest\u00eda y encarecimiento de  alimentos b\u00e0sicos que tuvieron lugar en d\u00ecas recientes y provocaron la ca\u00ecda  del Primer Ministro de ese pa\u00ecs.\u00a0 <\/p>\n<p>&#13;<\/p>\n<p align=\"justify\" class=\"text1noticias\">Dicho  sea de ocasi\u00f3n, Rep\u00f9blica Dominicana, conjuntamente con Chile,\u00a0 volvi\u00f2 a plantear en el seno de la OEA que  Hait\u00ec debe ser considerada una prioridad del organismo y exhort\u00f2 a los pa\u00ecses  donantes a agilizar la entrega de ayuda alimentaria al pueblo haitiano para  militar los efectos mitigados por las carest\u00edas que est\u00e0 sufriendo al presente.<\/p>\n<p>&#13;<\/p>\n<p align=\"justify\" class=\"text1noticias\">Volviendo  al discurso del Presidente Fern\u00e1ndez \u00e8ste abog\u00f2 por crear condiciones propicias  para que los pa\u00ecses en desarrollo puedan desarrollar su potencial agropecuario  garantizando su seguridad alimentaria, se\u00f1alando que en el marco espec\u00ecfico de  la Rep\u00f9blica Dominicana su gobierno posee planes concretos en este sentido al  tiempo que promueve un importante proyecto para la producci\u00f2n de etanol.<br \/>&#13;<br \/>\n  \u00a0<br \/>&#13;<br \/>\n  Retomando  los requerimientos de ayuda internacional de emergencia,\u00a0 fue categ\u00f2rico al reiterar el planteamiento  que hiciera anteriormente, en carta personal que luego fue divulgada a trav\u00e8s  de los medios de comunicaci\u00f3n, dirigida al Secretario General de la ONU y al  Presidente del Banco Mundial,\u00a0 de la  creaci\u00f3n de un doble fondo de financiamiento a favor de los pa\u00ecses en  desarrollo que son importadores de petr\u00f3leo.\u00a0  Uno destinado a cubrir parte del costo del crudo, y el otro para suplir  de alimentos a los sectores m\u00e0s carenciados de los respectivos pueblos. <\/p>\n<p>&#13;<\/p>\n<p align=\"justify\" class=\"text1noticias\">Fue  dentro de este contexto que el mandatario enfatiz\u00f2 e insisti\u00f2 en su doble reclamo  a las naciones desarrolladas del mundo y las productoras y exportadoras de  petr\u00f3leo que est\u00e0n recibiendo grandes beneficios por los altos precios que ha  alcanzado en el mercado internacional: Solidaridad y Cooperaci\u00f3n.<\/p>\n<p>&#13;<\/p>\n<p align=\"justify\" class=\"text1noticias\">Es  posible que pese a las cada vez m\u00e0s evidentes se\u00f1ales de crisis que se reciben  de d\u00eca en d\u00eca,\u00a0 gobiernos que debieran  responsabilizarse, por su propio bienestar, en meter el hombro para superar  esta situaci\u00f3n, se hagan los desentendidos.\u00a0  Que el importante evento convocado por la FAO pase como uno m\u00e0s, sin  mayores penas y pocas glorias.\u00a0 Y que las  oportunas advertencias y certeros planteamientos del discurso del Presidente  Leonel Fern\u00e0ndez reboten en o\u00ecdos sordos.<\/p>\n<p>&#13;<\/p>\n<p align=\"justify\" class=\"text1noticias\">Ser\u00eca  un grave error.\u00a0 Porque como bien alert\u00f2  en su discurso,\u00a0 lo que est\u00e0 en juego es  el futuro de nuestra civilizaci\u00f2n y \u00e8sta s\u00ec es una apuesta en extremo riesgosa  y que no podemos perder.<\/p>\n<p>&#13;<\/p>\n<h6> 2008-06-05 19:33:03 <\/h6>\n<p><!--\n<link rel=\"stylesheet\" href=\"css\/bootstrap.min.css\">\n\n\n<ul class=\"pagination\">\n\t    \n\t\n\n<li >\n\t<a href='?page_no=11948'>Previous<\/a>\n\t<\/li>\n\n\n       \n    \n\n<li><a href='?page_no=1'>1<\/a><\/li>\n\n\n\n<li><a href='?page_no=2'>2<\/a><\/li>\n\n\n\n<li><a>...<\/a><\/li>\n\n\n\n<li><a href='?page_no=11947'>11947<\/a><\/li>\n\n\n\n<li><a href='?page_no=11948'>11948<\/a><\/li>\n\n\n\n<li class='active'><a>11949<\/a><\/li>\n\n\n\n<li><a href='?page_no=11950'>11950<\/a><\/li>\n\n\n\n<li><a href='?page_no=11951'>11951<\/a><\/li>\n\n\n\n<li><a>...<\/a><\/li>\n\n\n\n<li><a href='?page_no=13611'>13611<\/a><\/li>\n\n\n\n<li><a href='?page_no=13612'>13612<\/a><\/li>\n\n    \n\t\n\n<li >\n\t<a href='?page_no=11950'>Next<\/a>\n\t<\/li>\n\n\n    \n\n<li><a href='?page_no=13612'>Last &rsaquo;&rsaquo;<\/a><\/li>\n\n<\/ul>\n\n\n--><br \/>\n<\/body><\/p>\n","protected":false},"excerpt":{"rendered":"<p>EL TIRO R\u00c1PIDO&#13; &#13; de&#13; &#13; Mario Rivadulla &#13; Al margen de la reacci\u00f3n a su discurso en t\u00e8rmino de resultados concretos, no cabe duda que la intervenci\u00f3n del Presidente Leonel Fern\u00e0ndez, en la Cumbre sobre Alimentaci\u00f3n promovida por la FAO y que est\u00e0 teniendo lugar en Roma, la hist\u00f2rica capital de Italia, fue una [&hellip;]<\/p>\n","protected":false},"author":3,"featured_media":0,"comment_status":"open","ping_status":"open","sticky":false,"template":"","format":"standard","meta":{"footnotes":""},"categories":[16],"tags":[],"class_list":["post-36046","post","type-post","status-publish","format-standard","hentry","category-opiniones"],"_links":{"self":[{"href":"https:\/\/diariodominicano.com\/index.php?rest_route=\/wp\/v2\/posts\/36046","targetHints":{"allow":["GET"]}}],"collection":[{"href":"https:\/\/diariodominicano.com\/index.php?rest_route=\/wp\/v2\/posts"}],"about":[{"href":"https:\/\/diariodominicano.com\/index.php?rest_route=\/wp\/v2\/types\/post"}],"author":[{"embeddable":true,"href":"https:\/\/diariodominicano.com\/index.php?rest_route=\/wp\/v2\/users\/3"}],"replies":[{"embeddable":true,"href":"https:\/\/diariodominicano.com\/index.php?rest_route=%2Fwp%2Fv2%2Fcomments&post=36046"}],"version-history":[{"count":0,"href":"https:\/\/diariodominicano.com\/index.php?rest_route=\/wp\/v2\/posts\/36046\/revisions"}],"wp:attachment":[{"href":"https:\/\/diariodominicano.com\/index.php?rest_route=%2Fwp%2Fv2%2Fmedia&parent=36046"}],"wp:term":[{"taxonomy":"category","embeddable":true,"href":"https:\/\/diariodominicano.com\/index.php?rest_route=%2Fwp%2Fv2%2Fcategories&post=36046"},{"taxonomy":"post_tag","embeddable":true,"href":"https:\/\/diariodominicano.com\/index.php?rest_route=%2Fwp%2Fv2%2Ftags&post=36046"}],"curies":[{"name":"wp","href":"https:\/\/api.w.org\/{rel}","templated":true}]}}