{"id":36043,"date":"2008-06-10T00:23:51","date_gmt":"2008-06-10T00:23:51","guid":{"rendered":"http:\/\/diariodominicano.ddns.net\/?p=36043"},"modified":"2008-06-10T00:23:51","modified_gmt":"2008-06-10T00:23:51","slug":"el-lider-politico-frente-al-clientelismo-y-sus-seguidores","status":"publish","type":"post","link":"https:\/\/diariodominicano.com\/?p=36043","title":{"rendered":"El L\u00edder pol\u00edtico frente al clientelismo y sus seguidores"},"content":{"rendered":"<p><body><\/p>\n<p class=\"titulogrande1\"><strong>El L\u00edder pol\u00edtico  frente al clientelismo y sus seguidores\u00a0\u00a0\u00a0  \u00a0<\/strong><\/p>\n<p>&#13;<\/p>\n<p align=\"justify\"><span class=\"text1noticias\">Todos  sabemos que los l\u00edderes en muchas ocasiones utilizan procedimientos privados  que pueden consistir en hacerles\u00a0 favores  a sus conciudadanos. De esta forma consiguen, por medio de los mismos, que las  personas favorecidas se conviertan en \u00a0sus seguidores en el terreno pol\u00edtico. Las  otras dos formas de conseguir adeptos o seguidores es\u00a0 haciendo una buena gesti\u00f3n de gobierno, que  le gane el apoyo de la mayor\u00eda de la gente. Otra forma de adhesi\u00f3n es la que se  consigue por las cualidades sobresalientes\u00a0  que \u00e9ste pueda exhibir en el seno de la sociedad y sus conciudadanos,  sin embargo, producto del clientelismo acentuado que exhiben casi todas\u00a0 las organizaciones pol\u00edticas del pa\u00eds, ese  tipo de adhesi\u00f3n tiene menor vigencia en la actualidad. <\/span><\/p>\n<p>&#13;<\/p>\n<p align=\"justify\" class=\"text1noticias\">Aunque debemos puntualizar que el l\u00edder  sobresaliente ser\u00e1 un punto de referencia fundamental en los momentos de crisis  social y econ\u00f3mica por lo que atraviesan las sociedades. En ese tipo de  coyunturas, aun y existiendo un modelo y un m\u00e9todo\u00a0 clientelista de hacer pol\u00edtica, prevalecer\u00e1n  los lideres con condiciones propias, naturales y\u00a0 sobresalientes.<\/p>\n<p>&#13;<\/p>\n<p align=\"justify\" class=\"text1noticias\">Los m\u00e9todos clientelitas que ponen en  pr\u00e1ctica muchos l\u00edderes desde el gobierno los ayuda a sumar grandes cantidades  de seguidores que buscan conseguir ser tomados en cuenta para una ayuda o un  beneficio proveniente del Estado. Con ese comportamiento de favorecer amigos y  seguidores los lideres consiguen crearse una imagen positiva frente a esos  n\u00facleos de personas, no as\u00ed en la sociedad en general, ya que ante una actitud  semejante\u00a0 del l\u00edder la gente la tolera  hasta ciertos limites, pero la aborrece cuando \u00e9sta se convierte en corrupci\u00f3n,  que distrae grandes fondos p\u00fablicos para alimentar el parasitismo de los grupos  burocr\u00e1ticos que hacen vida en el Estado, en vez de favorecer a la sociedad en  general con pol\u00edticas publicas que favorezcan el fomento de la educaci\u00f3n, el  empleo, la vivienda y la salud.\u00a0\u00a0\u00a0\u00a0\u00a0\u00a0\u00a0\u00a0\u00a0\u00a0\u00a0\u00a0\u00a0\u00a0\u00a0\u00a0\u00a0\u00a0\u00a0\u00a0\u00a0\u00a0\u00a0\u00a0\u00a0\u00a0\u00a0\u00a0\u00a0\u00a0\u00a0\u00a0\u00a0\u00a0\u00a0\u00a0\u00a0\u00a0\u00a0\u00a0\u00a0\u00a0\u00a0\u00a0\u00a0\u00a0\u00a0\u00a0\u00a0\u00a0\u00a0\u00a0\u00a0\u00a0\u00a0\u00a0\u00a0\u00a0  \u00a0\u00a0\u00a0\u00a0\u00a0\u00a0\u00a0\u00a0\u00a0\u00a0\u00a0<br \/>&#13;<br \/>\n\u00a0\u00a0\u00a0\u00a0\u00a0\u00a0\u00a0\u00a0\u00a0\u00a0\u00a0\u00a0\u00a0\u00a0\u00a0\u00a0\u00a0\u00a0\u00a0\u00a0\u00a0\u00a0\u00a0\u00a0\u00a0\u00a0\u00a0\u00a0\u00a0\u00a0\u00a0\u00a0\u00a0\u00a0\u00a0\u00a0\u00a0\u00a0\u00a0\u00a0\u00a0\u00a0\u00a0\u00a0\u00a0\u00a0\u00a0\u00a0\u00a0\u00a0\u00a0\u00a0\u00a0\u00a0\u00a0\u00a0\u00a0\u00a0\u00a0\u00a0\u00a0\u00a0\u00a0 <br \/>&#13;<br \/>\nEl l\u00edder, con relaci\u00f3n a sus seguidores, es  la gu\u00eda principal, y es una condici\u00f3n necesaria para la existencia y cohesi\u00f3n  del grupo, ya que no hay nada m\u00e1s d\u00e9bil que una multitud suelta y sin cabeza,  ya que con facilidad se le puede vencer y reducir si no existe una persona que  la encabece. En ese momento es que se hace necesario que las masas o los  seguidores de un l\u00edder encuentren un liderazgo centralizador y carism\u00e1tico que  gu\u00ede y mantenga unido al grupo y piense en su defensa, desarrollo y  crecimiento.\u00a0 <br \/>&#13;<br \/>\n\u00a0\u00a0\u00a0\u00a0\u00a0\u00a0\u00a0\u00a0\u00a0\u00a0\u00a0\u00a0\u00a0\u00a0\u00a0\u00a0\u00a0\u00a0\u00a0\u00a0\u00a0\u00a0\u00a0\u00a0\u00a0\u00a0\u00a0\u00a0\u00a0\u00a0\u00a0\u00a0\u00a0\u00a0\u00a0\u00a0\u00a0\u00a0\u00a0\u00a0\u00a0\u00a0\u00a0\u00a0\u00a0\u00a0\u00a0\u00a0\u00a0\u00a0\u00a0\u00a0\u00a0\u00a0\u00a0\u00a0\u00a0\u00a0\u00a0\u00a0\u00a0\u00a0\u00a0\u00a0\u00a0\u00a0\u00a0\u00a0\u00a0\u00a0\u00a0\u00a0\u00a0\u00a0\u00a0\u00a0\u00a0\u00a0\u00a0\u00a0\u00a0\u00a0\u00a0\u00a0\u00a0\u00a0\u00a0\u00a0\u00a0\u00a0\u00a0\u00a0\u00a0\u00a0\u00a0\u00a0\u00a0\u00a0\u00a0\u00a0\u00a0\u00a0\u00a0\u00a0\u00a0\u00a0\u00a0\u00a0\u00a0\u00a0 <br \/>&#13;<br \/>\nNada m\u00e1s efectivo para poner freno y  controlar a una multitud desorganizada que el respeto que infunde\u00a0 un hombre de car\u00e1cter, que proyecta autoridad  en sus disposiciones y actuaciones frente a las masas. Por eso cuando las masas  luchan por objetivos comunes el l\u00edder como gu\u00eda es una condici\u00f3n necesaria para  aglutinar a los grupos en\u00a0 luchas. No  debemos perder de vista, adem\u00e1s que los pueblos se gu\u00edan por lo que la voz  p\u00fablica\u00a0 dice de un hombre sobresaliente.  <br \/>&#13;<br \/>\n<br \/>&#13;<br \/>\nCuando a un hombre destacado se le reconoce por sus actuaciones sobresalientes  en el campo de la lucha pol\u00edtica y la gente tiene conocimiento de esas  cualidades, lo m\u00e1s aconsejable es que las decisiones importantes en los  momentos de crisis social o pol\u00edtica sean confiadas a l\u00edderes sobresalientes. <br \/>&#13;<br \/>\n\u00a0\u00a0\u00a0\u00a0\u00a0\u00a0\u00a0\u00a0\u00a0\u00a0\u00a0\u00a0\u00a0\u00a0\u00a0\u00a0\u00a0\u00a0\u00a0\u00a0\u00a0\u00a0\u00a0\u00a0\u00a0\u00a0\u00a0\u00a0\u00a0\u00a0\u00a0\u00a0\u00a0\u00a0\u00a0\u00a0\u00a0\u00a0\u00a0\u00a0\u00a0\u00a0\u00a0\u00a0\u00a0\u00a0\u00a0\u00a0\u00a0\u00a0\u00a0\u00a0\u00a0\u00a0\u00a0\u00a0\u00a0\u00a0\u00a0\u00a0\u00a0\u00a0\u00a0\u00a0\u00a0\u00a0  \u00a0<br \/>&#13;<br \/>\nHay un aspecto que todo l\u00edder debe tomar en  cuenta, y es el que tiene que ver con sus seguidores, una vez se llega al  gobierno, el l\u00edder debe reconocer, no s\u00f3lo a la parte de la sociedad que lo  llev\u00f3 al poder, sino tambi\u00e9n a la parte de la sociedad que no vot\u00f3 por \u00e9l.\u00a0\u00a0\u00a0 <br \/>&#13;<br \/>\n\u00a0\u00a0\u00a0\u00a0\u00a0\u00a0\u00a0\u00a0\u00a0\u00a0\u00a0\u00a0\u00a0\u00a0\u00a0\u00a0\u00a0\u00a0\u00a0\u00a0\u00a0\u00a0\u00a0\u00a0\u00a0\u00a0\u00a0\u00a0\u00a0\u00a0\u00a0\u00a0\u00a0\u00a0\u00a0\u00a0\u00a0\u00a0\u00a0\u00a0\u00a0\u00a0\u00a0\u00a0\u00a0\u00a0\u00a0\u00a0\u00a0\u00a0\u00a0\u00a0\u00a0\u00a0\u00a0\u00a0\u00a0\u00a0\u00a0\u00a0\u00a0\u00a0\u00a0\u00a0\u00a0\u00a0\u00a0\u00a0\u00a0\u00a0\u00a0\u00a0\u00a0\u00a0\u00a0\u00a0\u00a0\u00a0\u00a0\u00a0\u00a0\u00a0\u00a0\u00a0\u00a0\u00a0\u00a0\u00a0\u00a0\u00a0\u00a0\u00a0\u00a0\u00a0\u00a0\u00a0\u00a0\u00a0\u00a0\u00a0\u00a0\u00a0\u00a0\u00a0\u00a0\u00a0\u00a0\u00a0\u00a0\u00a0\u00a0\u00a0\u00a0\u00a0\u00a0\u00a0\u00a0\u00a0\u00a0\u00a0 <br \/>&#13;<br \/>\nEl reconocimiento que el l\u00edder debe hacer  tanto de sus seguidores\u00a0 como a la  mayor\u00eda de la sociedad\u00a0 tiene una diferencia  fundamental. En el caso de los seguidores, el l\u00edder debe conocer las virtudes y  debilidades, porque de \u00e9sta forma est\u00e1 en condiciones de asignarles tareas o  funciones que se correspondan con sus capacidades y destrezas, <\/p>\n<p>&#13;<\/p>\n<p align=\"justify\" class=\"text1noticias\">Cuando el l\u00edder pierde de vista estos  aspectos\u00a0 puede cometer injusticias con  sus seguidores y a la vez puede cometer errores porque si asigna funciones que  el designado no est\u00e1 en capacidad de realizar, sea en el partido o en el  gobierno, no s\u00f3lo retraza tareas partidarias o gubernamentales, sino tambi\u00e9n  que los objetivos o metas del l\u00edder pueden verse seriamente afectados. Si esto  ocurre en la instituci\u00f3n pol\u00edtica que preside el l\u00edder las tareas partidarias  sufrir\u00edan mermas en cuanto a los objetivos proyectados y en el caso del gobierno  si la incapacidad de las personas designadas \u00a0fuese la que predominara en el gobierno, es  evidente que si esa fuese la realidad\u00a0 la  misma retraza el crecimiento y desarrollo del Estado.<\/p>\n<p>&#13;<\/p>\n<p align=\"justify\" class=\"text1noticias\">El reconocimiento por parte del l\u00edder hacia  la sociedad en general, que lo ha llevado al gobierno, debe consistir en  trabajar para\u00a0 que aquellas promesas que  \u00e9ste hizo antes de llegar al Estado sean cumplidas en un porcentaje importante,  ya que si el l\u00edder se olvida de sus promesas de campa\u00f1a y asume un  comportamiento que en acciones y decisiones\u00a0  perjudica a la gente, es evidente que la reacci\u00f3n de la sociedad ser\u00e1  falta de entusiasmo para apoyar a ese l\u00edder en jornadas pol\u00edticas futuras. Por  eso, el reconocimiento del l\u00edder\u00a0 hacia  su gente\u00a0 tiene una importancia capital,  tanto en su crecimiento pol\u00edtico como en la conservaci\u00f3n del espacio social y  pol\u00edtico ganado.\u00a0\u00a0\u00a0\u00a0\u00a0\u00a0\u00a0\u00a0\u00a0\u00a0\u00a0\u00a0\u00a0\u00a0\u00a0\u00a0\u00a0\u00a0\u00a0\u00a0\u00a0\u00a0\u00a0\u00a0\u00a0\u00a0\u00a0\u00a0\u00a0\u00a0\u00a0\u00a0\u00a0\u00a0\u00a0\u00a0\u00a0\u00a0\u00a0\u00a0\u00a0 <\/p>\n<p>&#13;<\/p>\n<p align=\"justify\" class=\"text1noticias\">Cuando un l\u00edder no conoce\u00a0 las bondades y debilidades de sus seguidores,  debe hacer un esfuerzo por conocer estas cualidades y de tratar de averiguar su  comportamiento, tanto en sus actuaciones privadas y publicas. Cuando un l\u00edder  conoce la capacidad de sus seguidores cercanos, puede actuar con conocimiento  de causas al momento de asignarles funciones o tareas de gobierno.\u00a0\u00a0\u00a0\u00a0\u00a0\u00a0\u00a0\u00a0\u00a0\u00a0\u00a0\u00a0\u00a0\u00a0\u00a0\u00a0\u00a0\u00a0\u00a0\u00a0\u00a0\u00a0\u00a0\u00a0\u00a0\u00a0\u00a0\u00a0\u00a0\u00a0\u00a0\u00a0\u00a0\u00a0\u00a0\u00a0\u00a0\u00a0\u00a0 <br \/>&#13;<br \/>\n\u00a0\u00a0\u00a0\u00a0\u00a0\u00a0\u00a0\u00a0\u00a0\u00a0\u00a0\u00a0\u00a0\u00a0\u00a0\u00a0\u00a0\u00a0\u00a0\u00a0\u00a0\u00a0\u00a0\u00a0\u00a0\u00a0\u00a0\u00a0\u00a0\u00a0\u00a0\u00a0\u00a0\u00a0\u00a0\u00a0\u00a0\u00a0\u00a0\u00a0\u00a0\u00a0\u00a0\u00a0\u00a0\u00a0\u00a0\u00a0\u00a0\u00a0\u00a0\u00a0\u00a0\u00a0\u00a0\u00a0\u00a0\u00a0\u00a0\u00a0\u00a0\u00a0\u00a0\u00a0\u00a0\u00a0\u00a0\u00a0\u00a0\u00a0\u00a0\u00a0\u00a0\u00a0\u00a0\u00a0\u00a0\u00a0 <br \/>&#13;<br \/>\nCuando  a una persona del grupo se le asigna una funci\u00f3n de acuerdo a la capacidad,  \u00e9ste puede realizarla con mayor eficiencia y vocaci\u00f3n, ya que de esa forma esa  persona se sentir\u00e1 reconocida y valorada por el l\u00edder, en caso contrario este  sentir\u00e1 que no se le ha reconocido en la dimensi\u00f3n que \u00e9l merece y su trabajo  no ser\u00e1 tan eficiente como cuando se siente reconocido y eso se traduce en  merma en la simpat\u00eda de quien ocupa el puesto mando principal en la  organizaci\u00f3n.\u00a0\u00a0\u00a0\u00a0\u00a0\u00a0\u00a0\u00a0\u00a0\u00a0\u00a0\u00a0\u00a0\u00a0\u00a0\u00a0 <\/p>\n<p>&#13;<\/p>\n<p align=\"justify\" class=\"text1noticias\">El l\u00edder que desea seguir creciendo en la  estima de sus gentes como en el aprecio de la sociedad en general debe, por  necesidad , utilizar el reconocimiento, tanto a lo interno como a lo externo de  su grupo, ya que si no lo hace su espacio social y pol\u00edtico se ir\u00e1 reduciendo  de m\u00e1s en m\u00e1s.\u00a0\u00a0 <\/p>\n<p>&#13;<\/p>\n<div align=\"justify\" class=\"text1noticias\"><strong>Evelio  Arroyo es Soci\u00f3logo, Abogado y Escritor. Estos temas son publicados del libro \u201cLideres y Liderazgos\u201d de su autor\u00eda.<\/strong><\/div>\n<p>&#13;<\/p>\n<h6> 2008-06-10 00:23:51 <\/h6>\n<p><!--\n<link rel=\"stylesheet\" href=\"css\/bootstrap.min.css\">\n\n\n<ul class=\"pagination\">\n\t    \n\t\n\n<li >\n\t<a href='?page_no=11945'>Previous<\/a>\n\t<\/li>\n\n\n       \n    \n\n<li><a href='?page_no=1'>1<\/a><\/li>\n\n\n\n<li><a href='?page_no=2'>2<\/a><\/li>\n\n\n\n<li><a>...<\/a><\/li>\n\n\n\n<li><a href='?page_no=11944'>11944<\/a><\/li>\n\n\n\n<li><a href='?page_no=11945'>11945<\/a><\/li>\n\n\n\n<li class='active'><a>11946<\/a><\/li>\n\n\n\n<li><a href='?page_no=11947'>11947<\/a><\/li>\n\n\n\n<li><a href='?page_no=11948'>11948<\/a><\/li>\n\n\n\n<li><a>...<\/a><\/li>\n\n\n\n<li><a href='?page_no=13611'>13611<\/a><\/li>\n\n\n\n<li><a href='?page_no=13612'>13612<\/a><\/li>\n\n    \n\t\n\n<li >\n\t<a href='?page_no=11947'>Next<\/a>\n\t<\/li>\n\n\n    \n\n<li><a href='?page_no=13612'>Last &rsaquo;&rsaquo;<\/a><\/li>\n\n<\/ul>\n\n\n--><br \/>\n<\/body><\/p>\n","protected":false},"excerpt":{"rendered":"<p>El L\u00edder pol\u00edtico frente al clientelismo y sus seguidores\u00a0\u00a0\u00a0 \u00a0 &#13; Todos sabemos que los l\u00edderes en muchas ocasiones utilizan procedimientos privados que pueden consistir en hacerles\u00a0 favores a sus conciudadanos. De esta forma consiguen, por medio de los mismos, que las personas favorecidas se conviertan en \u00a0sus seguidores en el terreno pol\u00edtico. Las otras [&hellip;]<\/p>\n","protected":false},"author":3,"featured_media":0,"comment_status":"open","ping_status":"open","sticky":false,"template":"","format":"standard","meta":{"footnotes":""},"categories":[16],"tags":[],"class_list":["post-36043","post","type-post","status-publish","format-standard","hentry","category-opiniones"],"_links":{"self":[{"href":"https:\/\/diariodominicano.com\/index.php?rest_route=\/wp\/v2\/posts\/36043","targetHints":{"allow":["GET"]}}],"collection":[{"href":"https:\/\/diariodominicano.com\/index.php?rest_route=\/wp\/v2\/posts"}],"about":[{"href":"https:\/\/diariodominicano.com\/index.php?rest_route=\/wp\/v2\/types\/post"}],"author":[{"embeddable":true,"href":"https:\/\/diariodominicano.com\/index.php?rest_route=\/wp\/v2\/users\/3"}],"replies":[{"embeddable":true,"href":"https:\/\/diariodominicano.com\/index.php?rest_route=%2Fwp%2Fv2%2Fcomments&post=36043"}],"version-history":[{"count":0,"href":"https:\/\/diariodominicano.com\/index.php?rest_route=\/wp\/v2\/posts\/36043\/revisions"}],"wp:attachment":[{"href":"https:\/\/diariodominicano.com\/index.php?rest_route=%2Fwp%2Fv2%2Fmedia&parent=36043"}],"wp:term":[{"taxonomy":"category","embeddable":true,"href":"https:\/\/diariodominicano.com\/index.php?rest_route=%2Fwp%2Fv2%2Fcategories&post=36043"},{"taxonomy":"post_tag","embeddable":true,"href":"https:\/\/diariodominicano.com\/index.php?rest_route=%2Fwp%2Fv2%2Ftags&post=36043"}],"curies":[{"name":"wp","href":"https:\/\/api.w.org\/{rel}","templated":true}]}}